{"id":203929,"date":"2025-06-25T19:10:11","date_gmt":"2025-06-25T19:10:11","guid":{"rendered":"https:\/\/www.europesays.com\/fr\/203929\/"},"modified":"2025-06-25T19:10:11","modified_gmt":"2025-06-25T19:10:11","slug":"pour-benyamin-netanyahou-la-guerre-avec-liran-sacheve-en-demi-teinte","status":"publish","type":"post","link":"https:\/\/www.europesays.com\/fr\/203929\/","title":{"rendered":"Pour Benyamin Netanyahou, la guerre avec l\u2019Iran s\u2019ach\u00e8ve en demi-teinte"},"content":{"rendered":"<p><strong>D\u00c9CRYPTAGE &#8211; <\/strong>Le premier ministre isra\u00e9lien revendique \u00abune victoire historique\u00bb, mais il est fragilis\u00e9 sur la sc\u00e8ne internationale, et en Isra\u00ebl.<\/p>\n<p class=\"fig-paragraph\">Sit\u00f4t\u00a0<a href=\"http:\/\/www.lefigaro.fr\/international\/trump-annonce-un-cessez-le-feu-entre-israel-et-l-iran-20250624\" target=\"_blank\" data-fig-type=\"Article\" rel=\"noopener\" data-gtm-custom-categorie=\"navigation\" data-gtm-custom-action=\"crossclick\" data-gtm-custom-label=\"Contextuel\" data-gtm-event=\"customEventSPE\" data-fig-domain=\"LEFIGARO\">le\u00a0cessez-le-feu avec l\u2019Iran\u00a0obtenu<\/a>, la vie a repris ses droits\u00a0<a href=\"http:\/\/www.lefigaro.fr\/international\/apres-le-cessez-le-feu-obtenu-par-donald-trump-israel-se-voit-en-vainqueur-de-la-guerre-20250624\" target=\"_blank\" data-fig-type=\"Article\" rel=\"noopener\" data-gtm-custom-categorie=\"navigation\" data-gtm-custom-action=\"crossclick\" data-gtm-custom-label=\"Contextuel\" data-gtm-event=\"customEventSPE\" data-fig-domain=\"LEFIGARO\">en Isra\u00ebl<\/a>. Comme si de rien n\u2019\u00e9tait, les \u00e9coles ont rouvert, l\u2019a\u00e9roport Ben-Gourion a repris son activit\u00e9 normale, les Isra\u00e9liens sont retourn\u00e9s au bureau. Mais l\u2019heure n\u2019est pas \u00e0 l\u2019euphorie. D\u00e9marr\u00e9e de mani\u00e8re \u00e9clatante, l\u2019op\u00e9ration Rising Lion se termine en demi-teinte.\u00a0<a href=\"http:\/\/www.lefigaro.fr\/international\/nucleaire-balistique-regime-des-mollahs-benyamin-netanyahou-a-t-il-rempli-ses-objectifs-de-guerre-en-iran-20250624\" target=\"_blank\" data-fig-type=\"Article\" rel=\"noopener\" data-gtm-custom-categorie=\"navigation\" data-gtm-custom-action=\"crossclick\" data-gtm-custom-label=\"Contextuel\" data-gtm-event=\"customEventSPE\" data-fig-domain=\"LEFIGARO\">Pour Benyamin Netanyahou<\/a>, la tr\u00eave impos\u00e9e avec fracas par Donald Trump a un go\u00fbt amer.<\/p>\n<p class=\"fig-paragraph\">Le premier ministre a beau revendiquer \u00ab\u00a0une victoire historique\u00a0\u00bb, le doute subsiste. Lanc\u00e9e le 13\u00a0juin, la guerre contre l\u2019Iran poursuivait deux objectifs\u00a0: la neutralisation du\u00a0<a href=\"http:\/\/www.lefigaro.fr\/international\/la-fin-du-statu-quo-nucleaire-iranien-dessine-une-nouvelle-ere-au-moyen-orient-20250622\" target=\"_blank\" data-fig-type=\"Article\" rel=\"noopener\" data-gtm-custom-categorie=\"navigation\" data-gtm-custom-action=\"crossclick\" data-gtm-custom-label=\"Contextuel\" data-gtm-event=\"customEventSPE\" data-fig-domain=\"LEFIGARO\">programme nucl\u00e9aire iranien<\/a>\u00a0et la destruction de l\u2019arsenal de missiles balistiques. Tous deux repr\u00e9sentaient, du point de vue isra\u00e9lien, une \u00ab\u00a0menace existentielle\u00a0\u00bb pour le pays. Dans un communiqu\u00e9 diffus\u00e9 mardi soir, Benyamin Netanyahou affirme que le programme nucl\u00e9aire a \u00e9t\u00e9 \u00ab\u00a0an\u00e9anti\u00a0\u00bb, gr\u00e2ce aux bombardements isra\u00e9liens et am\u00e9ricains sur les principaux sites iraniens\u2026<\/p>\n<p class=\"fig-premium-paywall__infos\">\n        Cet article est r\u00e9serv\u00e9 aux abonn\u00e9s.        Il vous reste 80% \u00e0 d\u00e9couvrir.\n    <\/p>\n<p>                <img  data- alt=\"Le Figaro\" class=\"fig-img--complete fig-img\"\/><\/p>\n<p class=\"fig-premium-paywall__title\">Vente Flash<\/p>\n<p class=\"fig-premium-paywall__subtitle\">3,99\u20ac par mois pendant 12 mois. Sans engagement.<\/p>\n<p class=\"fig-premium-paywall__connect\">\n                D\u00e9j\u00e0 abonn\u00e9\u00a0?                <a class=\"fig-premium-paywall__connect-link\" href=\"https:\/\/connect.lefigaro.fr\/login?client=horizon_web&amp;type=main&amp;redirect_uri=https%3A%2F%2Fwww.lefigaro.fr%2Finternational%2Fpour-benyamin-netanyahou-la-guerre-avec-l-iran-s-acheve-en-demi-teinte-20250625\" data-js-gtm=\"{&quot;customCategorie&quot;: &quot;conversion&quot;, &quot;customAction&quot;: &quot;before_Landing_Connexion_paywall_auto&quot;, &quot;customLabel&quot;: &quot;bGVmaWdhcm8uZnJfXzFmMDUxY2ZjLWMxYzAtNmU3OC04NGU0LWRiMmM2N2U2MTQ4Zl9fQXJ0aWNsZQ==_Pour Benyamin Netanyahou, la guerre avec l\u2019Iran s\u2019ach\u00e8ve en demi-teinte_568&quot;, &quot;customIDSPE&quot;: &quot;bGVmaWdhcm8uZnJfXzFmMDUxY2ZjLWMxYzAtNmU3OC04NGU0LWRiMmM2N2U2MTQ4Zl9fQXJ0aWNsZQ==&quot;, &quot;event&quot;: &quot;customEventSPE&quot;}\" target=\"_blank\" rel=\"noopener\"><br \/>\n                    Connectez-vous<br \/>\n                <\/a>\n            <\/p>\n","protected":false},"excerpt":{"rendered":"D\u00c9CRYPTAGE &#8211; Le premier ministre isra\u00e9lien revendique \u00abune victoire historique\u00bb, mais il est fragilis\u00e9 sur la sc\u00e8ne internationale,&hellip;\n","protected":false},"author":2,"featured_media":203930,"comment_status":"","ping_status":"","sticky":false,"template":"","format":"standard","meta":{"footnotes":""},"categories":[2],"tags":[259,11,260,3448,1011,27,14,3019,664,261,12,262],"class_list":{"0":"post-203929","1":"post","2":"type-post","3":"status-publish","4":"format-standard","5":"has-post-thumbnail","7":"category-actualites","8":"tag-actualite-internationale","9":"tag-actualites","10":"tag-affaires-etrangeres","11":"tag-benjamin-netanyahou","12":"tag-fr","13":"tag-france","14":"tag-international","15":"tag-iran","16":"tag-israel","17":"tag-ministere-des-affaires-etrangeres","18":"tag-news","19":"tag-politique-etrangere"},"share_on_mastodon":{"url":"https:\/\/pubeurope.com\/@fr\/114745588205541497","error":""},"_links":{"self":[{"href":"https:\/\/www.europesays.com\/fr\/wp-json\/wp\/v2\/posts\/203929","targetHints":{"allow":["GET"]}}],"collection":[{"href":"https:\/\/www.europesays.com\/fr\/wp-json\/wp\/v2\/posts"}],"about":[{"href":"https:\/\/www.europesays.com\/fr\/wp-json\/wp\/v2\/types\/post"}],"author":[{"embeddable":true,"href":"https:\/\/www.europesays.com\/fr\/wp-json\/wp\/v2\/users\/2"}],"replies":[{"embeddable":true,"href":"https:\/\/www.europesays.com\/fr\/wp-json\/wp\/v2\/comments?post=203929"}],"version-history":[{"count":0,"href":"https:\/\/www.europesays.com\/fr\/wp-json\/wp\/v2\/posts\/203929\/revisions"}],"wp:featuredmedia":[{"embeddable":true,"href":"https:\/\/www.europesays.com\/fr\/wp-json\/wp\/v2\/media\/203930"}],"wp:attachment":[{"href":"https:\/\/www.europesays.com\/fr\/wp-json\/wp\/v2\/media?parent=203929"}],"wp:term":[{"taxonomy":"category","embeddable":true,"href":"https:\/\/www.europesays.com\/fr\/wp-json\/wp\/v2\/categories?post=203929"},{"taxonomy":"post_tag","embeddable":true,"href":"https:\/\/www.europesays.com\/fr\/wp-json\/wp\/v2\/tags?post=203929"}],"curies":[{"name":"wp","href":"https:\/\/api.w.org\/{rel}","templated":true}]}}