{"id":203931,"date":"2025-06-25T19:11:15","date_gmt":"2025-06-25T19:11:15","guid":{"rendered":"https:\/\/www.europesays.com\/fr\/203931\/"},"modified":"2025-06-25T19:11:15","modified_gmt":"2025-06-25T19:11:15","slug":"85-millions-deuros-ont-beneficie-a-146-projets","status":"publish","type":"post","link":"https:\/\/www.europesays.com\/fr\/203931\/","title":{"rendered":"85\u00a0millions d\u2019euros ont b\u00e9n\u00e9fici\u00e9 \u00e0 146 projets"},"content":{"rendered":"<p>Cr\u00e9ation d\u2019\u00e9quipements sportifs et de loisirs, construction ou r\u00e9novation d\u2019\u00e9coles, de cr\u00e8ches ou de centres de loisirs, modernisation de l\u2019\u00e9clairage public, r\u00e9novation thermique de b\u00e2timents, am\u00e9nagement d\u2019espaces publics\u2026<\/p>\n<p>Voici quelques exemples de r\u00e9alisations qui ont \u00e9t\u00e9 rendues possibles, ces deux ou trois derni\u00e8res ann\u00e9es, par le Plan de relance m\u00e9tropolitain dans les cinquante-trois communes de Saint-\u00c9tienne M\u00e9tropole.<\/p>\n<p>Un plan prolong\u00e9 de six mois<\/p>\n<p>D\u00e9cid\u00e9 au sortir de la crise du Covid pour soutenir la reprise de l\u2019\u00e9conomie locale, <a href=\"https:\/\/www.leprogres.fr\/economie\/2020\/06\/17\/la-metropole-met-en-place-un-plan-de-relance-economique-de-300-millions-d-euros\" target=\"_blank\" rel=\"nofollow noopener\">ce Plan de relance pr\u00e9voyait une enveloppe globale de 320\u00a0millions d\u2019euros<\/a> (M\u20ac), dont un fonds de concours de 53\u00a0M\u20ac d\u00e9di\u00e9 \u00e0 des projets d\u2019investissement port\u00e9s par les&#8230;<\/p>\n","protected":false},"excerpt":{"rendered":"Cr\u00e9ation d\u2019\u00e9quipements sportifs et de loisirs, construction ou r\u00e9novation d\u2019\u00e9coles, de cr\u00e8ches ou de centres de loisirs, modernisation&hellip;\n","protected":false},"author":2,"featured_media":203932,"comment_status":"","ping_status":"","sticky":false,"template":"","format":"standard","meta":{"footnotes":""},"categories":[9653],"tags":[1111,11,2430,7539,1777,674,107,1011,27,3367,12,316,25,4001,7538],"class_list":{"0":"post-203931","1":"post","2":"type-post","3":"status-publish","4":"format-standard","5":"has-post-thumbnail","7":"category-saint-etienne","8":"tag-actu","9":"tag-actualites","10":"tag-auvergne-rhone-alpes","11":"tag-edition-loire-sud","12":"tag-eu","13":"tag-europe","14":"tag-fil-info","15":"tag-fr","16":"tag-france","17":"tag-loire","18":"tag-news","19":"tag-politique","20":"tag-republique-francaise","21":"tag-saint-etienne","22":"tag-saint-etienne-ville"},"share_on_mastodon":{"url":"https:\/\/pubeurope.com\/@fr\/114745592064386862","error":""},"_links":{"self":[{"href":"https:\/\/www.europesays.com\/fr\/wp-json\/wp\/v2\/posts\/203931","targetHints":{"allow":["GET"]}}],"collection":[{"href":"https:\/\/www.europesays.com\/fr\/wp-json\/wp\/v2\/posts"}],"about":[{"href":"https:\/\/www.europesays.com\/fr\/wp-json\/wp\/v2\/types\/post"}],"author":[{"embeddable":true,"href":"https:\/\/www.europesays.com\/fr\/wp-json\/wp\/v2\/users\/2"}],"replies":[{"embeddable":true,"href":"https:\/\/www.europesays.com\/fr\/wp-json\/wp\/v2\/comments?post=203931"}],"version-history":[{"count":0,"href":"https:\/\/www.europesays.com\/fr\/wp-json\/wp\/v2\/posts\/203931\/revisions"}],"wp:featuredmedia":[{"embeddable":true,"href":"https:\/\/www.europesays.com\/fr\/wp-json\/wp\/v2\/media\/203932"}],"wp:attachment":[{"href":"https:\/\/www.europesays.com\/fr\/wp-json\/wp\/v2\/media?parent=203931"}],"wp:term":[{"taxonomy":"category","embeddable":true,"href":"https:\/\/www.europesays.com\/fr\/wp-json\/wp\/v2\/categories?post=203931"},{"taxonomy":"post_tag","embeddable":true,"href":"https:\/\/www.europesays.com\/fr\/wp-json\/wp\/v2\/tags?post=203931"}],"curies":[{"name":"wp","href":"https:\/\/api.w.org\/{rel}","templated":true}]}}