{"id":203933,"date":"2025-06-25T19:12:19","date_gmt":"2025-06-25T19:12:19","guid":{"rendered":"https:\/\/www.europesays.com\/fr\/203933\/"},"modified":"2025-06-25T19:12:19","modified_gmt":"2025-06-25T19:12:19","slug":"les-supporters-de-lasse-sont-heureux-mais-prudents","status":"publish","type":"post","link":"https:\/\/www.europesays.com\/fr\/203933\/","title":{"rendered":"les supporters de l\u2019ASSE sont \u00ab\u00a0heureux\u00a0\u00bb mais \u00ab\u00a0prudents\u00a0\u00bb"},"content":{"rendered":"<p>\u00ab\u00a0Je suis heureux de voir Lyon descendre, mais pour le moment, j\u2019ai un peu de mal \u00e0 y croire\u00a0\u00bb, explique Arnaud, 25 ans, abonn\u00e9 au Kop Nord.<\/p>\n<p>Ce mardi 24\u00a0juin, dans la soir\u00e9e, <a href=\"https:\/\/www.leprogres.fr\/sport\/2025\/06\/24\/coup-de-tonnerre-la-dncg-retrograde-l-ol-en-ligue-2\" target=\"_blank\" rel=\"noopener\">la DNCG a annonc\u00e9 la r\u00e9trogradation de l\u2019Olympique Lyonnais en Ligue 2<\/a>. \u00c0 Saint-\u00c9tienne, la nouvelle n\u2019est pas pass\u00e9e inaper\u00e7ue et ce mercredi matin, au centre d\u2019entra\u00eenement de l\u2019ASSE, \u00e0 L\u2019\u00c9trat, les supporters n\u2019ont pas cach\u00e9 leur plaisir de voir le rival lyonnais dans une telle situation, bien qu\u2019ils restent sceptiques.<\/p>\n<p>\u00ab Je pense qu&rsquo;ils r\u00e9ussiront \u00e0 se sauver\u00a0\u00bb<\/p>\n<p>\u00ab\u00a0\u00c7a fait toujours plaisir de les voir dans une situation difficile. Mais <a href=\"https:\/\/www.leprogres.fr\/sport\/2025\/06\/25\/retrogradation-en-ligue-2-l-ol-dans-les-starting-blocks-pour-faire-appel\" target=\"_blank\" rel=\"noopener\">ils vont s\u00fbrement faire appel<\/a> et je pense qu\u2019ils r\u00e9ussiront \u00e0 se sauver\u00a0\u00bb, commente Axel, 26 ans, venu regarder les joueurs st\u00e9phanois s\u2019entra\u00eener.<\/p>\n<p>C\u2019est aussi le cas de Jean-Paul, retrait\u00e9, qui est descendu de Paris. Selon lui, la r\u00e9trogradation du club rhodanien est \u00ab\u00a0un sacr\u00e9 retournement de situation et peut-\u00eatre, une belle opportunit\u00e9 pour le club st\u00e9phanois\u00a0\u00bb, insiste-t-il.<\/p>\n<p>  \u00ab\u00a0Je ne souhaite pas revivre la saison derni\u00e8re\u00a0\u00bb<\/p>\n<p>En effet, si la r\u00e9trogradation de l\u2019Olympique Lyonnais, venait \u00e0 se confirmer, l\u2019ASSE figurerait en deuxi\u00e8me position des clubs rep\u00each\u00e9s, apr\u00e8s le Stade de Reims, et pourrait donc r\u00eaver d\u2019un concours de circonstances en sa faveur.<\/p>\n<p>Cependant, les supporters st\u00e9phanois sont mitig\u00e9s quant \u00e0 une \u00e9ventuelle remont\u00e9e des Verts en Ligue 1\u00a0: \u00ab\u00a0Ce serait moche de se maintenir de cette mani\u00e8re-l\u00e0\u00a0\u00bb, d\u00e9plore Axel. Pour Arnaud, \u00ab\u00a0il vaut mieux faire une bonne saison en Ligue 2, plut\u00f4t que de remonter en Ligue 1, sans \u00eatre r\u00e9ellement pr\u00eat\u00a0\u00bb, pense-t-il.<\/p>\n<p>Jean-Guy Riou, pr\u00e9sident de l\u2019union des supporters st\u00e9phanois (USS) pr\u00e9f\u00e8re rester mesur\u00e9 sur la rel\u00e9gation du rival lyonnais.<\/p>\n<p>\u00ab\u00a0Il faut rester prudent et regarder plus loin que le moment pr\u00e9sent. Forc\u00e9ment, je pr\u00e9f\u00e8re voir l\u2019ASSE en Ligue 1, mais le club est en train de b\u00e2tir une \u00e9quipe pour la Ligue 2, je ne souhaite pas revivre la saison derni\u00e8re. Alors \u00e9videmment, je ne vais pas pleurer la r\u00e9trogradation de Lyon en Ligue 2, mais je vois surtout un concurrent de plus \u00e0 la mont\u00e9e en Ligue 1 la saison prochaine. Cette descente lyonnaise pourrait nous amener plus d\u2019ennuis que d\u2019avantages\u00a0\u00bb, explique-t-il.<\/p>\n","protected":false},"excerpt":{"rendered":"\u00ab\u00a0Je suis heureux de voir Lyon descendre, mais pour le moment, j\u2019ai un peu de mal \u00e0 y&hellip;\n","protected":false},"author":2,"featured_media":203934,"comment_status":"","ping_status":"","sticky":false,"template":"","format":"standard","meta":{"footnotes":""},"categories":[9653],"tags":[1111,11,4000,2430,7539,2757,1777,674,107,63,1011,27,4002,3367,2428,12,2755,25,2429,4001,7538,517],"class_list":{"0":"post-203933","1":"post","2":"type-post","3":"status-publish","4":"format-standard","5":"has-post-thumbnail","7":"category-saint-etienne","8":"tag-actu","9":"tag-actualites","10":"tag-asse-as-saint-etienne-football","11":"tag-auvergne-rhone-alpes","12":"tag-edition-loire-sud","13":"tag-edition-lyon-villeurbanne","14":"tag-eu","15":"tag-europe","16":"tag-fil-info","17":"tag-football","18":"tag-fr","19":"tag-france","20":"tag-haute-loire","21":"tag-loire","22":"tag-lyon","23":"tag-news","24":"tag-ol-olympique-lyonnais-football","25":"tag-republique-francaise","26":"tag-rhone","27":"tag-saint-etienne","28":"tag-saint-etienne-ville","29":"tag-sport"},"share_on_mastodon":{"url":"https:\/\/pubeurope.com\/@fr\/114745595946594739","error":""},"_links":{"self":[{"href":"https:\/\/www.europesays.com\/fr\/wp-json\/wp\/v2\/posts\/203933","targetHints":{"allow":["GET"]}}],"collection":[{"href":"https:\/\/www.europesays.com\/fr\/wp-json\/wp\/v2\/posts"}],"about":[{"href":"https:\/\/www.europesays.com\/fr\/wp-json\/wp\/v2\/types\/post"}],"author":[{"embeddable":true,"href":"https:\/\/www.europesays.com\/fr\/wp-json\/wp\/v2\/users\/2"}],"replies":[{"embeddable":true,"href":"https:\/\/www.europesays.com\/fr\/wp-json\/wp\/v2\/comments?post=203933"}],"version-history":[{"count":0,"href":"https:\/\/www.europesays.com\/fr\/wp-json\/wp\/v2\/posts\/203933\/revisions"}],"wp:featuredmedia":[{"embeddable":true,"href":"https:\/\/www.europesays.com\/fr\/wp-json\/wp\/v2\/media\/203934"}],"wp:attachment":[{"href":"https:\/\/www.europesays.com\/fr\/wp-json\/wp\/v2\/media?parent=203933"}],"wp:term":[{"taxonomy":"category","embeddable":true,"href":"https:\/\/www.europesays.com\/fr\/wp-json\/wp\/v2\/categories?post=203933"},{"taxonomy":"post_tag","embeddable":true,"href":"https:\/\/www.europesays.com\/fr\/wp-json\/wp\/v2\/tags?post=203933"}],"curies":[{"name":"wp","href":"https:\/\/api.w.org\/{rel}","templated":true}]}}