{"id":203935,"date":"2025-06-25T19:13:11","date_gmt":"2025-06-25T19:13:11","guid":{"rendered":"https:\/\/www.europesays.com\/fr\/203935\/"},"modified":"2025-06-25T19:13:11","modified_gmt":"2025-06-25T19:13:11","slug":"le-departement-en-alerte-orange-ce-mercredi-parcs-et-guinguettes-ferment-a-22-h-a-nancy","status":"publish","type":"post","link":"https:\/\/www.europesays.com\/fr\/203935\/","title":{"rendered":"le d\u00e9partement en alerte orange ce mercredi, parcs et guinguettes ferment \u00e0 22 h \u00e0 Nancy"},"content":{"rendered":"<p>Des vents forts, avec des rafales pouvant atteindre 80\u00a0km\/h, sont annonc\u00e9s par <a href=\"https:\/\/www.estrepublicain.fr\/environnement\/2025\/06\/25\/orages-47-departements-en-vigilance-orange-a-partir-de-16h-ce-mercredi\" target=\"_blank\" rel=\"noopener\">M\u00e9t\u00e9o France<\/a> entre 23\u00a0h et 2\u00a0h, dans la nuit du 25 au 26\u00a0juin.<\/p>\n<p>\u00c0 titre de pr\u00e9caution, la Ville de Nancy a d\u00e9cid\u00e9 de\u00a0fermer parcs et jardins\u00a0\u00e0 22h. Ces espaces verts rouvriront exceptionnellement plus tard le jeudi matin, le temps pour les services municipaux d\u2019inspecter arbres et structures b\u00e2ties afin de garantir la s\u00e9curit\u00e9 des visiteurs.<\/p>\n<p>Guinguettes<\/p>\n<p>Concernant les guinguettes, celle situ\u00e9e place Carnot fermera \u00e0 son horaire habituel de 22h, tout comme celle des 2 Rives, qui femera plus t\u00f4t que son horaire habituel, \u00e9galement \u00e0 22 h.<\/p>\n<p>De son c\u00f4t\u00e9, la pr\u00e9fecture de Meurthe-et-Moselle a activ\u00e9 la vigilance orange concernant les orages, entre ce mercredi 25 juin \u00e0 22 h et jeudi 26 \u00e0 3 h.<\/p>\n<p>Peuvent \u00eatre attendues gr\u00eale, fortes rafales de vent, fortes pluies et forte activit\u00e9 \u00e9lectrique.<\/p>\n","protected":false},"excerpt":{"rendered":"Des vents forts, avec des rafales pouvant atteindre 80\u00a0km\/h, sont annonc\u00e9s par M\u00e9t\u00e9o France entre 23\u00a0h et 2\u00a0h,&hellip;\n","protected":false},"author":2,"featured_media":203936,"comment_status":"","ping_status":"","sticky":false,"template":"","format":"standard","meta":{"footnotes":""},"categories":[9635],"tags":[1111,11,1707,1704,1706,1705,1777,674,274,1011,27,775,8423,1702,1703,12,25,104],"class_list":{"0":"post-203935","1":"post","2":"type-post","3":"status-publish","4":"format-standard","5":"has-post-thumbnail","7":"category-nancy","8":"tag-actu","9":"tag-actualites","10":"tag-edition-luneville","11":"tag-edition-nancy-et-agglomeration","12":"tag-edition-pont-a-mousson","13":"tag-edition-toul","14":"tag-eu","15":"tag-europe","16":"tag-faits-divers-justice","17":"tag-fr","18":"tag-france","19":"tag-grand-est","20":"tag-meteorologie-climat","21":"tag-nancy","22":"tag-nancy-ville-54b","23":"tag-news","24":"tag-republique-francaise","25":"tag-societe"},"share_on_mastodon":{"url":"https:\/\/pubeurope.com\/@fr\/114745599941782522","error":""},"_links":{"self":[{"href":"https:\/\/www.europesays.com\/fr\/wp-json\/wp\/v2\/posts\/203935","targetHints":{"allow":["GET"]}}],"collection":[{"href":"https:\/\/www.europesays.com\/fr\/wp-json\/wp\/v2\/posts"}],"about":[{"href":"https:\/\/www.europesays.com\/fr\/wp-json\/wp\/v2\/types\/post"}],"author":[{"embeddable":true,"href":"https:\/\/www.europesays.com\/fr\/wp-json\/wp\/v2\/users\/2"}],"replies":[{"embeddable":true,"href":"https:\/\/www.europesays.com\/fr\/wp-json\/wp\/v2\/comments?post=203935"}],"version-history":[{"count":0,"href":"https:\/\/www.europesays.com\/fr\/wp-json\/wp\/v2\/posts\/203935\/revisions"}],"wp:featuredmedia":[{"embeddable":true,"href":"https:\/\/www.europesays.com\/fr\/wp-json\/wp\/v2\/media\/203936"}],"wp:attachment":[{"href":"https:\/\/www.europesays.com\/fr\/wp-json\/wp\/v2\/media?parent=203935"}],"wp:term":[{"taxonomy":"category","embeddable":true,"href":"https:\/\/www.europesays.com\/fr\/wp-json\/wp\/v2\/categories?post=203935"},{"taxonomy":"post_tag","embeddable":true,"href":"https:\/\/www.europesays.com\/fr\/wp-json\/wp\/v2\/tags?post=203935"}],"curies":[{"name":"wp","href":"https:\/\/api.w.org\/{rel}","templated":true}]}}