{"id":203945,"date":"2025-06-25T19:18:11","date_gmt":"2025-06-25T19:18:11","guid":{"rendered":"https:\/\/www.europesays.com\/fr\/203945\/"},"modified":"2025-06-25T19:18:11","modified_gmt":"2025-06-25T19:18:11","slug":"la-base-artistique-ouvre-ses-portes-dans-un-quartier-en-pleine-transformation","status":"publish","type":"post","link":"https:\/\/www.europesays.com\/fr\/203945\/","title":{"rendered":"la Base Artistique ouvre ses portes dans un quartier en pleine transformation"},"content":{"rendered":"<p>            Par<br \/>\n        <strong><br \/>\n            <a href=\"https:\/\/actu.fr\/auteur\/lea-pippinato\" title=\"Consulter tous les articles de L\u00e9a Pippinato\" target=\"_blank\" rel=\"noopener\">L\u00e9a Pippinato<\/a><br \/>\n        <\/strong><\/p>\n<p>        Publi\u00e9 le<\/p>\n<p>            25 juin 2025 \u00e0 20h29        <\/p>\n<p><strong>Ce vendredi 27 juin 2025<\/strong>, un nouveau tiers-lieu ouvre ses portes dans un endroit que peu auraient imagin\u00e9 voir transform\u00e9 un jour. Au 59 rue de l\u2019Industrie, \u00e0 l\u2019ombre de l\u2019ancien Lidl, na\u00eet la <strong>Montpellier Base Artistique<\/strong>, MBA pour les initi\u00e9s. Ancienne friche commerciale, ce site devient le terrain de jeu des collectifs montpelli\u00e9rains. Situ\u00e9 \u00e0 deux pas de l\u2019arr\u00eat de tram <strong>Restanque<\/strong>, il s\u2019impose d\u00e9j\u00e0 comme une <strong>nouvelle sc\u00e8ne culturelle<\/strong> dans un quartier en mutation :<strong> Montpellier Sud<\/strong>.<\/p>\n<p>    <a href=\"https:\/\/www.google.com\/maps\/embed?pb=!1m18!1m12!1m3!1d2889.817964180434!2d3.883030276458962!3d43.58950787110517!2m3!1f0!2f0!3f0!3m2!1i1024!2i768!4f13.1!3m3!1m2!1s0x12b6afc0217aec7f%3A0xed7c3632af9fe939!2s59%20Rue%20de%20l%27Industrie%2C%2034000%20Montpellier!5e0!3m2!1sfr!2sfr!4v1750857478428!5m2!1sfr!2sfr\" title=\"Ouvrie le lien\" target=\"_blank\" rel=\"noopener\">Cliquez ici pour visualiser le contenu<\/a><\/p>\n<p class=\" wall-content\">La structure est port\u00e9e par l\u2019association <strong>Bi\u00e8res d\u2019Occitanie<\/strong>, avec \u00e0 sa t\u00eate <strong>Antoine Blain<\/strong> et <strong>Jordi Tavoillot<\/strong>, figures bien connues du monde associatif et festif local. \u00ab On voulait cr\u00e9er un espace ouvert, simple, accessible et libre pour les collectifs, les artistes, les voisins. \u00bb L\u2019ouverture au public se fera du mardi au samedi, en soir\u00e9e.<\/p>\n<p>Un lieu brut, vivant et populaire<\/p>\n<p class=\" wall-content\">La MBA s\u2019installe dans un d\u00e9cor \u00e0 la fois minimaliste et familier. Les anciennes enseignes \u00ab\u00a0pain\u00a0\u00bb, \u00ab\u00a0charcuterie\u00a0\u00bb, \u00ab\u00a0bio\u00a0\u00bb, vestiges du pass\u00e9 commercial du b\u00e2timent, surplombent toujours les espaces r\u00e9am\u00e9nag\u00e9s. \u00c0 l\u2019int\u00e9rieur, une salle de 400 m\u00b2 peut accueillir 300 personnes. \u00c0 c\u00f4t\u00e9, un studio de danse de 60 m\u00b2 est pr\u00eat \u00e0 h\u00e9berger cours, masterclass et r\u00e9sidences. \u00c0 l\u2019ext\u00e9rieur, une guinguette s\u2019\u00e9tire sur le parking de l\u2019ancien supermarch\u00e9, reconverti en terrasse. Le bar est install\u00e9, la sc\u00e8ne est mont\u00e9e.<\/p>\n<p class=\" wall-content\"><strong>Ce mercredi 25 juin<\/strong>, les porteurs de projet ont organis\u00e9 une visite anticip\u00e9e du site. Quelques partenaires ont pu d\u00e9couvrir les lieux. Parmi eux, le maire de Montpellier <strong>Micha\u00ebl Delafosse<\/strong>. Enthousiaste, il a soulign\u00e9 la port\u00e9e symbolique du projet : \u00ab Nous sommes ici dans une propri\u00e9t\u00e9 rachet\u00e9e par Altemed, sur l\u2019ancien Lidl relocalis\u00e9 avenue des Pr\u00e8s d\u2019Ar\u00e8nes. On aurait pu garder le lieu vide, mais on a choisi de le rendre vivant. \u00bb La cuisine \u00e9tait encore en attente d\u2019un dernier \u00e9l\u00e9ment, une hotte, promise pour le lendemain, mais l\u2019essentiel \u00e9tait l\u00e0.\u00a0<\/p>\n<p>    <img   decoding=\"async\" loading=\"lazy\" src=\"https:\/\/www.europesays.com\/fr\/wp-content\/uploads\/2025\/06\/tempimagea96fgb-960x640.jpg\" alt=\"La salle principale de la MBA peut accueillir jusqu\u2019\u00e0 300 personnes pour des concerts ou des spectacles.\" width=\"960\" height=\"640\"\/><br \/>\n    La salle principale de la MBA peut accueillir jusqu\u2019\u00e0 300 personnes pour des concerts ou des spectacles. (\u00a9M\u00e9tropolitain \/ LP)Vid\u00e9os : en ce moment sur Actu<\/p>\n<p class=\" wall-content\">D\u00e8s l\u2019ouverture, le programme se veut riche et vari\u00e9. Ce vendredi soir, concerts folk et latinos se succ\u00e9deront sur la sc\u00e8ne ext\u00e9rieure. Une d\u00e9monstration de hip-hop est pr\u00e9vue, suivie d\u2019un concert hommage aux ann\u00e9es 90-2000. Samedi, le collectif Solation et Cora Sound prendront le relais avec une soir\u00e9e d\u00e9di\u00e9e aux musiques \u00e9lectroniques. Ce sera aussi la premi\u00e8re privatisation du lieu. La suite s\u2019annonce tout aussi vivante : lotos, cabarets, concerts, ateliers enfants, spectacles jeunes publics, masterclass, expositions. \u00ab\u00a0 On veut que les gens s\u2019approprient l\u2019endroit. Nous, on ne programme pas. On met les cl\u00e9s dans les mains de ceux qui ont des id\u00e9es \u00bb, r\u00e9sume Antoine Blain.<\/p>\n<p>    <img   decoding=\"async\" loading=\"lazy\" src=\"https:\/\/www.europesays.com\/fr\/wp-content\/uploads\/2025\/06\/tempimagehm0kzp-960x640.jpg\" alt=\"La guinguette ext\u00e9rieure s\u2019installe sur l\u2019ancien parking, transform\u00e9 en terrasse conviviale.\" width=\"960\" height=\"640\"\/><br \/>\n    La guinguette ext\u00e9rieure s\u2019installe sur l\u2019ancien parking, transform\u00e9 en terrasse conviviale. (\u00a9M\u00e9tropolitain \/ LP)Un lieu attendu et pl\u00e9biscit\u00e9<\/p>\n<p class=\" wall-content\"><a href=\"https:\/\/actu.fr\/occitanie\/montpellier_34172\/de-la-restanque-a-montpellier-sud-un-quartier-en-voie-de-transformation_62753003.html\" target=\"_blank\" rel=\"noopener\">La MBA r\u00e9pond \u00e0 un vide longtemps criant.<\/a> \u00ab Il y a dix ans, je gal\u00e9rais pour organiser des \u00e9v\u00e9nements. Aujourd\u2019hui, on propose un espace accessible, parfois m\u00eame gratuit, pour ceux qui veulent cr\u00e9er. \u00bb Plusieurs collectifs ont d\u00e9j\u00e0 r\u00e9serv\u00e9 des dates jusqu\u2019en d\u00e9cembre. Montpellier Sud est au c\u0153ur d\u2019un vaste chantier. Nouvelle \u00e9cole, caserne de pompiers, <a href=\"https:\/\/www.mercadis.net\" target=\"_blank\" rel=\"noopener\">r\u00e9habilitation du MIN<\/a> (march\u00e9 d\u2019int\u00e9r\u00eat national), zones artisanales repens\u00e9es : la ville transforme ses friches en p\u00f4les d\u2019activit\u00e9s. Pour accompagner cette mutation, la mairie a vot\u00e9 une d\u00e9claration d\u2019utilit\u00e9 publique sur le secteur, permettant de mieux ma\u00eetriser les temps et usages.<\/p>\n<p class=\" wall-content\">Mais le destin de la Montpellier Base Artistique reste temporaire. \u00c0 terme, le site pourrait \u00eatre d\u00e9moli. La ville pr\u00e9voit d\u2019y prolonger le futur parc Nino Ferrer, dont l\u2019inauguration est pr\u00e9vue<strong> le 19 juillet<\/strong>. L\u2019objectif : d\u00e9simperm\u00e9abiliser les sols, reconstituer une trame verte, lutter contre les \u00eelots de chaleur. Le quartier, imperm\u00e9abilis\u00e9 \u00e0 95 %, souffre des effets du changement climatique. \u00ab On ne peut plus se permettre de laisser ces surfaces b\u00e9tonn\u00e9es. Le parc viendra faire le lien entre la Restanque, Saint-Martin et toute la zone sud \u00bb, explique le maire. Mais rien n\u2019est fig\u00e9. Le devenir du site d\u00e9pendra aussi des finances publiques.<\/p>\n<p class=\" wall-content\">Suivez toute l\u2019actualit\u00e9 de vos villes et m\u00e9dias favoris en vous inscrivant \u00e0 <a href=\"https:\/\/moncompte.actu.fr\" title=\"D\u00e9couvez Mon Actu\" rel=\"nofollow noopener\" data-trk=\"{&quot;cta&quot;:{&quot;action&quot;:&quot;https:\\\/\\\/moncompte.actu.fr&quot;,&quot;category&quot;:&quot;mon compte&quot;,&quot;from&quot;:&quot;article footer&quot;,&quot;name&quot;:&quot;Mon actu&quot;,&quot;type&quot;:&quot;cta&quot;}}\" target=\"_blank\">Mon Actu<\/a>.<\/p>\n","protected":false},"excerpt":{"rendered":"Par L\u00e9a Pippinato Publi\u00e9 le 25 juin 2025 \u00e0 20h29 Ce vendredi 27 juin 2025, un nouveau tiers-lieu&hellip;\n","protected":false},"author":2,"featured_media":203946,"comment_status":"","ping_status":"","sticky":false,"template":"","format":"standard","meta":{"footnotes":""},"categories":[9599],"tags":[1111,11,1777,674,652,1011,27,18542,1652,2208,873,12,2680,25],"class_list":{"0":"post-203945","1":"post","2":"type-post","3":"status-publish","4":"format-standard","5":"has-post-thumbnail","7":"category-montpellier","8":"tag-actu","9":"tag-actualites","10":"tag-eu","11":"tag-europe","12":"tag-famille","13":"tag-fr","14":"tag-france","15":"tag-lidl","16":"tag-loisirs-culture","17":"tag-montpellier","18":"tag-musique","19":"tag-news","20":"tag-occitanie","21":"tag-republique-francaise"},"share_on_mastodon":{"url":"https:\/\/pubeurope.com\/@fr\/114745619622702248","error":""},"_links":{"self":[{"href":"https:\/\/www.europesays.com\/fr\/wp-json\/wp\/v2\/posts\/203945","targetHints":{"allow":["GET"]}}],"collection":[{"href":"https:\/\/www.europesays.com\/fr\/wp-json\/wp\/v2\/posts"}],"about":[{"href":"https:\/\/www.europesays.com\/fr\/wp-json\/wp\/v2\/types\/post"}],"author":[{"embeddable":true,"href":"https:\/\/www.europesays.com\/fr\/wp-json\/wp\/v2\/users\/2"}],"replies":[{"embeddable":true,"href":"https:\/\/www.europesays.com\/fr\/wp-json\/wp\/v2\/comments?post=203945"}],"version-history":[{"count":0,"href":"https:\/\/www.europesays.com\/fr\/wp-json\/wp\/v2\/posts\/203945\/revisions"}],"wp:featuredmedia":[{"embeddable":true,"href":"https:\/\/www.europesays.com\/fr\/wp-json\/wp\/v2\/media\/203946"}],"wp:attachment":[{"href":"https:\/\/www.europesays.com\/fr\/wp-json\/wp\/v2\/media?parent=203945"}],"wp:term":[{"taxonomy":"category","embeddable":true,"href":"https:\/\/www.europesays.com\/fr\/wp-json\/wp\/v2\/categories?post=203945"},{"taxonomy":"post_tag","embeddable":true,"href":"https:\/\/www.europesays.com\/fr\/wp-json\/wp\/v2\/tags?post=203945"}],"curies":[{"name":"wp","href":"https:\/\/api.w.org\/{rel}","templated":true}]}}