{"id":203959,"date":"2025-06-25T19:25:16","date_gmt":"2025-06-25T19:25:16","guid":{"rendered":"https:\/\/www.europesays.com\/fr\/203959\/"},"modified":"2025-06-25T19:25:16","modified_gmt":"2025-06-25T19:25:16","slug":"environnement-une-nouvelle-colonie-de-tapinoma-ces-fourmis-tres-belliqueuses-decouverte-a-schiltigheim","status":"publish","type":"post","link":"https:\/\/www.europesays.com\/fr\/203959\/","title":{"rendered":"Environnement. Une nouvelle colonie de Tapinoma, ces fourmis tr\u00e8s belliqueuses, d\u00e9couverte \u00e0 Schiltigheim"},"content":{"rendered":"<p class=\"insetTitle\">Fourmis invasives\u00a0: \u00ab\u00a0Ce n\u2019est que le d\u00e9but\u00a0\u00bb<\/p>\n<p>Enseignant-chercheur r\u00e9sidant pr\u00e8s de Fribourg, en Allemagne, Thomas B\u00fchler a \u00e9t\u00e9 confront\u00e9 \u00e0 la pr\u00e9sence d\u2019une colonie de Tapinoma magnum dans sa ville, l\u2019an dernier. C\u2019est \u00e0 la suite de cette d\u00e9couverte, et de l\u2019inaction de l\u2019administration locale, qu\u2019il a d\u00e9cid\u00e9 d\u2019organiser un colloque scientifique sur Tapinoma  cet automne, \u00e0 Fribourg. \u00ab\u00a0Il faut bien comprendre qu\u2019avec son caract\u00e8re agressif, son intelligence sup\u00e9rieure \u00e0 la normale et la pr\u00e9sence de dizaines de reines dans chaque nid qui rendent cette fourmi tr\u00e8s prolifique, elle va se d\u00e9velopper partout et tr\u00e8s rapidement si rien n\u2019est fait. Or nous ne pouvons pas vivre avec elles, et les autres fourmis non plus, d\u2019ailleurs\u00a0\u00bb, insiste-t-il.<\/p>\n<p>Des r\u00e9f\u00e9rents dans chaque canton<\/p>\n<p>En Suisse, les autorit\u00e9s se sont montr\u00e9es r\u00e9actives et ont r\u00e9ussi \u00e0 \u00e9radiquer Tapinoma dans certaines collectivit\u00e9s. \u00ab\u00a0Des r\u00e9f\u00e9rents ont \u00e9t\u00e9 nomm\u00e9s dans chaque canton et se font les relais rapides des nouveaux signalements, permettant une r\u00e9ponse appropri\u00e9e. \u00ab\u00a0En Allemagne, cela d\u00e9pend des communes. \u00c0 <a href=\"https:\/\/www.dna.fr\/environnement\/2025\/02\/21\/la-lutte-contre-les-fourmis-invasives-se-poursuit-a-l-eau-chaude\" target=\"_blank\" rel=\"noopener\">Kehl<\/a> , un traitement a pu \u00eatre mis en place \u00e0 la fois dans les espaces publics et les jardins, c\u2019est l\u2019id\u00e9al car il faut agir simultan\u00e9ment partout. En France, en revanche, personne ne r\u00e9agit, laissant un boulevard \u00e0 Tapinoma.\u00a0\u00bb<\/p>\n<p>\u00ab\u00a0\u00c0 ceux qui affirment que l\u2019on ne peut rien faire, je r\u00e9ponds que c\u2019est faux, poursuit-il. Sauf que personne ne sait comment faire. Je recommande le poison en int\u00e9rieur et l\u2019eau tr\u00e8s chaude \u00e0 l\u2019ext\u00e9rieur tant que la r\u00e9glementation n\u2019\u00e9voluera pas et n\u2019autorisera pas des moyens plus lourds pour lui faire face.\u00a0\u00bb<\/p>\n","protected":false},"excerpt":{"rendered":"Fourmis invasives\u00a0: \u00ab\u00a0Ce n\u2019est que le d\u00e9but\u00a0\u00bb Enseignant-chercheur r\u00e9sidant pr\u00e8s de Fribourg, en Allemagne, Thomas B\u00fchler a \u00e9t\u00e9&hellip;\n","protected":false},"author":2,"featured_media":203960,"comment_status":"","ping_status":"","sticky":false,"template":"","format":"standard","meta":{"footnotes":""},"categories":[2820],"tags":[1111,11,2389,2649,2880,436,1777,674,107,1011,27,775,12,25,5512,640,3265],"class_list":{"0":"post-203959","1":"post","2":"type-post","3":"status-publish","4":"format-standard","5":"has-post-thumbnail","7":"category-strasbourg","8":"tag-actu","9":"tag-actualites","10":"tag-alsace","11":"tag-bas-rhin","12":"tag-edition-strasbourg","13":"tag-environnement","14":"tag-eu","15":"tag-europe","16":"tag-fil-info","17":"tag-fr","18":"tag-france","19":"tag-grand-est","20":"tag-news","21":"tag-republique-francaise","22":"tag-schiltigheim","23":"tag-strasbourg","24":"tag-strasbourg-nord"},"share_on_mastodon":{"url":"https:\/\/pubeurope.com\/@fr\/114745647058120497","error":""},"_links":{"self":[{"href":"https:\/\/www.europesays.com\/fr\/wp-json\/wp\/v2\/posts\/203959","targetHints":{"allow":["GET"]}}],"collection":[{"href":"https:\/\/www.europesays.com\/fr\/wp-json\/wp\/v2\/posts"}],"about":[{"href":"https:\/\/www.europesays.com\/fr\/wp-json\/wp\/v2\/types\/post"}],"author":[{"embeddable":true,"href":"https:\/\/www.europesays.com\/fr\/wp-json\/wp\/v2\/users\/2"}],"replies":[{"embeddable":true,"href":"https:\/\/www.europesays.com\/fr\/wp-json\/wp\/v2\/comments?post=203959"}],"version-history":[{"count":0,"href":"https:\/\/www.europesays.com\/fr\/wp-json\/wp\/v2\/posts\/203959\/revisions"}],"wp:featuredmedia":[{"embeddable":true,"href":"https:\/\/www.europesays.com\/fr\/wp-json\/wp\/v2\/media\/203960"}],"wp:attachment":[{"href":"https:\/\/www.europesays.com\/fr\/wp-json\/wp\/v2\/media?parent=203959"}],"wp:term":[{"taxonomy":"category","embeddable":true,"href":"https:\/\/www.europesays.com\/fr\/wp-json\/wp\/v2\/categories?post=203959"},{"taxonomy":"post_tag","embeddable":true,"href":"https:\/\/www.europesays.com\/fr\/wp-json\/wp\/v2\/tags?post=203959"}],"curies":[{"name":"wp","href":"https:\/\/api.w.org\/{rel}","templated":true}]}}