{"id":203965,"date":"2025-06-25T19:28:08","date_gmt":"2025-06-25T19:28:08","guid":{"rendered":"https:\/\/www.europesays.com\/fr\/203965\/"},"modified":"2025-06-25T19:28:08","modified_gmt":"2025-06-25T19:28:08","slug":"manchester-city-prete-juma-bah-a-nice-france-nice","status":"publish","type":"post","link":"https:\/\/www.europesays.com\/fr\/203965\/","title":{"rendered":"Manchester City pr\u00eate Juma Bah \u00e0 Nice &#8211; France &#8211; Nice"},"content":{"rendered":"<p>Du Sang (et Or) neuf pour les Ni\u00e7ois.<\/p>\n<p>Apr\u00e8s quelques mois dans la grisaille du Nord, <strong>Juma Bah<\/strong> va enfin retrouver le soleil du c\u00f4t\u00e9 de la C\u00f4te d\u2019Azur. Ce mercredi, <strong>l\u2019OGC Nice a officialis\u00e9 le pr\u00eat du Sierral\u00e9onais, sous contrat avec Manchester City<\/strong>. Il s\u2019agit d\u2019une location d\u2019une saison sans option d\u2019achat. Le d\u00e9fenseur central de 19 ans continuera \u00e0 progresser en Ligue 1, lui qui avait connu un pr\u00eat de bonne facture du c\u00f4t\u00e9 du RC Lens en seconde partie de saison 2024-25.<\/p>\n<p>Lyon \u00e9tait aussi int\u00e9ress\u00e9<\/p>\n<p>Form\u00e9 en Sierre Leone, Juma Bah a pos\u00e9 ses valises en Europe \u00e0 l\u2019\u00e9t\u00e9 2024 en signant \u2013 d\u2019abord en pr\u00eat, puis d\u00e9finitivement \u2013 au Real Valladolid. \u00c0 l\u2019hiver, Manchester City a pos\u00e9 6 millions d\u2019euros sur la table pour s\u2019offrir ses services, avant de l\u2019envoyer directement en pr\u00eat du c\u00f4t\u00e9 de Lens. Avec les Art\u00e9siens, le joueur d\u2019un m\u00e8tre 95 a disput\u00e9 10 rencontres. <a target=\"_blank\" href=\"https:\/\/www.lequipe.fr\/Football\/Actualites\/Mercato-nice-officialise-le-pret-sec-d-une-saison-de-juma-bah-en-provenance-de-manchester-city\/1573018\" rel=\"nofollow noopener\">D\u2019apr\u00e8s les informations de L\u2019\u00c9quipe<\/a>, il \u00e9tait aussi pist\u00e9 par l\u2019Olympique lyonnais.<\/p>\n<p>On se demande bien <a target=\"_blank\" href=\"https:\/\/www.sofoot.com\/articles\/lol-retrograde-en-ligue-2-par-la-dncg-ce-qui-devait-arriver-arriva\" rel=\"nofollow noopener\">pourquoi il a pr\u00e9f\u00e9r\u00e9 Nice \u00e0 l\u2019OL<\/a>.<\/p>\n<p>\t\t\t\t\t\t\t\t\t\t<a class=\"lien-connexe\" href=\"https:\/\/www.sofoot.com\/breves\/luefa-donne-son-feu-vert-a-nice-et-gerone\" rel=\"nofollow noopener\" target=\"_blank\">L\u2019UEFA donne son feu vert \u00e0 Nice et G\u00e9rone<\/a>\t\t\t\t\t<\/p>\n","protected":false},"excerpt":{"rendered":"Du Sang (et Or) neuf pour les Ni\u00e7ois. Apr\u00e8s quelques mois dans la grisaille du Nord, Juma Bah&hellip;\n","protected":false},"author":2,"featured_media":203966,"comment_status":"","ping_status":"","sticky":false,"template":"","format":"standard","meta":{"footnotes":""},"categories":[2819],"tags":[1111,47,11,61,69,65,64,1777,674,63,1011,27,68,66,12,62,2401,70,882,25,67],"class_list":{"0":"post-203965","1":"post","2":"type-post","3":"status-publish","4":"format-standard","5":"has-post-thumbnail","7":"category-nice","8":"tag-actu","9":"tag-actualite","10":"tag-actualites","11":"tag-actus-football","12":"tag-bundesliga","13":"tag-championnats-europeens","14":"tag-equipe-de-france","15":"tag-eu","16":"tag-europe","17":"tag-football","18":"tag-fr","19":"tag-france","20":"tag-ligua","21":"tag-ligue-1","22":"tag-news","23":"tag-news-foot","24":"tag-nice","25":"tag-premier-league","26":"tag-provence-alpes-cote-dazur","27":"tag-republique-francaise","28":"tag-serie-a"},"share_on_mastodon":{"url":"https:\/\/pubeurope.com\/@fr\/114745658851040442","error":""},"_links":{"self":[{"href":"https:\/\/www.europesays.com\/fr\/wp-json\/wp\/v2\/posts\/203965","targetHints":{"allow":["GET"]}}],"collection":[{"href":"https:\/\/www.europesays.com\/fr\/wp-json\/wp\/v2\/posts"}],"about":[{"href":"https:\/\/www.europesays.com\/fr\/wp-json\/wp\/v2\/types\/post"}],"author":[{"embeddable":true,"href":"https:\/\/www.europesays.com\/fr\/wp-json\/wp\/v2\/users\/2"}],"replies":[{"embeddable":true,"href":"https:\/\/www.europesays.com\/fr\/wp-json\/wp\/v2\/comments?post=203965"}],"version-history":[{"count":0,"href":"https:\/\/www.europesays.com\/fr\/wp-json\/wp\/v2\/posts\/203965\/revisions"}],"wp:featuredmedia":[{"embeddable":true,"href":"https:\/\/www.europesays.com\/fr\/wp-json\/wp\/v2\/media\/203966"}],"wp:attachment":[{"href":"https:\/\/www.europesays.com\/fr\/wp-json\/wp\/v2\/media?parent=203965"}],"wp:term":[{"taxonomy":"category","embeddable":true,"href":"https:\/\/www.europesays.com\/fr\/wp-json\/wp\/v2\/categories?post=203965"},{"taxonomy":"post_tag","embeddable":true,"href":"https:\/\/www.europesays.com\/fr\/wp-json\/wp\/v2\/tags?post=203965"}],"curies":[{"name":"wp","href":"https:\/\/api.w.org\/{rel}","templated":true}]}}