{"id":203967,"date":"2025-06-25T19:29:52","date_gmt":"2025-06-25T19:29:52","guid":{"rendered":"https:\/\/www.europesays.com\/fr\/203967\/"},"modified":"2025-06-25T19:29:52","modified_gmt":"2025-06-25T19:29:52","slug":"fanny-godin-promene-son-tuba-dans-plein-dorchestres-en-sud-loire","status":"publish","type":"post","link":"https:\/\/www.europesays.com\/fr\/203967\/","title":{"rendered":"Fanny Godin prom\u00e8ne son tuba dans plein d\u2019orchestres en sud Loire"},"content":{"rendered":"<p>Fany Godin, 32\u00a0ans, enseigne \u00e0 l\u2019\u00e9cole de musique de Vertou (Loire-Atlantique). Elle est Caennaise de naissance et habite Saint-Julien-de-Concelles, dans le vignoble nantais. Apr\u00e8s avoir \u00e9tudi\u00e9 \u00e0 Laval, et \u00e0 Paris, et travaill\u00e9 pour l\u2019Orchestre National de Lyon et pour l\u2019Universit\u00e9 de Nantes, elle a pos\u00e9 ses valises \u00e0 Vertou pour vivre de la musique.<\/p>\n<p><strong>\u00ab\u00a0J\u2019ai commenc\u00e9 par la clarinette, \u00e0 7\u00a0ans, dans une \u00e9cole de musique de Bayeux, <\/strong>raconte Fany Godin. <strong>Puis \u00e0 20\u00a0ans, j\u2019ai d\u00e9marr\u00e9 le tuba \u00e0 Grenoble.\u00a0\u00bb <\/strong>\u00c0 son arriv\u00e9e \u00e0 Nantes, Vincent Morini\u00e8re, professeur de tuba au conservatoire, lui conseille de rejoindre l\u2019Orchestre de cuivres et percussions du Loroux-Bottereau. <strong>\u00ab\u00a0Je joue en big band, fanfare, orchestre d\u2019harmonie sud Loire, je fais aussi des remplacements dans diff\u00e9rentes \u00e9coles de musique du coin\u00a0\u00bb, <\/strong>d\u00e9taille la professeure qui a continu\u00e9 de se former au Conservatoire depuis 2022. L\u2019\u00e9cole de Vertou l\u2019a engag\u00e9 la m\u00eame ann\u00e9e.<\/p>\n<p>\u00ab\u00a0Le tuba est m\u00e9connu\u00a0\u00bb<\/p>\n<p><strong>\u00ab\u00a0Tout a commenc\u00e9 en m\u00eame temps\u00a0! Je travaille aussi \u00e0 Saint-Aignan-de-Grandlieu et \u00e0 La Haye-Fouassi\u00e8re. Je n\u2019envisageais pas au d\u00e9part d\u2019\u00eatre un jour professionnelle dans la musique.\u00a0\u00bb<\/strong> Elle ajoute\u00a0: <strong>\u00ab\u00a0J\u2019ai commenc\u00e9 avec trois\u00a0\u00e9l\u00e8ves, ils seront une dizaine la saison prochaine.\u00a0\u00bb<\/strong> Ce qui la r\u00e9jouit, car <strong>\u00ab\u00a0le tuba est m\u00e9connu, souvent en fond d\u2019orchestre\u2026 Mais il est partout, dans tous les ensembles, quartets ou symphoniques\u00a0!\u00a0\u00bb<\/strong><\/p>\n<p><strong>\u00ab Je suis trop contente de travailler ici \u00bb<\/strong><\/p>\n<p> <strong> \u00ab\u00a0Franchement, je suis trop contente de travailler ici, les coll\u00e8gues sont extra, on a des projets communs, \u00e7a marche\u00a0!\u00a0\u00bb <\/strong> . Elle a construit un ensemble de cuivres avec un professeur de trompette, participe \u00e0 des concerts \u00e0 Vertou et dans le vignoble. Elle joue de diff\u00e9rents tubas avec le West brass band, la Fanfare du coin, l\u2019OCP du Loroux, l\u2019Harmonie des cl\u00e9s en f\u00eate, le Naoned tuba quartet. N\u2019en jetez plus\u00a0! <\/p>\n<p>Ses go\u00fbts\u00a0? Classique, musiques de films, rock, jazz, vari\u00e9t\u00e9s. <strong>\u00ab\u00a0J\u2019aime Chet Baker, trompettiste chanteur, Fran\u00e7ois Thuillier, tubiste, soliste qui compose pour le tuba\u00a0\u00bb<\/strong>.<strong>\u00a0<\/strong>Et \u00e9clectique avec \u00e7a\u00a0!<\/p>\n<p>\u00a0<\/p>\n","protected":false},"excerpt":{"rendered":"Fany Godin, 32\u00a0ans, enseigne \u00e0 l\u2019\u00e9cole de musique de Vertou (Loire-Atlantique). Elle est Caennaise de naissance et habite&hellip;\n","protected":false},"author":2,"featured_media":203968,"comment_status":"","ping_status":"","sticky":false,"template":"","format":"standard","meta":{"footnotes":""},"categories":[2818],"tags":[1111,11,1777,674,18594,1011,27,34288,3367,766,12,34291,2636,34289,25,7053,34290],"class_list":{"0":"post-203967","1":"post","2":"type-post","3":"status-publish","4":"format-standard","5":"has-post-thumbnail","7":"category-nantes","8":"tag-actu","9":"tag-actualites","10":"tag-eu","11":"tag-europe","12":"tag-fanny","13":"tag-fr","14":"tag-france","15":"tag-godin","16":"tag-loire","17":"tag-nantes","18":"tag-news","19":"tag-orchestres","20":"tag-pays-de-la-loire","21":"tag-promene","22":"tag-republique-francaise","23":"tag-sud","24":"tag-tuba"},"share_on_mastodon":{"url":"https:\/\/pubeurope.com\/@fr\/114745666714562924","error":""},"_links":{"self":[{"href":"https:\/\/www.europesays.com\/fr\/wp-json\/wp\/v2\/posts\/203967","targetHints":{"allow":["GET"]}}],"collection":[{"href":"https:\/\/www.europesays.com\/fr\/wp-json\/wp\/v2\/posts"}],"about":[{"href":"https:\/\/www.europesays.com\/fr\/wp-json\/wp\/v2\/types\/post"}],"author":[{"embeddable":true,"href":"https:\/\/www.europesays.com\/fr\/wp-json\/wp\/v2\/users\/2"}],"replies":[{"embeddable":true,"href":"https:\/\/www.europesays.com\/fr\/wp-json\/wp\/v2\/comments?post=203967"}],"version-history":[{"count":0,"href":"https:\/\/www.europesays.com\/fr\/wp-json\/wp\/v2\/posts\/203967\/revisions"}],"wp:featuredmedia":[{"embeddable":true,"href":"https:\/\/www.europesays.com\/fr\/wp-json\/wp\/v2\/media\/203968"}],"wp:attachment":[{"href":"https:\/\/www.europesays.com\/fr\/wp-json\/wp\/v2\/media?parent=203967"}],"wp:term":[{"taxonomy":"category","embeddable":true,"href":"https:\/\/www.europesays.com\/fr\/wp-json\/wp\/v2\/categories?post=203967"},{"taxonomy":"post_tag","embeddable":true,"href":"https:\/\/www.europesays.com\/fr\/wp-json\/wp\/v2\/tags?post=203967"}],"curies":[{"name":"wp","href":"https:\/\/api.w.org\/{rel}","templated":true}]}}