{"id":203975,"date":"2025-06-25T19:33:10","date_gmt":"2025-06-25T19:33:10","guid":{"rendered":"https:\/\/www.europesays.com\/fr\/203975\/"},"modified":"2025-06-25T19:33:10","modified_gmt":"2025-06-25T19:33:10","slug":"municipales-2026-pres-de-toulouse-la-mairie-de-colomiers-voulait-elle-interdire-une-reunion-de-lfi","status":"publish","type":"post","link":"https:\/\/www.europesays.com\/fr\/203975\/","title":{"rendered":"Municipales 2026. Pr\u00e8s de Toulouse, la mairie de Colomiers voulait-elle interdire une r\u00e9union de LFI\u00a0?"},"content":{"rendered":"<p>            Par<br \/>\n        <strong><br \/>\n            <a href=\"https:\/\/actu.fr\/auteur\/marie-lamarque\" title=\"Consulter tous les articles de Marie Lamarque\" rel=\"nofollow noopener\" target=\"_blank\">Marie Lamarque<\/a><br \/>\n        <\/strong><\/p>\n<p>        Publi\u00e9 le<\/p>\n<p>            25 juin 2025 \u00e0 21h13        <\/p>\n<p>\u00c0 neuf mois du premier tour des <strong>\u00e9lections municipales<\/strong>, la tension monte \u00e0 <strong>Colomiers<\/strong>, aux portes de <strong><a href=\"https:\/\/actu.fr\/occitanie\/toulouse_31555\" rel=\"nofollow noopener\" target=\"_blank\">Toulouse<\/a><\/strong>. D\u00e8s janvier 2025, \u00e0 l\u2019occasion de ses v\u0153ux, <strong>Karine Traval-Michelet<\/strong>, maire (PS) de la 2\u1d49 commune de Haute-Garonne, <a href=\"https:\/\/actu.fr\/occitanie\/colomiers_31149\/municipales-2026-j-ai-encore-quelque-chose-a-apporter-la-maire-de-colomiers-annonce-sa-candidature_62116585.html\" rel=\"nofollow noopener\" target=\"_blank\">officialisait sa candidature<\/a>. En face, les listes se constituent. Parmi elles, celle port\u00e9e par <strong>La France Insoumise<\/strong> (LFI), avec, comme\u00a0 repr\u00e9sentants, <strong>Fran\u00e7ois L\u00e9pineux<\/strong>, ancien maire de Brax de 2014 et 2020, et <strong>Marion Dupouy<\/strong>.<\/p>\n<p class=\" wall-content\">Ce <strong>samedi 21 juin<\/strong>, LFI donnait rendez-vous aux Colum\u00e9rins, sur l\u2019all\u00e9e du Marcadou, \u00e0 c\u00f4t\u00e9 de la maison citoyenne En Jacca, pour une rencontre avec les habitants. Un \u00e9v\u00e8nement \u00ab\u00a0compromis jusqu\u2019au dernier moment par Karine Traval-Michel [\u2026] qui a <strong>tent\u00e9 d\u2019en interdire le d\u00e9roulement<\/strong>\u00ab\u00a0, d\u00e9noncent les candidats. Mais la mairie s\u2019en d\u00e9fend.<\/p>\n<p>\u00ab\u00a0Un risque de troubles \u00e0 l\u2019ordre public\u00a0\u00bb point\u00e9<\/p>\n<p class=\" wall-content\">\u00ab\u00a0Partageons nos id\u00e9es, nos envies et nos besoins pour Colomiers\u00a0\u00bb, pouvait-on sur l\u2019invitation partag\u00e9e par cette liste de gauche. Au programme : ateliers participatifs, table citoyenne, pr\u00e9sentation de l\u2019association Vox Pop ! cr\u00e9\u00e9e par La France Insoumise, ainsi que des animations pour les enfants et un go\u00fbter partag\u00e9. Plusieurs d\u00e9put\u00e9s LFI du d\u00e9partement devaient intervenir :<strong> Fran\u00e7ois Piquemal <\/strong>et <strong>Hadrien Clouet<\/strong>.<\/p>\n<p class=\" wall-content\">Pour organiser ce rendez-vous, LFI explique avoir inform\u00e9 \u00ab\u00a0les services de la mairie d\u00e8s le 27 mai [pour une] demande d\u2019occupation d\u2019espace public. Apr\u00e8s un premier courrier de refus du Directeur g\u00e9n\u00e9ral des services au nom de Mme le Maire et plusieurs tentatives de contact de notre part, le second courrier du 18 juin a invoqu\u00e9 <strong>un \u2018risque av\u00e9r\u00e9 de troubles \u00e0 l\u2019ordre public&rsquo;\u00a0\u00bb<\/strong>, explique-t-il.<\/p>\n<p>C\u2019\u00e9tait le jour de la f\u00eate e la musique, rappelle la mairie<\/p>\n<p class=\" wall-content\">Contact\u00e9e par Actu Toulouse, la Ville souligne que \u00ab\u00a0de <strong>nombreux \u00e9v\u00e9nements \u00e9taient pr\u00e9vus<\/strong> sur le territoire ce jour-l\u00e0, \u00e0 l\u2019occasion notamment de la F\u00eate de la musique et du feu de la Saint-Jean\u00a0\u00bb.<\/p>\n<p>Vid\u00e9os : en ce moment sur Actu<\/p>\n<p class=\" wall-content\">La collectivit\u00e9 \u00ab\u00a0a fait le constat qu\u2019elle ne serait <strong>pas en mesure de garantir la s\u00e9curit\u00e9<\/strong> de l\u2019\u00e9v\u00e9nement, de ses organisateurs et de ses participants\u00a0\u00bb. Les services et particuli\u00e8rement la police municipale \u00ab\u00a0\u00e9taient d\u00e9j\u00e0 mobilis\u00e9s sur les diff\u00e9rentes manifestations festives du week-end\u00a0\u00bb, poursuit-elle. Leur pr\u00e9sence \u00e9tait \u00ab\u00a0d\u2019autant plus n\u00e9cessaire au regard des fortes chaleurs qui \u00e9taient alors annonc\u00e9es\u00a0\u00bb.<\/p>\n<p class=\" wall-content\">Elle ajoute \u00e9galement que \u00ab\u00a0l\u2019espace demand\u00e9 [pour la r\u00e9union de la LFI, NDLR] concernait <strong>une zone v\u00e9g\u00e9talis\u00e9e<\/strong> n\u2019ayant pas vocation \u00e0 accueillir de telles manifestations\u00a0\u00bb.<\/p>\n<p>Un manque de pr\u00e9cisions sur le service s\u00e9curit\u00e9, selon la mairie<\/p>\n<p class=\" wall-content\">Les repr\u00e9sentants LFI disent de leur c\u00f4t\u00e9 avoir tent\u00e9 de <strong>trouver un compromis<\/strong> \u00e0 coups de relances t\u00e9l\u00e9phoniques et de courriels, sans succ\u00e8s. Fran\u00e7ois L\u00e9pineux ayant notamment pr\u00e9cis\u00e9 qu\u2019un <strong>service d\u2019ordre \u00e9tait pr\u00e9vu<\/strong>.<\/p>\n<p class=\" wall-content\">Mais la mairie attendait plus de pr\u00e9cisions. \u00ab\u00a0Les demandeurs n\u2019ont pas [\u2026] d\u00e9taill\u00e9 le nombre de personnes mobilis\u00e9es, les moyens mis en \u0153uvre et le plan de s\u00e9curisation envisag\u00e9\u00a0\u00bb, explique-t-elle.<\/p>\n<p class=\" wall-content\">\u00ab\u00a0On a toujours un service d\u2019ordre, surtout en pr\u00e9sence de d\u00e9put\u00e9s\u00a0\u00bb, se d\u00e9fend Fran\u00e7ois L\u00e9pineux, joint par Actu Toulouse, \u00ab\u00a0mais jamais la mairie ne nous a pos\u00e9s de question\u00a0\u00bb.<\/p>\n<p>La mairie a-t-elle propos\u00e9 une solution ?<\/p>\n<p class=\" wall-content\">Les organisateurs soulignent aussi que la mairie n\u2019a <strong>jamais offert de solution<\/strong> \u00e0 LFI. \u00ab\u00a0\u00c0 aucun moment, on nous a propos\u00e9 une salle\u00a0\u00bb, appuie Fran\u00e7ois L\u00e9pineux. Ce que la Ville conteste. Elle aurait bien fait une proposition de salle, mais qui \u00ab\u00a0a \u00e9t\u00e9 <strong>refus\u00e9e par les organisateurs\u00a0\u00bb,<\/strong> assure la collectivit\u00e9.<\/p>\n<p>LFI saisit la justice<\/p>\n<p class=\" wall-content\">Le 20 juin, LFI a fini par d\u00e9poser \u00ab\u00a0un <strong>r\u00e9f\u00e9r\u00e9 libert\u00e9<\/strong> [\u2026] afin de demander \u00e0 la Justice de prendre les mesures n\u00e9cessaires pour pr\u00e9server la libert\u00e9 fondamentale de tout citoyen \u00e0 se r\u00e9unir dans l\u2019espace public\u00a0\u00bb.<\/p>\n<p class=\" wall-content\">Une audience s\u2019est tenue d\u00e8s le lendemain, au <strong>tribunal administratif<\/strong> de Toulouse. La mairie de Colomiers a \u00e9t\u00e9 contrainte par la justice de prendre les dispositions n\u00e9cessaires pour permettre la tenue de cette r\u00e9union.\u00a0<\/p>\n<p>Un \u00ab\u00a0conflit ridicule\u00a0\u00bb pour LFI<\/p>\n<p class=\" wall-content\">\u00c0 l\u2019issue de ce <strong>conflit jug\u00e9 \u00ab\u00a0ridicule\u00a0\u00bb<\/strong> par LFI, le rendez-vous propos\u00e9 a finalement pu se d\u00e9rouler comme il avait \u00e9t\u00e9 programm\u00e9 au d\u00e9part.<\/p>\n<p class=\" wall-content\">\n<p class=\" wall-content\">Le parti \u00ab\u00a0d\u00e9nonce avec la plus grande vigueur ces pratiques d\u2019un autre \u00e2ge, que nous qualifions de f\u00e9odales en muselant toute alternative politique\u00a0\u00bb.<\/p>\n<p class=\" wall-content\">De son c\u00f4t\u00e9, la mairie \u00ab\u00a0tient \u00e0 rappeler qu\u2019elle est particuli\u00e8rement <strong>attentive au respect du d\u00e9bat d\u00e9mocratique<\/strong> sur le territoire, ce pour quoi elle met r\u00e9guli\u00e8rement \u00e0 disposition des organisations politiques en faisant la demande, et cela gratuitement, plusieurs salles municipales dont elle a la responsabilit\u00e9\u00a0\u00bb.<\/p>\n<p><img decoding=\"async\" src=\"https:\/\/www.europesays.com\/fr\/wp-content\/uploads\/2025\/06\/francois-lepineux-toulouse-640x427.jpg\" alt=\"\" width=\"640\" height=\"427\" loading=\"lazy\"\/>LFI m\u00e8ne campagne \u00e0 Colomiers<\/p>\n<p>En bin\u00f4me, Fran\u00e7ois L\u00e9pineux et Marion Dupouy se pr\u00e9sentent en chef de file du parti LFI \u00e0 Colomiers, en pr\u00e9paration d&rsquo;une liste pour les prochaines \u00e9lections municipales.<br \/>\u00ab\u00a0Marion Dupouy est enseignante, docteure en g\u00e9n\u00e9tique des plantes et militante f\u00e9ministe proche des luttes antiracistes et LGBTQ+. Fran\u00e7ois L\u00e9pineux est cadre a\u00e9ronautique, ancien pr\u00e9sident du club de natation de Colomiers, ancien maire de Brax et ex-vice-pr\u00e9sident de la commission du d\u00e9veloppement durable de la M\u00e9tropole, et toujours militant pour les droits humains\u00a0\u00bb, pr\u00e9sente le parti.<\/p>\n<p class=\" wall-content\">Suivez toute l\u2019actualit\u00e9 de vos villes et m\u00e9dias favoris en vous inscrivant \u00e0 <a href=\"https:\/\/moncompte.actu.fr\" title=\"D\u00e9couvez Mon Actu\" rel=\"nofollow noopener\" data-trk=\"{&quot;cta&quot;:{&quot;action&quot;:&quot;https:\\\/\\\/moncompte.actu.fr&quot;,&quot;category&quot;:&quot;mon compte&quot;,&quot;from&quot;:&quot;article footer&quot;,&quot;name&quot;:&quot;Mon actu&quot;,&quot;type&quot;:&quot;cta&quot;}}\" target=\"_blank\">Mon Actu<\/a>.<\/p>\n<ul class=\"ac-article-tag wall-content\">\n<li><a href=\"https:\/\/actu.fr\/tag\/la-france-insoumise-lfi\" data-trk=\"{&quot;cta&quot;:{&quot;action&quot;:&quot;La France Insoumise (LFI)&quot;,&quot;category&quot;:&quot;tag&quot;,&quot;from&quot;:&quot;article footer&quot;,&quot;name&quot;:&quot;La France Insoumise (LFI)&quot;,&quot;type&quot;:&quot;cta&quot;}}\" rel=\"nofollow noopener\" target=\"_blank\">#La France Insoumise (LFI)<\/a><\/li>\n<li><a href=\"https:\/\/actu.fr\/tag\/municipales-2026\" data-trk=\"{&quot;cta&quot;:{&quot;action&quot;:&quot;Municipales 2026&quot;,&quot;category&quot;:&quot;tag&quot;,&quot;from&quot;:&quot;article footer&quot;,&quot;name&quot;:&quot;Municipales 2026&quot;,&quot;type&quot;:&quot;cta&quot;}}\" rel=\"nofollow noopener\" target=\"_blank\">#Municipales 2026<\/a><\/li>\n<\/ul>\n","protected":false},"excerpt":{"rendered":"Par Marie Lamarque Publi\u00e9 le 25 juin 2025 \u00e0 21h13 \u00c0 neuf mois du premier tour des \u00e9lections&hellip;\n","protected":false},"author":2,"featured_media":203976,"comment_status":"","ping_status":"","sticky":false,"template":"","format":"standard","meta":{"footnotes":""},"categories":[2816],"tags":[1111,11,4188,1777,674,1011,27,1023,3434,12,2680,316,25,2312],"class_list":{"0":"post-203975","1":"post","2":"type-post","3":"status-publish","4":"format-standard","5":"has-post-thumbnail","7":"category-toulouse","8":"tag-actu","9":"tag-actualites","10":"tag-elections-municipales","11":"tag-eu","12":"tag-europe","13":"tag-fr","14":"tag-france","15":"tag-la-france-insoumise-lfi","16":"tag-municipales-2026","17":"tag-news","18":"tag-occitanie","19":"tag-politique","20":"tag-republique-francaise","21":"tag-toulouse"},"share_on_mastodon":{"url":"https:\/\/pubeurope.com\/@fr\/114745678748190192","error":""},"_links":{"self":[{"href":"https:\/\/www.europesays.com\/fr\/wp-json\/wp\/v2\/posts\/203975","targetHints":{"allow":["GET"]}}],"collection":[{"href":"https:\/\/www.europesays.com\/fr\/wp-json\/wp\/v2\/posts"}],"about":[{"href":"https:\/\/www.europesays.com\/fr\/wp-json\/wp\/v2\/types\/post"}],"author":[{"embeddable":true,"href":"https:\/\/www.europesays.com\/fr\/wp-json\/wp\/v2\/users\/2"}],"replies":[{"embeddable":true,"href":"https:\/\/www.europesays.com\/fr\/wp-json\/wp\/v2\/comments?post=203975"}],"version-history":[{"count":0,"href":"https:\/\/www.europesays.com\/fr\/wp-json\/wp\/v2\/posts\/203975\/revisions"}],"wp:featuredmedia":[{"embeddable":true,"href":"https:\/\/www.europesays.com\/fr\/wp-json\/wp\/v2\/media\/203976"}],"wp:attachment":[{"href":"https:\/\/www.europesays.com\/fr\/wp-json\/wp\/v2\/media?parent=203975"}],"wp:term":[{"taxonomy":"category","embeddable":true,"href":"https:\/\/www.europesays.com\/fr\/wp-json\/wp\/v2\/categories?post=203975"},{"taxonomy":"post_tag","embeddable":true,"href":"https:\/\/www.europesays.com\/fr\/wp-json\/wp\/v2\/tags?post=203975"}],"curies":[{"name":"wp","href":"https:\/\/api.w.org\/{rel}","templated":true}]}}