{"id":203977,"date":"2025-06-25T19:34:18","date_gmt":"2025-06-25T19:34:18","guid":{"rendered":"https:\/\/www.europesays.com\/fr\/203977\/"},"modified":"2025-06-25T19:34:18","modified_gmt":"2025-06-25T19:34:18","slug":"pas-de-babtous-en-tete-de-ma-liste-le-candidat-lfi-dement-et-porte-plainte","status":"publish","type":"post","link":"https:\/\/www.europesays.com\/fr\/203977\/","title":{"rendered":"\u00ab Pas de babtous en t\u00eate de ma liste \u00bb ? Le candidat LFI d\u00e9ment et porte plainte"},"content":{"rendered":"<p><strong>Tourmente &#8211; Suite \u00e0 la publication d\u2019un article dans Marianne, le candidat LFI aux \u00e9lections municipales de Toulouse d\u00e9ment les propos qui lui sont pr\u00eat\u00e9s et a annonc\u00e9 d\u00e9poser une plainte pour diffamation<\/strong><\/p>\n<p>\u00ab\u00a0La campagne de caniveau a commenc\u00e9\u00a0\u00bb, lance Fran\u00e7ois Piquemal, <a href=\"https:\/\/www.20minutes.fr\/politique\/4134170-20250117-municipales-2026-depute-lfi-francois-piquemal-brigue-mairie-toulouse?at_medium=RSS%20feed&amp;at_campaign=ynews&amp;utm_source=yahoo&amp;utm_medium=rss&amp;utm_campaign=news_feed&amp;utm_content=in_article_link\" rel=\"nofollow noopener\" target=\"_blank\" data-ylk=\"slk:candidat LFI;elm:context_link;itc:0;sec:content-canvas\" class=\"link \">candidat LFI <\/a>aux \u00e9lections municipales\u00a02026 \u00e0 <a href=\"https:\/\/www.20minutes.fr\/toulouse\/?at_medium=RSS%20feed&amp;at_campaign=ynews&amp;utm_source=yahoo&amp;utm_medium=rss&amp;utm_campaign=news_feed&amp;utm_content=in_article_link\" rel=\"nofollow noopener\" target=\"_blank\" data-ylk=\"slk:Toulouse;elm:context_link;itc:0;sec:content-canvas\" class=\"link \">Toulouse<\/a>, au c\u0153ur d\u2019une pol\u00e9mique. Ce mercredi 25\u00a0juin 2025, le d\u00e9put\u00e9 a annonc\u00e9, par l\u2019interm\u00e9diaire de son avocat, son intention de d\u00e9poser plainte contre le journal <a href=\"https:\/\/www.marianne.net\/politique\/melenchon\/je-ne-veux-pas-de-babtous-en-tete-de-ma-liste-la-tentation-communautaire-de-lfi-aux-municipales-a-toulouse?at_medium=RSS%20feed&amp;at_campaign=ynews&amp;utm_source=yahoo&amp;utm_medium=rss&amp;utm_campaign=news_feed&amp;utm_content=in_article_link\" rel=\"nofollow noopener\" target=\"_blank\" data-ylk=\"slk:Marianne;elm:context_link;itc:0;sec:content-canvas\" class=\"link \">Marianne<\/a> pour diffamation. En cause\u00a0: un article publi\u00e9 mardi, intitul\u00e9 \u00ab\u00a0La tentation communautaire de LFI <a href=\"https:\/\/www.20minutes.fr\/politique\/nadia-pellefigue\/4144058-20250320-municipales-2026-toulouse-gauche-plus-divisee-jamais-pourra-prendre-mairie-jean-luc-moudenc?at_medium=RSS%20feed&amp;at_campaign=ynews&amp;utm_source=yahoo&amp;utm_medium=rss&amp;utm_campaign=news_feed&amp;utm_content=in_article_link\" rel=\"nofollow noopener\" target=\"_blank\" data-ylk=\"slk:aux municipales;elm:context_link;itc:0;sec:content-canvas\" class=\"link \">aux municipales<\/a>\u00a0\u00bb, qui pr\u00eate au candidat des propos controvers\u00e9s, alimentant une vive pol\u00e9mique sur les r\u00e9seaux sociaux.<\/p>\n<p>L\u2019article de Marianne dresse un tableau tendu de la campagne de LFI \u00e0 Toulouse, \u00e9voquant des \u00ab\u00a0tensions internes\u00a0\u00bb autour de Fran\u00e7ois Piquemal. Le journal rapporte une pr\u00e9tendue \u00ab\u00a0sortie\u00a0\u00bb du d\u00e9put\u00e9 aupr\u00e8s de ses proches, \u00ab\u00a0rapport\u00e9e par plusieurs sources dans l\u2019entourage imm\u00e9diat du candidat\u00a0\u00bb. Les propos incrimin\u00e9s\u00a0? \u00ab\u00a0Je ne veux pas de babtous [blancs] en t\u00eate de ma liste aux municipales.\u00a0\u00bb Cette phrase, jug\u00e9e communautariste, a imm\u00e9diatement suscit\u00e9 l\u2019indignation.<\/p>\n<p>Vives r\u00e9actions du c\u00f4t\u00e9 du camp Moudenc<\/p>\n<p>En effet, la majorit\u00e9 municipale toulousaine n\u2019a pas tard\u00e9 \u00e0 r\u00e9agir. Jonnhy Dunal, conseiller municipal d\u00e9l\u00e9gu\u00e9 \u00e0 l\u2019Ev\u00e9nementiel, a fustig\u00e9 sur les r\u00e9seaux sociaux\u00a0: \u00ab\u00a0Le communautarisme comme boussole, et le client\u00e9lisme comme programme.\u00a0\u00bb<\/p>\n<p>Olivier Arsac, adjoint au Commerce, a ajout\u00e9\u00a0: \u00ab\u00a0La couleur de peau ne doit jamais \u00eatre un crit\u00e8re de s\u00e9lection.\u00a0\u00bb<\/p>\n<p>De la calomnie selon Fran\u00e7ois Piquemal<\/p>\n<p>Face \u00e0 la temp\u00eate, Fran\u00e7ois Piquemal a r\u00e9pondu sur les r\u00e9seaux sociaux, d\u00e9non\u00e7(&#8230;)<\/p>\n<p><a href=\"https:\/\/www.20minutes.fr\/toulouse\/4160370-20250625-municipales-2026-toulouse-babtous-tete-liste-candidat-lfi-dement-porte-plainte?at_medium=RSS%20feed&amp;at_campaign=ynews&amp;utm_source=yahoo&amp;utm_medium=rss&amp;utm_campaign=news_feed&amp;utm_content=read_more_link&quot;\" rel=\"nofollow noopener\" target=\"_blank\" data-ylk=\"slk:Lire la suite sur 20minutes;elm:context_link;itc:0;sec:content-canvas\" class=\"link \">Lire la suite sur 20minutes<\/a><\/p>\n<p>\u00c0 lire aussi :<br \/><a href=\"https:\/\/www.20minutes.fr\/societe\/4132597-20250108-toulouse-pourquoi-mairie-refuse-accueillir-exposition-medecin-frontieres-gaza?at_medium=RSS%20feed&amp;at_campaign=ynews&amp;utm_source=yahoo&amp;utm_medium=rss&amp;utm_campaign=news_feed&amp;utm_content=related_content_link\" rel=\"nofollow noopener\" target=\"_blank\" data-ylk=\"slk:Toulouse\u00a0: Pourquoi la mairie refuse d\u2019accueillir l\u2019exposition de M\u00e9decin sans fronti\u00e8res sur Gaza\u00a0?;elm:context_link;itc:0;sec:content-canvas\" class=\"link \">Toulouse\u00a0: Pourquoi la mairie refuse d\u2019accueillir l\u2019exposition de M\u00e9decin sans fronti\u00e8res sur Gaza\u00a0?<\/a><br \/><a href=\"https:\/\/www.20minutes.fr\/societe\/4105058-20240808-toulouse-torchon-brule-entre-depute-lfi-mairie-apres-photo-serviette-couleurs-palestine?at_medium=RSS%20feed&amp;at_campaign=ynews&amp;utm_source=yahoo&amp;utm_medium=rss&amp;utm_campaign=news_feed&amp;utm_content=related_content_link\" rel=\"nofollow noopener\" target=\"_blank\" data-ylk=\"slk:Toulouse\u00a0: Le torchon br\u00fble entre un d\u00e9put\u00e9 LFI et la mairie, apr\u00e8s une photo de serviette aux couleurs de la Palestine;elm:context_link;itc:0;sec:content-canvas\" class=\"link \">Toulouse\u00a0: Le torchon br\u00fble entre un d\u00e9put\u00e9 LFI et la mairie, apr\u00e8s une photo de serviette aux couleurs de la Palestine<\/a><\/p>\n","protected":false},"excerpt":{"rendered":"Tourmente &#8211; Suite \u00e0 la publication d\u2019un article dans Marianne, le candidat LFI aux \u00e9lections municipales de Toulouse&hellip;\n","protected":false},"author":2,"featured_media":203978,"comment_status":"","ping_status":"","sticky":false,"template":"","format":"standard","meta":{"footnotes":""},"categories":[2816],"tags":[1111,11,4188,1777,674,1011,27,34292,780,20557,12,2680,25,2312],"class_list":{"0":"post-203977","1":"post","2":"type-post","3":"status-publish","4":"format-standard","5":"has-post-thumbnail","7":"category-toulouse","8":"tag-actu","9":"tag-actualites","10":"tag-elections-municipales","11":"tag-eu","12":"tag-europe","13":"tag-fr","14":"tag-france","15":"tag-francois-piquemal","16":"tag-lfi","17":"tag-marianne","18":"tag-news","19":"tag-occitanie","20":"tag-republique-francaise","21":"tag-toulouse"},"share_on_mastodon":{"url":"https:\/\/pubeurope.com\/@fr\/114745682632422679","error":""},"_links":{"self":[{"href":"https:\/\/www.europesays.com\/fr\/wp-json\/wp\/v2\/posts\/203977","targetHints":{"allow":["GET"]}}],"collection":[{"href":"https:\/\/www.europesays.com\/fr\/wp-json\/wp\/v2\/posts"}],"about":[{"href":"https:\/\/www.europesays.com\/fr\/wp-json\/wp\/v2\/types\/post"}],"author":[{"embeddable":true,"href":"https:\/\/www.europesays.com\/fr\/wp-json\/wp\/v2\/users\/2"}],"replies":[{"embeddable":true,"href":"https:\/\/www.europesays.com\/fr\/wp-json\/wp\/v2\/comments?post=203977"}],"version-history":[{"count":0,"href":"https:\/\/www.europesays.com\/fr\/wp-json\/wp\/v2\/posts\/203977\/revisions"}],"wp:featuredmedia":[{"embeddable":true,"href":"https:\/\/www.europesays.com\/fr\/wp-json\/wp\/v2\/media\/203978"}],"wp:attachment":[{"href":"https:\/\/www.europesays.com\/fr\/wp-json\/wp\/v2\/media?parent=203977"}],"wp:term":[{"taxonomy":"category","embeddable":true,"href":"https:\/\/www.europesays.com\/fr\/wp-json\/wp\/v2\/categories?post=203977"},{"taxonomy":"post_tag","embeddable":true,"href":"https:\/\/www.europesays.com\/fr\/wp-json\/wp\/v2\/tags?post=203977"}],"curies":[{"name":"wp","href":"https:\/\/api.w.org\/{rel}","templated":true}]}}