{"id":20398,"date":"2025-04-12T19:23:10","date_gmt":"2025-04-12T19:23:10","guid":{"rendered":"https:\/\/www.europesays.com\/fr\/20398\/"},"modified":"2025-04-12T19:23:10","modified_gmt":"2025-04-12T19:23:10","slug":"info-va-marseille-un-clandestin-algerien-menace-de-mort-le-vice-consul-du-maroc-et-mord-un-agent-de-securite-au-consulat","status":"publish","type":"post","link":"https:\/\/www.europesays.com\/fr\/20398\/","title":{"rendered":"[Info VA] Marseille : un clandestin alg\u00e9rien menace de mort le vice-consul du Maroc et mord un agent de s\u00e9curit\u00e9 au Consulat"},"content":{"rendered":"<p>                                            Faits divers\n                                                                            <\/p>\n<p>\n                                            Le suspect, qui a dit vouloir revenir avec un engin explosif, a \u00e9t\u00e9 interpell\u00e9 et plac\u00e9 en garde \u00e0 vue.\u00a0                                        <\/p>\n<p>                                                Publi\u00e9 le 12 avril 2025 \u00e0 15h29                                                                                            <\/p>\n<p>                                            <img loading=\"lazy\" width=\"1024\" height=\"683\" src=\"https:\/\/www.europesays.com\/fr\/wp-content\/uploads\/2025\/04\/police-1.jpg\" class=\"attachment-post-thumbnail size-post-thumbnail wp-post-image lazy\" alt=\"Image d'illustration \u00a9 Alain ROBERT\/SIPA\" decoding=\"async\"  data-\/><\/p>\n<p>                                            Image d&rsquo;illustration \u00a9 Alain ROBERT\/SIPA<\/p>\n<p>Un clandestin alg\u00e9rien a \u00e9t\u00e9 interpell\u00e9 apr\u00e8s avoir menac\u00e9 de mort le vice-consul du Maroc au Consulat de Marseille et mordu un agent de s\u00e9curit\u00e9, ce vendredi 11 avril, selon nos informations.<\/p>\n<p><a href=\"https:\/\/www.valeursactuelles.com\/faits-divers\/info-va-seine-saint-denis-des-policiers-et-des-pompiers-sauvent-un-suspect-en-fuite-sur-un-toit\" class=\"h-flex h-align-items-center h-border-tb h-ptb-15\" target=\"_blank\" rel=\"noopener\">A\u00a0LIRE\u00a0[Info VA] Seine-Saint-Denis : des policiers et pompiers sauvent un suspect en fuite sur un toit \u00e0 Villemomble<\/a><\/p>\n<blockquote class=\"twitter-tweet\">\n<p dir=\"ltr\" lang=\"fr\">\ud83d\udd34 [Info <a href=\"https:\/\/twitter.com\/Valeurs?ref_src=twsrc%5Etfw\" target=\"_blank\" rel=\"noopener\">@Valeurs<\/a>] Un clandestin alg\u00e9rien de 30 ans a \u00e9t\u00e9 interpell\u00e9 apr\u00e8s avoir menac\u00e9 de mort le vice consul du Maroc au Consulat \u00e0 Marseille et mordu au visage un agent de s\u00e9curit\u00e9, ce vendredi, indique une source polici\u00e8re. Il aussi affirm\u00e9 vouloir revenir avec un engin\u2026<\/p>\n<p>\u2014 Amaury Brelet (@AmauryBrelet) <a href=\"https:\/\/twitter.com\/AmauryBrelet\/status\/1911045107261767987?ref_src=twsrc%5Etfw\" target=\"_blank\" rel=\"noopener\">April 12, 2025<\/a><\/p>\n<\/blockquote>\n<p>Arriv\u00e9s sur place vers 14h50, les policiers ont eu l\u2019autorisation d\u2019acc\u00e9der au b\u00e2timent diplomatique o\u00f9 ils ont constat\u00e9 que le suspect violent et mena\u00e7ant avait quitt\u00e9 les lieux, pr\u00e9cise une source polici\u00e8re \u00e0 Valeurs actuelles.<\/p>\n<p>Le vice-consul a indiqu\u00e9 aux agents avoir \u00e9t\u00e9 menac\u00e9 de mort par le suspect, qui a pr\u00e9venu vouloir revenir avec un engin explosif. Un agent de s\u00e9curit\u00e9 a aussi \u00e9t\u00e9 mordu l\u00e9g\u00e8rement au niveau du visage. Il a port\u00e9 plainte.<\/p>\n<p>L\u2019auteur, identifi\u00e9, a \u00e9t\u00e9 finalement interpell\u00e9 \u00e0 son domicile \u00e0 17h30. \u00c2g\u00e9 de 30 ans, de nationalit\u00e9 alg\u00e9rienne et d\u00e9j\u00e0 connu au\u00a0 Traitement des ant\u00e9c\u00e9dents judiciaires (TAJ), il est en situation irr\u00e9guli\u00e8re depuis le 2 avril dernier. Il a \u00e9t\u00e9 plac\u00e9 en garde \u00e0 vue.<\/p>\n<p>                                                                    <script async src=\"https:\/\/platform.twitter.com\/widgets.js\" charset=\"utf-8\"><\/script><\/p>\n","protected":false},"excerpt":{"rendered":"Faits divers Le suspect, qui a dit vouloir revenir avec un engin explosif, a \u00e9t\u00e9 interpell\u00e9 et plac\u00e9&hellip;\n","protected":false},"author":2,"featured_media":20399,"comment_status":"","ping_status":"","sticky":false,"template":"","format":"standard","meta":{"footnotes":""},"categories":[2814],"tags":[1111,11,4345,1777,674,1011,27,7774,2223,884,7775,12,882,25],"class_list":{"0":"post-20398","1":"post","2":"type-post","3":"status-publish","4":"format-standard","5":"has-post-thumbnail","7":"category-marseille","8":"tag-actu","9":"tag-actualites","10":"tag-algerien","11":"tag-eu","12":"tag-europe","13":"tag-fr","14":"tag-france","15":"tag-garde-a-vue","16":"tag-maroc","17":"tag-marseille","18":"tag-menaces-de-mort","19":"tag-news","20":"tag-provence-alpes-cote-dazur","21":"tag-republique-francaise"},"share_on_mastodon":{"url":"https:\/\/pubeurope.com\/@fr\/114326628159140435","error":""},"_links":{"self":[{"href":"https:\/\/www.europesays.com\/fr\/wp-json\/wp\/v2\/posts\/20398","targetHints":{"allow":["GET"]}}],"collection":[{"href":"https:\/\/www.europesays.com\/fr\/wp-json\/wp\/v2\/posts"}],"about":[{"href":"https:\/\/www.europesays.com\/fr\/wp-json\/wp\/v2\/types\/post"}],"author":[{"embeddable":true,"href":"https:\/\/www.europesays.com\/fr\/wp-json\/wp\/v2\/users\/2"}],"replies":[{"embeddable":true,"href":"https:\/\/www.europesays.com\/fr\/wp-json\/wp\/v2\/comments?post=20398"}],"version-history":[{"count":0,"href":"https:\/\/www.europesays.com\/fr\/wp-json\/wp\/v2\/posts\/20398\/revisions"}],"wp:featuredmedia":[{"embeddable":true,"href":"https:\/\/www.europesays.com\/fr\/wp-json\/wp\/v2\/media\/20399"}],"wp:attachment":[{"href":"https:\/\/www.europesays.com\/fr\/wp-json\/wp\/v2\/media?parent=20398"}],"wp:term":[{"taxonomy":"category","embeddable":true,"href":"https:\/\/www.europesays.com\/fr\/wp-json\/wp\/v2\/categories?post=20398"},{"taxonomy":"post_tag","embeddable":true,"href":"https:\/\/www.europesays.com\/fr\/wp-json\/wp\/v2\/tags?post=20398"}],"curies":[{"name":"wp","href":"https:\/\/api.w.org\/{rel}","templated":true}]}}