{"id":203981,"date":"2025-06-25T19:36:27","date_gmt":"2025-06-25T19:36:27","guid":{"rendered":"https:\/\/www.europesays.com\/fr\/203981\/"},"modified":"2025-06-25T19:36:27","modified_gmt":"2025-06-25T19:36:27","slug":"mercato-lille-en-discussions-avec-olivier-giroud","status":"publish","type":"post","link":"https:\/\/www.europesays.com\/fr\/203981\/","title":{"rendered":"Mercato\u00a0: Lille en discussions avec Olivier Giroud"},"content":{"rendered":"<p class=\"paragraph text_align_left lp-f-body-02\">A 38\u00a0ans, Olivier Giroud se retrouve \u00e0 un tournant de sa carri\u00e8re. L\u2019avenir de l\u2019attaquant fran\u00e7ais, actuellement au Los Angeles FC, <a href=\"https:\/\/www.leparisien.fr\/sports\/football\/coupe-du-monde-des-clubs\/mondial-des-clubs-une-opportunite-de-montrer-a-leurope-de-quoi-on-est-faits-lance-olivier-giroud-13-06-2025-UGJDZEEYINAEJLFMWOWGZXAZKA.php\" target=\"_self\" rel=\"nofollow noopener\">avec lequel il a particip\u00e9 \u00e0 la Coupe du monde des clubs<\/a>, demeure incertain alors qu\u2019une r\u00e9union d\u00e9cisive avec les dirigeants californiens est pr\u00e9vue dans les jours \u00e0 venir.<\/p>\n<p class=\"paragraph text_align_left lp-f-body-02\">Si son contrat court jusqu\u2019\u00e0 fin 2025, une clause permettrait de prolonger d\u2019une saison suppl\u00e9mentaire. Mais son rendement en demi-teinte (seulement 5 buts et 3 passes d\u00e9cisives en 37 matchs toutes comp\u00e9titions confondues depuis son arriv\u00e9e) ainsi que les ambitions du club \u2014 notamment l\u2019int\u00e9r\u00eat pour Thomas M\u00fcller \u2014 pourraient pr\u00e9cipiter son d\u00e9part.<\/p>\n<p>Un challenge int\u00e9ressant<\/p>\n<p class=\"paragraph text_align_left lp-f-body-02\">Dans ce contexte, le LOSC, 5e de L1 et qualifi\u00e9 pour la Ligue Europa, s\u2019est positionn\u00e9. Priv\u00e9 de plusieurs cadres offensifs, dont Jonathan David parti libre, le club nordiste cherche \u00e0 frapper un grand coup sur le march\u00e9. Selon nos informations, <a href=\"https:\/\/lepetitlillois.com\/2025\/06\/25\/mercato-olivier-giroud-a-la-pointe-de-son-attaque-le-losc-tente-un-coup-a-la-samuel-umtiti\/\" target=\"_self\" rel=\"nofollow noopener\">qui confirment celles du Petit Lillois<\/a>, Lille, s\u00e9duit par l\u2019id\u00e9e de renforcer son effectif avec un profil exp\u00e9riment\u00e9 a entam\u00e9 des discussions avec le meilleur buteur de l\u2019histoire des Bleus (57).<\/p>\n<p class=\"paragraph text_align_left lp-f-body-02\">M\u00eame si ce dernier n\u2019est pas insensible au challenge nordiste, l\u2019op\u00e9ration se r\u00e9v\u00e8le complexe sur le plan financier (Giroud touche environ 3\u00a0millions d\u2019euros annuels), mais reste envisageable.<\/p>\n<p class=\"paragraph text_align_left lp-f-body-02\">Le d\u00e9fi propos\u00e9 par le LOSC \u2014 ambitieux, structur\u00e9, et port\u00e9 par Bruno Genesio \u2014 pourrait en effet changer la donne. Lille a d\u00e9j\u00e0 prouv\u00e9 qu\u2019il pouvait attirer de grands noms, \u00e0 l\u2019image de Samuel Umtiti, un autre champion du monde 2018. Giroud, qui n\u2019a plus jou\u00e9 en Ligue\u00a01 depuis le titre avec Montpellier en 2012, pourrait y retrouver un ultime projet stimulant.<\/p>\n","protected":false},"excerpt":{"rendered":"A 38\u00a0ans, Olivier Giroud se retrouve \u00e0 un tournant de sa carri\u00e8re. L\u2019avenir de l\u2019attaquant fran\u00e7ais, actuellement au&hellip;\n","protected":false},"author":2,"featured_media":203982,"comment_status":"","ping_status":"","sticky":false,"template":"","format":"standard","meta":{"footnotes":""},"categories":[2815],"tags":[1111,11,1777,674,63,1011,27,811,66,1307,12,25,60],"class_list":{"0":"post-203981","1":"post","2":"type-post","3":"status-publish","4":"format-standard","5":"has-post-thumbnail","7":"category-lille","8":"tag-actu","9":"tag-actualites","10":"tag-eu","11":"tag-europe","12":"tag-football","13":"tag-fr","14":"tag-france","15":"tag-hauts-de-france","16":"tag-ligue-1","17":"tag-lille","18":"tag-news","19":"tag-republique-francaise","20":"tag-sports"},"share_on_mastodon":{"url":"https:\/\/pubeurope.com\/@fr\/114745690264422641","error":""},"_links":{"self":[{"href":"https:\/\/www.europesays.com\/fr\/wp-json\/wp\/v2\/posts\/203981","targetHints":{"allow":["GET"]}}],"collection":[{"href":"https:\/\/www.europesays.com\/fr\/wp-json\/wp\/v2\/posts"}],"about":[{"href":"https:\/\/www.europesays.com\/fr\/wp-json\/wp\/v2\/types\/post"}],"author":[{"embeddable":true,"href":"https:\/\/www.europesays.com\/fr\/wp-json\/wp\/v2\/users\/2"}],"replies":[{"embeddable":true,"href":"https:\/\/www.europesays.com\/fr\/wp-json\/wp\/v2\/comments?post=203981"}],"version-history":[{"count":0,"href":"https:\/\/www.europesays.com\/fr\/wp-json\/wp\/v2\/posts\/203981\/revisions"}],"wp:featuredmedia":[{"embeddable":true,"href":"https:\/\/www.europesays.com\/fr\/wp-json\/wp\/v2\/media\/203982"}],"wp:attachment":[{"href":"https:\/\/www.europesays.com\/fr\/wp-json\/wp\/v2\/media?parent=203981"}],"wp:term":[{"taxonomy":"category","embeddable":true,"href":"https:\/\/www.europesays.com\/fr\/wp-json\/wp\/v2\/categories?post=203981"},{"taxonomy":"post_tag","embeddable":true,"href":"https:\/\/www.europesays.com\/fr\/wp-json\/wp\/v2\/tags?post=203981"}],"curies":[{"name":"wp","href":"https:\/\/api.w.org\/{rel}","templated":true}]}}