{"id":203983,"date":"2025-06-25T19:37:09","date_gmt":"2025-06-25T19:37:09","guid":{"rendered":"https:\/\/www.europesays.com\/fr\/203983\/"},"modified":"2025-06-25T19:37:09","modified_gmt":"2025-06-25T19:37:09","slug":"piscines-nord-et-luminy-deux-projets-qui-pataugent","status":"publish","type":"post","link":"https:\/\/www.europesays.com\/fr\/203983\/","title":{"rendered":"Piscines Nord et Luminy\u00a0: deux projets qui pataugent"},"content":{"rendered":"<p>Il y a deux ans, <a href=\"https:\/\/www.laprovence.com\/article\/region\/581456110704815\/marseille-les-ecologistes-votent-finalement-pour-les-piscines-nord-et-luminy\" target=\"_blank\" rel=\"noopener\">le conseil municipal adoptait le mode de gestion des deux complexes aquatiques<\/a> en projet sur les sites des piscines Nord (15e) et de Luminy (9e), respectivement abandonn\u00e9es par la pr\u00e9c\u00e9dente municipalit\u00e9 en 2011 et 2009. <a href=\"https:\/\/www.laprovence.com\/article\/region\/30228746269515\/en-2027-la-ville-de-marseille-va-rouvrir-les-piscines-nord-et-luminy\" target=\"_blank\" rel=\"noopener\">Les \u00e9lus approuvaient alors le montage d\u2019une Semop<\/a>. Une Soci\u00e9t\u00e9 d\u2019\u00e9conomie mixte \u00e0 op\u00e9ration unique qui pr\u00e9voyait un budget de 76 millions d\u2019euros pour la r\u00e9novation compl\u00e8te des deux bassins, programmant des inaugurations en 2026, apr\u00e8s 18 mois de travaux. Mais depuis l\u2019annonce de la maire adjointe (DVG) charg\u00e9e des grands \u00e9quipements, Samia Ghali, aucun des deux projets n\u2019a sorti la t\u00eate de l\u2019eau.<\/p>\n<p>En f\u00e9vrier 2024, l\u2019\u00e9lue avait certes revu le calendrier initial, \u00e9voquant une ouverture en 2027. Mais elle restait d\u00e9termin\u00e9e \u00e0 offrir deux installations modernes \u00e0 la ville : au nord, un complexe aqualudique pour l\u2019apprentissage de la nage et les loisirs, avec structure indoor pour les sports d\u2019int\u00e9rieur et offre de restauration ; \u00e0 Luminy, un p\u00f4le d\u2019excellence avec centre d\u2019h\u00e9bergement et fosse de plong\u00e9e pour un \u00ab\u00a0v\u00e9ritable Clairefontaine de la natation\u00a0\u00bb, dixit Samia Ghali. Mais aujourd\u2019hui, plus rien ne filtre. \u00ab\u00a0L\u2019autorit\u00e9 conc\u00e9dante ne peut communiquer les informations confidentielles dans le cadre d\u2019un contrat de concession, dont la divulgation violerait le secret des affaires\u00a0\u00bb, \u00e9lude la Ville. Sans pour autant expliquer le calendrier annonc\u00e9 qui appara\u00eet d\u00e9j\u00e0 p\u00e9rim\u00e9.<\/p>\n<p>La Semop, une fausse bonne id\u00e9e\u00a0?<\/p>\n<p>C\u00f4t\u00e9 couloir, on pointe du doigt le \u00ab\u00a0montage complexe et co\u00fbteux\u00a0\u00bb des dossiers. \u00ab\u00a0Sur les 4\u00a0100 piscines li\u00e9es \u00e0 l\u2019activit\u00e9 municipale en France, on en compte 300 en DSP (d\u00e9l\u00e9gation de service public), une quinzaine en concession de travaux, une seule en Semop, \u00e0 Rillieux-la-Pape (un complexe aquatique livr\u00e9 en\u00a02019) souligne un sp\u00e9cialiste de l\u2019implantation de ce type d\u2019\u00e9quipements publics. C\u2019est que le mod\u00e8le est complexe\u00a0: il s\u2019agit pour le partenaire priv\u00e9 de prendre tous les risques financiers alors qu\u2019il appartient \u00e0 la collectivit\u00e9 de fixer le cahier des charges, tout cela est assez antinomique. Il faut par exemple int\u00e9grer les souhaits de la Ville concernant la gratuit\u00e9 lors des p\u00e9riodes de canicule, ou la pratique de tarifs pr\u00e9f\u00e9rentiels. En DSP, la Ville a un droit de regard. Ici, elle est majoritaire au conseil de surveillance et il faut dans le m\u00eame temps que le priv\u00e9 imagine un mod\u00e8le o\u00f9 chaque m\u00b2 est rentabilis\u00e9.\u00a0\u00bb<\/p>\n","protected":false},"excerpt":{"rendered":"Il y a deux ans, le conseil municipal adoptait le mode de gestion des deux complexes aquatiques en&hellip;\n","protected":false},"author":2,"featured_media":203984,"comment_status":"","ping_status":"","sticky":false,"template":"","format":"standard","meta":{"footnotes":""},"categories":[2814],"tags":[17,1111,11,4070,1777,674,1011,27,19850,884,12,1308,34294,18812,4916,882,3583,16,25],"class_list":{"0":"post-203983","1":"post","2":"type-post","3":"status-publish","4":"format-standard","5":"has-post-thumbnail","7":"category-marseille","8":"tag-17","9":"tag-actu","10":"tag-actualites","11":"tag-deux","12":"tag-eu","13":"tag-europe","14":"tag-fr","15":"tag-france","16":"tag-luminy","17":"tag-marseille","18":"tag-news","19":"tag-nord","20":"tag-pataugent","21":"tag-piscines","22":"tag-projets","23":"tag-provence-alpes-cote-dazur","24":"tag-qui","25":"tag-region","26":"tag-republique-francaise"},"share_on_mastodon":{"url":"https:\/\/pubeurope.com\/@fr\/114745694254442768","error":""},"_links":{"self":[{"href":"https:\/\/www.europesays.com\/fr\/wp-json\/wp\/v2\/posts\/203983","targetHints":{"allow":["GET"]}}],"collection":[{"href":"https:\/\/www.europesays.com\/fr\/wp-json\/wp\/v2\/posts"}],"about":[{"href":"https:\/\/www.europesays.com\/fr\/wp-json\/wp\/v2\/types\/post"}],"author":[{"embeddable":true,"href":"https:\/\/www.europesays.com\/fr\/wp-json\/wp\/v2\/users\/2"}],"replies":[{"embeddable":true,"href":"https:\/\/www.europesays.com\/fr\/wp-json\/wp\/v2\/comments?post=203983"}],"version-history":[{"count":0,"href":"https:\/\/www.europesays.com\/fr\/wp-json\/wp\/v2\/posts\/203983\/revisions"}],"wp:featuredmedia":[{"embeddable":true,"href":"https:\/\/www.europesays.com\/fr\/wp-json\/wp\/v2\/media\/203984"}],"wp:attachment":[{"href":"https:\/\/www.europesays.com\/fr\/wp-json\/wp\/v2\/media?parent=203983"}],"wp:term":[{"taxonomy":"category","embeddable":true,"href":"https:\/\/www.europesays.com\/fr\/wp-json\/wp\/v2\/categories?post=203983"},{"taxonomy":"post_tag","embeddable":true,"href":"https:\/\/www.europesays.com\/fr\/wp-json\/wp\/v2\/tags?post=203983"}],"curies":[{"name":"wp","href":"https:\/\/api.w.org\/{rel}","templated":true}]}}