{"id":203987,"date":"2025-06-25T19:39:11","date_gmt":"2025-06-25T19:39:11","guid":{"rendered":"https:\/\/www.europesays.com\/fr\/203987\/"},"modified":"2025-06-25T19:39:11","modified_gmt":"2025-06-25T19:39:11","slug":"on-ne-touche-pas-au-marche-clame-la-maire-du-3e-qui-veut-faire-taire-la-rumeur","status":"publish","type":"post","link":"https:\/\/www.europesays.com\/fr\/203987\/","title":{"rendered":"\u00ab\u00a0On ne touche pas au march\u00e9\u00a0!\u00a0\u00bb, clame la maire du 3e\u00a0 qui veut faire taire la rumeur"},"content":{"rendered":"<p>La consultation a pris la forme\u00a0d\u2019une \u00ab\u00a0r\u00e9flexion collective\u00a0\u00bb lanc\u00e9e fin 2024. L\u2019objectif affich\u00e9 par la mairie du 3e \u00a0? Interroger\u00a0les habitants, les acteurs du quartier sur \u00ab\u00a0l\u2019avenir\u00a0de la place du Ch\u00e2teau\u00a0\u00bb, via un questionnaire. Apr\u00e8s une analyse des r\u00e9sultats, l\u2019heure est \u00e0 la restitution des avis. Une r\u00e9union publique est organis\u00e9e ce jeudi 26\u00a0juin. \u00ab\u00a01\u00a0600 personnes ont r\u00e9pondu, c\u2019est assez rare dans ce type de concertation\u00a0\u00bb, se r\u00e9jouit <a href=\"https:\/\/www.leprogres.fr\/politique\/2025\/01\/11\/une-ville-moins-stressante-lors-de-ses-voeux-marion-sessiecq-donne-le-la-pour-le-3e-arrondissement\" target=\"_blank\" rel=\"nofollow noopener\">Marion Sessiecq<\/a> maire de l\u2019arrondissement.<\/p>\n<blockquote class=\"question\"><p>Un \u00ab\u00a0beau march\u00e9 local\u00a0\u00bb, deux fois par semaine<\/p><\/blockquote>\n<p>Beaucoup de propositions \u00ab\u00a0\u00e9mergent\u00a0\u00bb, certains sont favorables \u00e0 un am\u00e9nagement de cette \u00ab\u00a0place de village\u00a0\u00bb qui fait aujourd\u2019hui <a href=\"https:\/\/www.leprogres.fr\/environnement\/2022\/09\/13\/places-de-stationnement-ou-pas-la-fonction-de-la-place-du-chateau-en-question\" target=\"_blank\" rel=\"nofollow noopener\"> office de parking<\/a> et demandent des terrasses, d\u2019autres veulent \u00ab\u00a0absolument que rien ne change\u00a0\u00bb.\u00a0Et surtout pas le march\u00e9, ce \u00ab\u00a0beau march\u00e9 local\u00a0\u00bb qui se tient ici deux fois par semaine.<\/p>\n<p>\u00ab\u00a0On ne touche pas au march\u00e9, c\u2019est un invariant des \u00e9lus\u00a0\u00bb, lance\u00a0l\u2019\u00e9lue souhaitant\u00a0mettre les points sur les \u00ab\u00a0i\u00a0\u00bb face \u00e0 une \u00ab\u00a0rumeur\u00a0\u00bb qui semble circuler ces derniers temps \u00e0 Montchat, o\u00f9 il est question d\u2019une suppression.\u00a0Est-ce une inqui\u00e9tude\u00a0? Une\u00a0appr\u00e9hension\u00a0?<\/p>\n<p>\u00ab\u00a0C\u2019est totalement faux\u00a0\u00bb, dit-elle. \u00ab\u00a0Bien au contraire, on veut pr\u00e9server les march\u00e9s de primeurs, on veut les valoriser.\u00a0\u00bb Reste que l\u2019id\u00e9e d\u2019un d\u00e9placement \u00ab\u00a0tout ou partie du march\u00e9\u00a0\u00bb aurait \u00e9t\u00e9 \u00e9voqu\u00e9e lors d\u2019une assembl\u00e9e g\u00e9n\u00e9rale d\u2019association d\u00e9but 2025. \u00ab\u00a0Cela a \u00e9t\u00e9 mal compris, affirme-t-on du c\u00f4t\u00e9 de la mairie du 3e , ce qui a \u00e9t\u00e9 mentionn\u00e9 c\u2019est la possibilit\u00e9 d\u2019agrandir le march\u00e9, si le cours Eug\u00e9nie \u00e9tait pi\u00e9tonnis\u00e9.\u00a0\u00bb<\/p>\n<p class=\"note\">Quels usages pour la place du Ch\u00e2teau\u00a0? R\u00e9union publique de restitution de l\u2019enqu\u00eate, jeudi 26\u00a0juin \u00e0 18\u00a0h\u00a030, \u00e0 la MJC\u00a0de Montchat (salle Barbara).<\/p>\n","protected":false},"excerpt":{"rendered":"La consultation a pris la forme\u00a0d\u2019une \u00ab\u00a0r\u00e9flexion collective\u00a0\u00bb lanc\u00e9e fin 2024. L\u2019objectif affich\u00e9 par la mairie du 3e&hellip;\n","protected":false},"author":2,"featured_media":203988,"comment_status":"","ping_status":"","sticky":false,"template":"","format":"standard","meta":{"footnotes":""},"categories":[1889],"tags":[1111,11,2430,4406,33,2757,1777,674,1011,27,2428,2756,12,25,104],"class_list":{"0":"post-203987","1":"post","2":"type-post","3":"status-publish","4":"format-standard","5":"has-post-thumbnail","7":"category-lyon","8":"tag-actu","9":"tag-actualites","10":"tag-auvergne-rhone-alpes","11":"tag-commerce-et-services","12":"tag-economie","13":"tag-edition-lyon-villeurbanne","14":"tag-eu","15":"tag-europe","16":"tag-fr","17":"tag-france","18":"tag-lyon","19":"tag-lyon-bassin","20":"tag-news","21":"tag-republique-francaise","22":"tag-societe"},"share_on_mastodon":{"url":"https:\/\/pubeurope.com\/@fr\/114745702102192841","error":""},"_links":{"self":[{"href":"https:\/\/www.europesays.com\/fr\/wp-json\/wp\/v2\/posts\/203987","targetHints":{"allow":["GET"]}}],"collection":[{"href":"https:\/\/www.europesays.com\/fr\/wp-json\/wp\/v2\/posts"}],"about":[{"href":"https:\/\/www.europesays.com\/fr\/wp-json\/wp\/v2\/types\/post"}],"author":[{"embeddable":true,"href":"https:\/\/www.europesays.com\/fr\/wp-json\/wp\/v2\/users\/2"}],"replies":[{"embeddable":true,"href":"https:\/\/www.europesays.com\/fr\/wp-json\/wp\/v2\/comments?post=203987"}],"version-history":[{"count":0,"href":"https:\/\/www.europesays.com\/fr\/wp-json\/wp\/v2\/posts\/203987\/revisions"}],"wp:featuredmedia":[{"embeddable":true,"href":"https:\/\/www.europesays.com\/fr\/wp-json\/wp\/v2\/media\/203988"}],"wp:attachment":[{"href":"https:\/\/www.europesays.com\/fr\/wp-json\/wp\/v2\/media?parent=203987"}],"wp:term":[{"taxonomy":"category","embeddable":true,"href":"https:\/\/www.europesays.com\/fr\/wp-json\/wp\/v2\/categories?post=203987"},{"taxonomy":"post_tag","embeddable":true,"href":"https:\/\/www.europesays.com\/fr\/wp-json\/wp\/v2\/tags?post=203987"}],"curies":[{"name":"wp","href":"https:\/\/api.w.org\/{rel}","templated":true}]}}