{"id":203995,"date":"2025-06-25T19:43:14","date_gmt":"2025-06-25T19:43:14","guid":{"rendered":"https:\/\/www.europesays.com\/fr\/203995\/"},"modified":"2025-06-25T19:43:14","modified_gmt":"2025-06-25T19:43:14","slug":"grele-trains-annules-chutes-darbres-des-degats-deja-constates-a-cause-des-violents-orages-ce-mercredi","status":"publish","type":"post","link":"https:\/\/www.europesays.com\/fr\/203995\/","title":{"rendered":"Gr\u00eale, trains annul\u00e9s, chutes d&rsquo;arbres&#8230; Des d\u00e9g\u00e2ts d\u00e9j\u00e0 constat\u00e9s \u00e0 cause des violents orages ce mercredi"},"content":{"rendered":"<p>            Par<br \/>\n        <strong><br \/>\n            <a href=\"https:\/\/actu.fr\/auteur\/alexandra-segond\" title=\"Consulter tous les articles de Alexandra Segond\" target=\"_blank\" rel=\"noopener\">Alexandra Segond<\/a><br \/>\n        <\/strong><\/p>\n<p>        Publi\u00e9 le<\/p>\n<p>            25 juin 2025 \u00e0 20h42        <\/p>\n<p>\u00ab\u00a0SOYEZ PRUDENT. Forts <a href=\"https:\/\/actu.fr\/tag\/orages\" target=\"_blank\" rel=\"noopener\">orages<\/a> attendus dans la prochaine heure. <strong>Risque de gr\u00eale, vent fort\u00a0\u00bb<\/strong> : ce message, vous l\u2019avez probablement aussi re\u00e7u ce mercredi 25 juin 2025 peu apr\u00e8s 18h30. Pour cause : <strong>une \u00ab\u00a0d\u00e9gradation orageuse marqu\u00e9e\u00a0\u00bb<\/strong> s\u2019abat sur une grande partie de la France jusqu\u2019au lendemain.<\/p>\n<p class=\" wall-content\"><a href=\"https:\/\/actu.fr\/meteo\/orages-violents-vent-a-120-km-h-grele-la-vigilance-orange-activee-mercredi-presque-tout-le-pays-en-jaune_62817067.html\" target=\"_blank\" rel=\"noopener\">Plus d\u2019une cinquantaine de d\u00e9partements sont d\u2019ailleurs plac\u00e9s en vigilance orange<\/a> pour risques \u00ab\u00a0d\u2019orages violents\u00a0\u00bb et des vigilances ont \u00e9t\u00e9 d\u00e9clench\u00e9es pour jeudi 26 juin 2025. D\u00e9j\u00e0, ce mercredi soir, <strong>des premiers d\u00e9g\u00e2ts li\u00e9s aux orages<\/strong> sont observables en r\u00e9gion.<\/p>\n<p class=\" wall-content\">Peu avant 21h30, le Premier ministre <strong>Fran\u00e7ois Bayrou<\/strong> a par ailleurs <a href=\"https:\/\/x.com\/bayrou\/status\/1937955364953329974\">appel\u00e9 sur X<\/a> \u00ab\u00a0\u00e0 la plus grande prudence dans les d\u00e9placements de chacun\u00a0\u00bb, saluant au passage le travail des forces de secours \u00ab\u00a0mobilis\u00e9es sur le terrain en ce moment et dans les prochaines heures\u00a0\u00bb.<\/p>\n<p class=\" wall-content\">\n<p>Le site de M\u00e9t\u00e9o France satur\u00e9 de visites<\/p>\n<p class=\" wall-content\">Preuve de l\u2019inqui\u00e9tude des Fran\u00e7ais pour cette grosse s\u00e9quence orageuse, le site de <a href=\"https:\/\/actu.fr\/tag\/meteo-france\" target=\"_blank\" rel=\"noopener\">M\u00e9t\u00e9o France<\/a> enregistre un nombre de connexions cons\u00e9quents. Au point que <strong>la page Internet principale soit inaccessible<\/strong> et qu\u2019un message d\u2019erreur s\u2019affiche si vous tentez de vous y connecter.<\/p>\n<blockquote class=\"ac-article-quote wall-content\">\n<p>En raison du nombre important de connexions sur nos services, vous visitez actuellement le site de secours de M\u00e9t\u00e9o France, avec un contenu restreint.<\/p>\n<p>    <strong>Page d&rsquo;accueil du site de M\u00e9t\u00e9o France<\/strong>\n            <\/p><\/blockquote>\n<p>Vid\u00e9os : en ce moment sur Actu<br \/>\n    <img   decoding=\"async\" loading=\"lazy\" src=\"https:\/\/www.europesays.com\/fr\/wp-content\/uploads\/2025\/06\/meteo-france-orages-site-plante-message-erreur-connexions-important-720x640.jpeg\" alt=\"Le site de M\u00e9t\u00e9o France engrange un nombre trop important de connexions ce mercredi 25 juin 2025 soir.\" width=\"720\" height=\"640\"\/><br \/>\n    Le site de M\u00e9t\u00e9o France engrange un nombre trop important de connexions ce mercredi 25 juin 2025 soir. (\u00a9Capture d\u2019\u00e9cran \/ M\u00e9t\u00e9o France)D\u00e9j\u00e0 des impressionnants d\u00e9g\u00e2ts sur le bassin d\u2019Arcachon<\/p>\n<p class=\" wall-content\">Les orages survenus dans la nuit du mardi 24 au mercredi 25 juin 2025 ont fait d\u2019importants d\u00e9g\u00e2ts sur le <strong>bassin d\u2019Arcachon<\/strong> : en l\u2019espace de deux heures et demi, les pompiers ont men\u00e9\u00a0139 interventions, <a href=\"https:\/\/actu.fr\/societe\/en-images-les-impressionnants-degats-causes-par-les-orages-sur-le-bassin-d-arcachon_62825368.html\" target=\"_blank\" rel=\"noopener\">rapportent nos journalistes d\u2019actu Bordeaux<\/a> ce mercredi soir.<\/p>\n<p class=\" wall-content\">Des <strong>chutes d\u2019arbres<\/strong> ont \u00e9t\u00e9 observ\u00e9es un peu partout dans le bassin : devant le ch\u00e2teau Dupuy (ancienne mairie d\u2019Ar\u00e8s), sur des maisons, dans des campings, au bord du port\u2026 \u00c0 Arcachon et \u00e0 La Teste-de-Buch, certaines voies de circulation sont rest\u00e9es bloqu\u00e9es.<\/p>\n<p class=\" wall-content\">\n    <img   decoding=\"async\" loading=\"lazy\" src=\"https:\/\/www.europesays.com\/fr\/wp-content\/uploads\/2025\/06\/512675887-1294603446005632-3403809506222665240-n-960x640.jpg\" alt=\"Les secours interviennent \u00e0 Lanton.\" width=\"960\" height=\"640\"\/><br \/>\n    Les secours interviennent \u00e0 Lanton. (\u00a9Ville de Lanton)<br \/>\n    <img   decoding=\"async\" loading=\"lazy\" src=\"https:\/\/www.europesays.com\/fr\/wp-content\/uploads\/2025\/06\/512699894-733946685813594-2121601598819166122-n-960x640.jpg\" alt=\"L'arbre est tomb\u00e9 devant l'ancienne mairie d'Ar\u00e8s.\" width=\"960\" height=\"640\"\/><br \/>\n    L\u2019arbre est tomb\u00e9 devant l\u2019ancienne mairie d\u2019Ar\u00e8s. (\u00a9Mairie d\u2019Ar\u00e8s)<\/p>\n<p>Chutes de gr\u00eale dans les Landes<\/p>\n<p class=\" wall-content\">\u00ab\u00a0Heureusement, \u00e7a n\u2019a pas dur\u00e9 longtemps\u00a0\u00bb, soufflent les habitants. Ce mercredi 25 juin 2025 en fin d\u2019apr\u00e8s-midi, un gros \u00e9pisode orageux a travers\u00e9 les <strong>Landes<\/strong>, charriant avec lui <strong>des gr\u00ealons gros comme des balles de golf<\/strong>.\u00a0Certains foyers n\u2019ont plus d\u2019\u00e9lectricit\u00e9, <a href=\"https:\/\/actu.fr\/nouvelle-aquitaine\/peyrehorade_40224\/en-quelques-minutes-d-enormes-grelons-tombent-dans-les-landes-apres-un-violent-orage_62825169.html\" target=\"_blank\" rel=\"noopener\">a rep\u00e9r\u00e9 notre r\u00e9daction locale actu Landes<\/a>.<\/p>\n<p class=\" wall-content\">Plusieurs autres d\u00e9partements pourraient \u00eatre touch\u00e9s par la gr\u00eale ce mercredi. C\u2019est le cas de <strong>l\u2019Auvergne<\/strong> par exemple, o\u00f9 les orages pourront entra\u00eener une \u00ab\u00a0production de chutes de gr\u00eale s\u00e9v\u00e8res\u00a0\u00bb selon l\u2019observatoire Keraunos, <a href=\"https:\/\/actu.fr\/auvergne-rhone-alpes\/clermont-ferrand_63113\/meteo-des-orages-violents-de-grele-arrivent-sur-l-auvergne-les-secteurs-a-risque_62821102.html\" target=\"_blank\" rel=\"noopener\">cit\u00e9 par actu Saint-Etienne<\/a>.<\/p>\n<p>    <img   decoding=\"async\" loading=\"lazy\" src=\"https:\/\/www.europesays.com\/fr\/wp-content\/uploads\/2025\/06\/e34e43181d486d74e43181d489b4e4v-960x640.jpg\" alt=\"\u00c0 Elbeuf, des habitants ont ramass\u00e9 des gr\u00ealons gros comme des balles de tennis.\" width=\"960\" height=\"640\"\/><br \/>\n    Mi juin 2025, des habitants ont ramass\u00e9 des gr\u00ealons gros comme des balles de tennis vers Elbeuf (Seine-et-Maritime). (\u00a9Photo envoy\u00e9e par une lectrice au Journal d\u2019Elbeuf.)<\/p>\n<p class=\" wall-content\">Vigilance aussi du c\u00f4t\u00e9 <a href=\"https:\/\/actu.fr\/auvergne-rhone-alpes\/villefranche-sur-saone_69264\/lyon-des-orages-violents-arrivent-avec-une-chaleur-terrible-dans-le-rhone-de-la-grele-attendue_62821529.html\" target=\"_blank\" rel=\"noopener\">du Rh\u00f4ne<\/a>, <a href=\"https:\/\/actu.fr\/occitanie\/toulouse_31555\/risque-de-grele-rafales-de-vent-entre-80-et-120-km-h-la-haute-garonne-passe-en-vigilance-orange-aux-orages_62820760.html\" target=\"_blank\" rel=\"noopener\">de la Haute-Garonne<\/a>, <a href=\"https:\/\/actu.fr\/meteo\/orages-dans-laisne-pluie-vent-grele-vigilance-orange-voici-a-quoi-sattendre_62823152.html\" target=\"_blank\" rel=\"noopener\">de l\u2019Aisne<\/a> ou encore du <a href=\"https:\/\/actu.fr\/meteo\/orages-violents-prevus-ce-mercredi-sur-le-centre-val-de-loire-avec-des-vents-jusqu-a-130-km-h-de-la-grele_62822917.html\" target=\"_blank\" rel=\"noopener\">Centre-Val de Loire<\/a>, ont observ\u00e9 les r\u00e9dactions locales d\u2019actu.fr.<\/p>\n<p>Circulation des trains perturb\u00e9e ou suspendue<\/p>\n<p class=\" wall-content\">La soci\u00e9t\u00e9 nationale des chemins de fer fran\u00e7ais (SNCF) a d\u00e9cid\u00e9 de suspendre la circulation des trains dans la soir\u00e9e sur <strong>la plupart des lignes normandes<\/strong>.\u00a0Seul trajet \u00e9pargn\u00e9, <a href=\"https:\/\/actu.fr\/normandie\/vernon_27681\/orage-le-departement-de-leure-en-alerte-orange-la-circulation-des-trains-suspendue-pour-la-soiree_62824572.html\" target=\"_blank\" rel=\"noopener\">rapporte notre r\u00e9daction locale\u00a0Le D\u00e9mocrate Vernonnais<\/a> : les axes Caen-Cherbourg et Granville-Rennes.<\/p>\n<blockquote class=\"ac-article-quote wall-content\">\n<p>Les voyageurs sont invit\u00e9s \u00e0 anticiper leur voyage mercredi apr\u00e8s-midi sur les lignes concern\u00e9es par l\u2019interruption de circulation et\/ou \u00e0 v\u00e9rifier les horaires de leurs trains. [&#8230;] Les \u00e9quipes de SNCF R\u00e9seau sont mobilis\u00e9es pour permettre une reprise normale du trafic, envisag\u00e9e pour le jeudi 26 juin matin. Cette reprise d\u00e9pendra des impacts des orages sur les voies.<\/p>\n<p>    <strong>SNCF<\/strong>\n            <\/p><\/blockquote>\n<p class=\" wall-content\">De grosses perturbations aussi sont pr\u00e9vues mercredi dans la soir\u00e9e <strong>sur les lignes SNCF de la r\u00e9gion \u00cele-de-France<\/strong>, <a href=\"https:\/\/actu.fr\/ile-de-france\/paris_75056\/orages-et-vents-violents-a-paris-et-en-ile-de-france-de-grosses-perturbations-prevues-sur-les-lignes-sncf_62826053.html\" target=\"_blank\" rel=\"noopener\">indiquent nos journalistes d\u2019actu Paris<\/a>. Les RER et Transilien sont les premiers concern\u00e9s, \u00e0\u00a0 l\u2019instar des lignes J et L qui desservent l\u2019ouest (et o\u00f9 la situation est prise tr\u00e8s au s\u00e9rieux).<\/p>\n<p>    <img   decoding=\"async\" loading=\"lazy\" src=\"https:\/\/www.europesays.com\/fr\/wp-content\/uploads\/2025\/06\/5608ab8e370868a08ab8e37087e08av-960x640.jpg\" alt=\"Sur la ligne A du RER, aucun train n'a circul\u00e9 ce samedi 14 juin 2025 entre Sartrouville et Ach\u00e8res-Ville (Yvelines).\" width=\"960\" height=\"640\"\/><br \/>\n    De grosses perturbations sont pr\u00e9vues sur les lignes SNCF dans la soir\u00e9e de mercredi, en raison des orages. (\u00a9Illustration\/ actu Paris)<\/p>\n<p class=\" wall-content\">La r\u00e9gion <strong>Auvergne Rh\u00f4ne-Alpes<\/strong> \u00e9tant elle aussi concern\u00e9e par des \u00ab\u00a0orages violents\u00a0\u00bb ce mercredi, la <a href=\"https:\/\/actu.fr\/tag\/sncf\" target=\"_blank\" rel=\"noopener\">SNCF<\/a> avait interrompu l\u2019ensemble des circulations ferroviaires dans plusieurs d\u00e9partements (dont le Cantal), de 16h jusqu\u2019\u00e0 la fin du service, <a href=\"https:\/\/actu.fr\/societe\/train-le-trafic-sncf-interrompu-dans-le-cantal-a-cause-des-orages_62821530.html\" target=\"_blank\" rel=\"noopener\">notait notre r\u00e9daction actu Cantal<\/a> d\u00e8s la fin de matin\u00e9e.<\/p>\n<p>Des parcs et jardins ferm\u00e9s<\/p>\n<p class=\" wall-content\">En pr\u00e9vision des orages, plusieurs mairies ont pr\u00e9f\u00e9r\u00e9 <strong>fermer plus t\u00f4t leurs parcs et jardins publics<\/strong>. C\u2019est le cas de <strong>Nancy<\/strong> (Meurthe-et-Moselle), qui attend des rafales pouvant d\u00e9passer les 100 km\/h et \u00ab\u00a0l\u2019\u00e9quivalent de trois semaines d\u2019intemp\u00e9ries en l\u2019espace d\u2019une heure\u00a0\u00bb, <a href=\"https:\/\/actu.fr\/grand-est\/nancy_54395\/violents-orages-attendus-a-nancy-ce-mercredi-fermeture-anticipee-des-parcs-jardins-et-guinguettes_62825512.html\" target=\"_blank\" rel=\"noopener\">indique notre r\u00e9daction locale\u00a0<\/a><a href=\"https:\/\/actu.fr\/grand-est\/nancy_54395\/violents-orages-attendus-a-nancy-ce-mercredi-fermeture-anticipee-des-parcs-jardins-et-guinguettes_62825512.html\" target=\"_blank\" rel=\"noopener\">Lorraine actu<\/a>.<\/p>\n<p class=\" wall-content\">M\u00eame chose du c\u00f4t\u00e9 du <strong>Mans<\/strong> (Sarthe), \u00e0 l\u2019autre bout de la France. Par mesure de s\u00e9curit\u00e9, la ville a pris la d\u00e9cision de cl\u00f4turer ses cinq parcs et jardins \u00e0 19h ce mercredi (contre 22h en p\u00e9riode estivale habituellement), <a href=\"https:\/\/actu.fr\/pays-de-la-loire\/le-mans_72181\/orages-rafales-de-vent-quels-parcs-du-mans-sont-fermes-ce-mercredi_62823176.html\" target=\"_blank\" rel=\"noopener\">relate actu Le Mans<\/a>.<\/p>\n<p class=\" wall-content\">Non loin dans le d\u00e9partement,\u00a0la Ville de <strong>Sabl\u00e9-sur-Sarthe<\/strong> a pris un arr\u00eat\u00e9 interdisant temporairement l\u2019acc\u00e8s au parc du ch\u00e2teau \u00ab\u00a0en raison des conditions m\u00e9t\u00e9orologiques d\u00e9favorables annonc\u00e9es par M\u00e9t\u00e9o France\u00a0\u00bb, <a href=\"https:\/\/actu.fr\/pays-de-la-loire\/sable-sur-sarthe_72264\/orages-la-ville-de-sable-sur-sarthe-interdit-au-public-lacces-au-parc-du-chateau_62825998.html\" target=\"_blank\" rel=\"noopener\">selon notre r\u00e9daction <\/a><a href=\"https:\/\/actu.fr\/pays-de-la-loire\/sable-sur-sarthe_72264\/orages-la-ville-de-sable-sur-sarthe-interdit-au-public-lacces-au-parc-du-chateau_62825998.html\" target=\"_blank\" rel=\"noopener\">Les Nouvelles l\u2019E\u00c9ho Fl\u00e9chois<\/a>.<\/p>\n<p>    <img   decoding=\"async\" loading=\"lazy\" src=\"https:\/\/www.europesays.com\/fr\/wp-content\/uploads\/2025\/06\/ec19865ae04563129865ae04515298v-960x640.jpg\" alt=\"Le parc du ch\u00e2teau est interdit au public jusqu\u2019\u00e0 ce jeudi 26\u00a0juin 2025.\" width=\"960\" height=\"640\"\/><br \/>\n    Le parc du ch\u00e2teau est interdit au public jusqu\u2019\u00e0 jeudi 26 juin 2025. (\u00a9Les Nouvelles de Sabl\u00e9)Des \u00e9v\u00e9nements culturels et sportifs annul\u00e9s<\/p>\n<p class=\" wall-content\">Mauvaise nouvelle pour le grand festival de musique <strong>Arch\u00e9o Jazz<\/strong>, pr\u00e8s de Rouen (Seine-Maritime) : sa soir\u00e9e d\u2019ouverture a \u00e9t\u00e9 annul\u00e9e.\u00a0En cause, sans surprise : le \u00ab\u00a0risque \u00e9lev\u00e9 d\u2019orage violents sur la Seine-Maritime\u00a0\u00bb, \u00e9crivent les organisateurs <a href=\"https:\/\/www.instagram.com\/p\/DLUoumwsKcy\/?utm_source=ig_embed\" target=\"_blank\" rel=\"noopener\">sur les r\u00e9seaux sociaux<\/a>.\u00a0<\/p>\n<p class=\" wall-content\">Un arr\u00eat\u00e9 municipal a d\u2019ailleurs \u00e9t\u00e9 pris pour interdire le site, <a href=\"https:\/\/actu.fr\/normandie\/blainville-crevon_76100\/nous-ne-prenons-aucun-risque-a-cause-des-orages-la-soiree-d-ouverture-d-archeo-jazz-annulee_62823528.html\" target=\"_blank\" rel=\"noopener\">d\u00e9taille notre r\u00e9daction 76actu<\/a>.<\/p>\n<p class=\" wall-content\"><a href=\"https:\/\/www.instagram.com\/p\/DLUoumwsKcy\/embed\" title=\"Ouvrir le lien sur Instagram\" target=\"_blank\" rel=\"noopener\">Visualiser le contenu sur Instagram<\/a><\/p>\n<p class=\" wall-content\">Au Mans (Sarthe), les conditions m\u00e9t\u00e9os ont contraint le festival Le Mans fait son Cirque \u00e0 \u00eatre report\u00e9. Il devait \u00eatre interpr\u00e9t\u00e9 ce mercredi \u00e0 19h au Jardin des Plantes, <a href=\"https:\/\/actu.fr\/pays-de-la-loire\/le-mans_72181\/vigilance-orange-orages-au-mans-un-spectacle-reporte_62824504.html\" target=\"_blank\" rel=\"noopener\">pr\u00e9cise actu Le Mans<\/a>.<\/p>\n<p>    <a href=\"https:\/\/www.facebook.com\/plugins\/post.php?href=https%3A%2F%2Fwww.facebook.com%2Fleplongeoircirque%2Fposts%2Fpfbid0hwhot2UCtZQTzRmgGwYonaTF87d9SN4ayPuvQoaTn6sdWex57zDoG4t8BzP2n1FQl&amp;show_text=true&amp;width=350\" title=\"Ouvrie le lien\" target=\"_blank\" rel=\"noopener\">Cliquez ici pour visualiser le contenu<\/a><\/p>\n<p class=\" wall-content\">M\u00eame coup de massue ailleurs en Normandie, cette fois pour les amateurs de cyclisme. Le Grand prix cycliste <strong>d\u2019Alen\u00e7on (Orne) <\/strong>devait \u00e9galement se tenir mercredi 25 juin dans les rues du centre-ville.<\/p>\n<p class=\" wall-content\">Il n\u2019y aura finalement pas de <strong>crit\u00e9rium d\u2019Alen\u00e7on<\/strong> cette ann\u00e9e, <a href=\"https:\/\/actu.fr\/normandie\/alencon_61001\/cyclisme-le-criterium-dalencon-annule-a-cause-du-risque-dorages_62820587.html\" target=\"_blank\" rel=\"noopener\">d\u00e9plorent nos journalistes de L\u2019Orne Hebdo<\/a> : sur d\u00e9cision pr\u00e9fectorale, l\u2019\u00e9preuve a \u00e9t\u00e9 annul\u00e9e.<\/p>\n<p class=\" wall-content\">Suivez toute l\u2019actualit\u00e9 de vos villes et m\u00e9dias favoris en vous inscrivant \u00e0 <a href=\"https:\/\/moncompte.actu.fr\" title=\"D\u00e9couvez Mon Actu\" rel=\"nofollow noopener\" data-trk=\"{&quot;cta&quot;:{&quot;action&quot;:&quot;https:\\\/\\\/moncompte.actu.fr&quot;,&quot;category&quot;:&quot;mon compte&quot;,&quot;from&quot;:&quot;article footer&quot;,&quot;name&quot;:&quot;Mon actu&quot;,&quot;type&quot;:&quot;cta&quot;}}\" target=\"_blank\">Mon Actu<\/a>.<\/p>\n<p>                    <script async src=\"\/\/www.instagram.com\/embed.js\"><\/script><\/p>\n","protected":false},"excerpt":{"rendered":"Par Alexandra Segond Publi\u00e9 le 25 juin 2025 \u00e0 20h42 \u00ab\u00a0SOYEZ PRUDENT. Forts orages attendus dans la prochaine&hellip;\n","protected":false},"author":2,"featured_media":203996,"comment_status":"","ping_status":"","sticky":false,"template":"","format":"standard","meta":{"footnotes":""},"categories":[1888],"tags":[1111,1928,11,1927,1777,674,1011,27,2487,2357,12,1926,4594,626,1925,4459,25],"class_list":{"0":"post-203995","1":"post","2":"type-post","3":"status-publish","4":"format-standard","5":"has-post-thumbnail","7":"category-paris","8":"tag-actu","9":"tag-actu-paris","10":"tag-actualites","11":"tag-actualites-paris","12":"tag-eu","13":"tag-europe","14":"tag-fr","15":"tag-france","16":"tag-meteo","17":"tag-meteo-france","18":"tag-news","19":"tag-news-paris","20":"tag-orages","21":"tag-paris","22":"tag-paris-news","23":"tag-pluie","24":"tag-republique-francaise"},"share_on_mastodon":{"url":"https:\/\/pubeurope.com\/@fr\/114745718528579946","error":""},"_links":{"self":[{"href":"https:\/\/www.europesays.com\/fr\/wp-json\/wp\/v2\/posts\/203995","targetHints":{"allow":["GET"]}}],"collection":[{"href":"https:\/\/www.europesays.com\/fr\/wp-json\/wp\/v2\/posts"}],"about":[{"href":"https:\/\/www.europesays.com\/fr\/wp-json\/wp\/v2\/types\/post"}],"author":[{"embeddable":true,"href":"https:\/\/www.europesays.com\/fr\/wp-json\/wp\/v2\/users\/2"}],"replies":[{"embeddable":true,"href":"https:\/\/www.europesays.com\/fr\/wp-json\/wp\/v2\/comments?post=203995"}],"version-history":[{"count":0,"href":"https:\/\/www.europesays.com\/fr\/wp-json\/wp\/v2\/posts\/203995\/revisions"}],"wp:featuredmedia":[{"embeddable":true,"href":"https:\/\/www.europesays.com\/fr\/wp-json\/wp\/v2\/media\/203996"}],"wp:attachment":[{"href":"https:\/\/www.europesays.com\/fr\/wp-json\/wp\/v2\/media?parent=203995"}],"wp:term":[{"taxonomy":"category","embeddable":true,"href":"https:\/\/www.europesays.com\/fr\/wp-json\/wp\/v2\/categories?post=203995"},{"taxonomy":"post_tag","embeddable":true,"href":"https:\/\/www.europesays.com\/fr\/wp-json\/wp\/v2\/tags?post=203995"}],"curies":[{"name":"wp","href":"https:\/\/api.w.org\/{rel}","templated":true}]}}