{"id":20402,"date":"2025-04-12T19:25:15","date_gmt":"2025-04-12T19:25:15","guid":{"rendered":"https:\/\/www.europesays.com\/fr\/20402\/"},"modified":"2025-04-12T19:25:15","modified_gmt":"2025-04-12T19:25:15","slug":"nous-savons-que-cette-situation-est-difficile-mais-les-chantiers-avancent","status":"publish","type":"post","link":"https:\/\/www.europesays.com\/fr\/20402\/","title":{"rendered":"\u00ab\u00a0Nous savons que cette situation est difficile mais les chantiers avancent\u00a0\u00bb"},"content":{"rendered":"<p>Pauline Schlosser, adjointe aux d\u00e9placements et mobilit\u00e9s de la Ville, et Agn\u00e8s Thouvenot, 1re \u00a0adjointe \u00e0 l\u2019urbanisme, l\u2019assurent\u00a0: \u00ab\u00a0Les chantiers avancent et ils avancent bien\u00a0! Nous savons que cette situation est difficile et que les Villeurbannais peuvent en avoir marre. Mais ils sont r\u00e9silients et vont enfin pouvoir le r\u00e9sultat tr\u00e8s bient\u00f4t.\u00a0\u00bb<\/p>\n<p>Rue Verlaine<\/p>\n<p>La rue Verlaine dans le centre-ville en est un bon exemple\u00a0: les travaux de prolongement de <a href=\"https:\/\/www.leprogres.fr\/transport\/2021\/06\/07\/tram-t6-nord-a-villeurbanne-le-trace-centre-ville-est-retenu\" target=\"_blank\" rel=\"noopener\">la ligne T6 Debourg \u2013 H\u00f4pitaux Est jusqu\u2019\u00e0 la Doua<\/a> sont sur les bons rails. \u00c0 cet endroit, le changement est visible. Les rails sont en cours de d\u00e9pose, les tapis de sols aussi, et une partie de la rue peut d\u00e9j\u00e0 compter de nouveau sur des trottoirs dignes de ce&#8230;<\/p>\n","protected":false},"excerpt":{"rendered":"Pauline Schlosser, adjointe aux d\u00e9placements et mobilit\u00e9s de la Ville, et Agn\u00e8s Thouvenot, 1re \u00a0adjointe \u00e0 l\u2019urbanisme, l\u2019assurent\u00a0:&hellip;\n","protected":false},"author":2,"featured_media":20403,"comment_status":"","ping_status":"","sticky":false,"template":"","format":"standard","meta":{"footnotes":""},"categories":[1889],"tags":[1111,11,2430,4749,33,2757,1777,674,1011,27,2428,12,25,2803,6345,6346],"class_list":{"0":"post-20402","1":"post","2":"type-post","3":"status-publish","4":"format-standard","5":"has-post-thumbnail","7":"category-lyon","8":"tag-actu","9":"tag-actualites","10":"tag-auvergne-rhone-alpes","11":"tag-btp-et-chantiers","12":"tag-economie","13":"tag-edition-lyon-villeurbanne","14":"tag-eu","15":"tag-europe","16":"tag-fr","17":"tag-france","18":"tag-lyon","19":"tag-news","20":"tag-republique-francaise","21":"tag-transport","22":"tag-villeurbanne","23":"tag-villeurbanne-bassin"},"share_on_mastodon":{"url":"https:\/\/pubeurope.com\/@fr\/114326636225035069","error":""},"_links":{"self":[{"href":"https:\/\/www.europesays.com\/fr\/wp-json\/wp\/v2\/posts\/20402","targetHints":{"allow":["GET"]}}],"collection":[{"href":"https:\/\/www.europesays.com\/fr\/wp-json\/wp\/v2\/posts"}],"about":[{"href":"https:\/\/www.europesays.com\/fr\/wp-json\/wp\/v2\/types\/post"}],"author":[{"embeddable":true,"href":"https:\/\/www.europesays.com\/fr\/wp-json\/wp\/v2\/users\/2"}],"replies":[{"embeddable":true,"href":"https:\/\/www.europesays.com\/fr\/wp-json\/wp\/v2\/comments?post=20402"}],"version-history":[{"count":0,"href":"https:\/\/www.europesays.com\/fr\/wp-json\/wp\/v2\/posts\/20402\/revisions"}],"wp:featuredmedia":[{"embeddable":true,"href":"https:\/\/www.europesays.com\/fr\/wp-json\/wp\/v2\/media\/20403"}],"wp:attachment":[{"href":"https:\/\/www.europesays.com\/fr\/wp-json\/wp\/v2\/media?parent=20402"}],"wp:term":[{"taxonomy":"category","embeddable":true,"href":"https:\/\/www.europesays.com\/fr\/wp-json\/wp\/v2\/categories?post=20402"},{"taxonomy":"post_tag","embeddable":true,"href":"https:\/\/www.europesays.com\/fr\/wp-json\/wp\/v2\/tags?post=20402"}],"curies":[{"name":"wp","href":"https:\/\/api.w.org\/{rel}","templated":true}]}}