{"id":204024,"date":"2025-06-25T19:59:07","date_gmt":"2025-06-25T19:59:07","guid":{"rendered":"https:\/\/www.europesays.com\/fr\/204024\/"},"modified":"2025-06-25T19:59:07","modified_gmt":"2025-06-25T19:59:07","slug":"rugby-antoine-dupont-avec-beyonce","status":"publish","type":"post","link":"https:\/\/www.europesays.com\/fr\/204024\/","title":{"rendered":"Rugby : Antoine Dupont avec Beyonc\u00e9 !"},"content":{"rendered":"<p>                    Dan Marciano<br \/>\n                        &#8211;<\/p>\n<p>R\u00e9dacteur<\/p>\n<p>Titulaire d&rsquo;un Master de droit international, je me suis rendu compte au bout de mon parcours universitaire qu&rsquo;il \u00e9tait important d&rsquo;\u00e9voluer dans un domaine que l&rsquo;on appr\u00e9cie. Du jour au lendemain, j&rsquo;ai d\u00e9cid\u00e9 de mettre fin au r\u00eave de mes parents, qui voyaient en moi un futur avocat, pour vivre de ma passion : le sport. Depuis, je couvre les mercatos et l&rsquo;actualit\u00e9 sportive en essayant d&rsquo;informer au mieux les lecteurs.<\/p>\n<p class=\"heading\">Actuellement \u00e9loign\u00e9 des terrains en raison d&rsquo;une grave blessure au genou survenue lors du dernier Tournoi des VI Nations en f\u00e9vrier dernier, Antoine Dupont a \u00e9t\u00e9 aper\u00e7u en compagnie de plusieurs c\u00e9l\u00e9brit\u00e9s. La star du XV de France s&rsquo;est rendue \u00e0 Paris pour assister au d\u00e9fil\u00e9 Louis Vuitton du chanteur Pharrell Williams.<\/p>\n<p><strong>Pharrell Williams<\/strong> a pr\u00e9sent\u00e9 ce mardi sa collection Printemps-\u00c9t\u00e9 2026 pour <strong>Louis Vuitton,<\/strong> en plein c\u0153ur de Paris, sur le parvis de <strong>Beaubourg<\/strong>. Un \u00e9v\u00e9nement tr\u00e8s attendu, salu\u00e9 par la critique, et qui a rassembl\u00e9 de nombreuses c\u00e9l\u00e9brit\u00e9s. Parmi les invit\u00e9s de marque figuraient <strong>Jay-Z<\/strong> et <strong>Beyonc\u00e9, Omar Sy, Victor Wembanyama<\/strong>\u2026 mais aussi<strong> Antoine Dupont.<\/strong><\/p>\n<p>                                            Dupont aper\u00e7u aux c\u00f4t\u00e9s de grandes stars<\/p>\n<p>Bless\u00e9 au genou, le demi de m\u00eal\u00e9e du<strong> XV de France <\/strong>est actuellement \u00e9loign\u00e9 des terrains. Une blessure qui devrait l\u2019emp\u00eacher de rejouer d\u2019ici la fin de l\u2019ann\u00e9e. Cela ne l\u2019a pas emp\u00each\u00e9 de s\u2019accorder une parenth\u00e8se hors du cadre sportif. Grand amateur de mode, le Toulousain est apparu v\u00eatu d\u2019un blouson sign\u00e9<strong> Louis Vuitton,<\/strong> et a pris la pose aux c\u00f4t\u00e9s de la star <strong>NBA Victor Wembanyama.<\/strong><\/p>\n<p>                                            Dupont poursuit sa r\u00e9education<\/p>\n<p>Si<strong> Dupont <\/strong>s\u2019affiche souriant devant les cam\u00e9ras, il poursuit une r\u00e9\u00e9ducation exigeante en coulisses. Quelques jours plus t\u00f4t, \u00e0 la veille de la demi-finale du <strong>Stade Toulousain<\/strong> face \u00e0 <strong>Bayonne,<\/strong> il s\u2019\u00e9tait exprim\u00e9 sur sa convalescence : \u00ab \u00c7a va bien. La r\u00e9\u00e9ducation se poursuit. Rien de tr\u00e8s fun pour le moment. Je retravaille musculairement pour regagner de l\u2019amplitude, du volume, et pr\u00e9parer la reprise de course qui arrivera dans les prochaines semaines. \u00bb<\/p>\n<p>Conscient de son absence dans les moments cl\u00e9s, le capitaine du <strong>XV de France<\/strong> ne cache pas sa frustration : \u00ab Sur des matchs comme ceux-l\u00e0, on se sent impuissant. Il y a une forme de culpabilit\u00e9 de laisser l\u2019\u00e9quipe. \u00bb En attendant son retour<strong>, Antoine Dupont<\/strong> devrait suivre de pr\u00e8s la finale du <strong>Top 14<\/strong> entre <strong>Toulouse <\/strong>et l<strong>\u2019Union Bordeaux-B\u00e8gles<\/strong>, samedi soir.<\/p>\n","protected":false},"excerpt":{"rendered":"Dan Marciano &#8211; R\u00e9dacteur Titulaire d&rsquo;un Master de droit international, je me suis rendu compte au bout de&hellip;\n","protected":false},"author":2,"featured_media":204025,"comment_status":"","ping_status":"","sticky":false,"template":"","format":"standard","meta":{"footnotes":""},"categories":[1416],"tags":[1011,27,479,1468,60],"class_list":{"0":"post-204024","1":"post","2":"type-post","3":"status-publish","4":"format-standard","5":"has-post-thumbnail","7":"category-rugby","8":"tag-fr","9":"tag-france","10":"tag-rugby","11":"tag-rugby-football","12":"tag-sports"},"share_on_mastodon":{"url":"https:\/\/pubeurope.com\/@fr\/114745780736637262","error":""},"_links":{"self":[{"href":"https:\/\/www.europesays.com\/fr\/wp-json\/wp\/v2\/posts\/204024","targetHints":{"allow":["GET"]}}],"collection":[{"href":"https:\/\/www.europesays.com\/fr\/wp-json\/wp\/v2\/posts"}],"about":[{"href":"https:\/\/www.europesays.com\/fr\/wp-json\/wp\/v2\/types\/post"}],"author":[{"embeddable":true,"href":"https:\/\/www.europesays.com\/fr\/wp-json\/wp\/v2\/users\/2"}],"replies":[{"embeddable":true,"href":"https:\/\/www.europesays.com\/fr\/wp-json\/wp\/v2\/comments?post=204024"}],"version-history":[{"count":0,"href":"https:\/\/www.europesays.com\/fr\/wp-json\/wp\/v2\/posts\/204024\/revisions"}],"wp:featuredmedia":[{"embeddable":true,"href":"https:\/\/www.europesays.com\/fr\/wp-json\/wp\/v2\/media\/204025"}],"wp:attachment":[{"href":"https:\/\/www.europesays.com\/fr\/wp-json\/wp\/v2\/media?parent=204024"}],"wp:term":[{"taxonomy":"category","embeddable":true,"href":"https:\/\/www.europesays.com\/fr\/wp-json\/wp\/v2\/categories?post=204024"},{"taxonomy":"post_tag","embeddable":true,"href":"https:\/\/www.europesays.com\/fr\/wp-json\/wp\/v2\/tags?post=204024"}],"curies":[{"name":"wp","href":"https:\/\/api.w.org\/{rel}","templated":true}]}}