{"id":204027,"date":"2025-06-25T20:01:09","date_gmt":"2025-06-25T20:01:09","guid":{"rendered":"https:\/\/www.europesays.com\/fr\/204027\/"},"modified":"2025-06-25T20:01:09","modified_gmt":"2025-06-25T20:01:09","slug":"coup-de-tonnerre-a-feurs-les-enfants-du-forez-retrogrades-en-regionale-1","status":"publish","type":"post","link":"https:\/\/www.europesays.com\/fr\/204027\/","title":{"rendered":"Coup de tonnerre \u00e0 Feurs : les Enfants du Forez r\u00e9trograd\u00e9s en R\u00e9gionale 1"},"content":{"rendered":"<p>Les Enfants du Forez Feurs Rozier avaient fait <a href=\"https:\/\/www.bebasket.fr\/feurs-fait-le-choix-de-redescendre-une-fois-de-plus-en-nationale-2-a-lissue-de-la-saison\" target=\"_blank\" rel=\"noopener\">le choix de redescendre en Nationale 2 pour raisons \u00e9conomiques<\/a>. Mais la situation financi\u00e8re du club lig\u00e9rien pourrait provoquer une descente plus brutale encore : la Commission de contr\u00f4le de gestion de la F\u00e9d\u00e9ration fran\u00e7aise de basket-ball (FFBB) a r\u00e9trograd\u00e9 administrativement le club en R\u00e9gionale 1 ce lundi.<\/p>\n<p><strong>Une saison cauchemardesque sur le plan financier<\/strong><\/p>\n<p data-start=\"828\" data-end=\"1167\">Alors que le projet sportif semblait stabilis\u00e9 avec un effectif quasiment boucl\u00e9 pour la NM2, la r\u00e9alit\u00e9 financi\u00e8re a rattrap\u00e9 le club. Selon plusieurs sources concordantes, les comptes des Enfants du Forez Feurs Rozier (EFFR) sont d\u00e9ficitaires \u00e0 hauteur de plusieurs dizaines de milliers d\u2019euros, accumul\u00e9s sur les deux derni\u00e8res saisons, selon <a target=\"_blank\" rel=\"noopener\" href=\"https:\/\/www.leprogres.fr\/sport\/2025\/06\/21\/comptes-dans-le-rouge-les-enfants-du-forez-feurs-rozier-menaces-de-retrogradation\">Le Progr\u00e8s<\/a>.<\/p>\n<p data-start=\"1169\" data-end=\"1476\">En d\u00e9cembre 2024 d\u00e9j\u00e0, la FFBB avait sanctionn\u00e9 le club d\u2019une amende de 2 350 euros pour non-respect du budget valid\u00e9 et de l\u2019obligation de fonds de r\u00e9serve. Des signaux d\u2019alerte rest\u00e9s sans suite apparente jusqu\u2019au d\u00e9part de Samuel Tillon, pr\u00e9sident du club depuis 2021, qui a pr\u00e9sent\u00e9 sa d\u00e9mission en mai.<\/p>\n<p><strong>Une fusion et une d\u00e9couverte tardive<\/strong><\/p>\n<p data-start=\"1519\" data-end=\"1924\">La fusion entre les Enfants du Forez et le Basket Rozier, officialis\u00e9e le 1er juillet 2024, a visiblement complexifi\u00e9 encore la gestion. Une tr\u00e9sorerie commune a \u00e9t\u00e9 mise en place, avec \u00ab 45 000 euros sur les comptes de Rozier \u00bb au moment de la fusion, selon un b\u00e9n\u00e9vole. Mais c\u2019est justement apr\u00e8s cette fusion et le retrait de Samuel Tillon que le comit\u00e9 directeur aurait d\u00e9couvert l\u2019ampleur des dettes.<\/p>\n<p data-start=\"1926\" data-end=\"2101\">\u00ab Sinon, nous aurions certainement pris des mesures bien avant. On aurait, par exemple, pu demander \u00e0 \u00e9voluer en NM2 d\u00e8s cette saison \u00bb, reconna\u00eet un membre de la direction.<\/p>\n<p><strong>Vers un appel\u2026 ou un red\u00e9marrage en r\u00e9gion<\/strong><\/p>\n<p data-start=\"2169\" data-end=\"2444\">Ce lundi 23 juin s\u2019annonce crucial, la FFBB a confirm\u00e9 la r\u00e9trogradation en R\u00e9gionale 1. Le club pourrait maintenant d\u00e9cider de d\u00e9poser un appel \u00e0 condition de garantir des finances viables. Deux joueurs sont encore sous contrat, preuve que l\u2019espoir d\u2019un maintien au niveau national existe toujours.<\/p>\n<p data-start=\"2446\" data-end=\"2784\">Mais faute d\u2019issue favorable, les Enfants du Forez devront repartir de la R1, l\u2019\u00e9chelon le plus haut du niveau r\u00e9gional. Le comit\u00e9 directeur s\u2019est r\u00e9uni \u00e0 plusieurs reprises pour anticiper cette \u00e9ventualit\u00e9, et la r\u00e9union pr\u00e9vue lundi pourrait d\u00e9boucher sur la nomination d\u2019un nouveau pr\u00e9sident ou d\u2019une \u00e9quipe dirigeante int\u00e9rimaire.<\/p>\n<p><strong>Sauver l\u2019ADN amateur du club<\/strong><\/p>\n<p data-start=\"2819\" data-end=\"3158\">En parall\u00e8le de ces remous, les dirigeants insistent sur un objectif clair : \u00ab sauver la section amateur, de ne pas mettre en danger l\u2019avenir du club \u00bb. Les r\u00e9sultats de la saison \u00e9coul\u00e9e, notamment chez les f\u00e9minines (mont\u00e9e en RF2 des seniors 2, phases finales U15 et U18), laissent entrevoir une base solide sur laquelle reconstruire.<\/p>\n<p data-start=\"3160\" data-end=\"3280\">Reste \u00e0 savoir \u00e0 quel niveau le club lig\u00e9rien sera autoris\u00e9 \u00e0 repartir \u00e0 la rentr\u00e9e.<\/p>\n","protected":false},"excerpt":{"rendered":"Les Enfants du Forez Feurs Rozier avaient fait le choix de redescendre en Nationale 2 pour raisons \u00e9conomiques.&hellip;\n","protected":false},"author":2,"featured_media":204028,"comment_status":"","ping_status":"","sticky":false,"template":"","format":"standard","meta":{"footnotes":""},"categories":[1414],"tags":[1465,1464,1011,27,60],"class_list":{"0":"post-204027","1":"post","2":"type-post","3":"status-publish","4":"format-standard","5":"has-post-thumbnail","7":"category-basket","8":"tag-basket","9":"tag-basketball","10":"tag-fr","11":"tag-france","12":"tag-sports"},"share_on_mastodon":{"url":"https:\/\/pubeurope.com\/@fr\/114745788617323805","error":""},"_links":{"self":[{"href":"https:\/\/www.europesays.com\/fr\/wp-json\/wp\/v2\/posts\/204027","targetHints":{"allow":["GET"]}}],"collection":[{"href":"https:\/\/www.europesays.com\/fr\/wp-json\/wp\/v2\/posts"}],"about":[{"href":"https:\/\/www.europesays.com\/fr\/wp-json\/wp\/v2\/types\/post"}],"author":[{"embeddable":true,"href":"https:\/\/www.europesays.com\/fr\/wp-json\/wp\/v2\/users\/2"}],"replies":[{"embeddable":true,"href":"https:\/\/www.europesays.com\/fr\/wp-json\/wp\/v2\/comments?post=204027"}],"version-history":[{"count":0,"href":"https:\/\/www.europesays.com\/fr\/wp-json\/wp\/v2\/posts\/204027\/revisions"}],"wp:featuredmedia":[{"embeddable":true,"href":"https:\/\/www.europesays.com\/fr\/wp-json\/wp\/v2\/media\/204028"}],"wp:attachment":[{"href":"https:\/\/www.europesays.com\/fr\/wp-json\/wp\/v2\/media?parent=204027"}],"wp:term":[{"taxonomy":"category","embeddable":true,"href":"https:\/\/www.europesays.com\/fr\/wp-json\/wp\/v2\/categories?post=204027"},{"taxonomy":"post_tag","embeddable":true,"href":"https:\/\/www.europesays.com\/fr\/wp-json\/wp\/v2\/tags?post=204027"}],"curies":[{"name":"wp","href":"https:\/\/api.w.org\/{rel}","templated":true}]}}