{"id":204038,"date":"2025-06-25T20:07:13","date_gmt":"2025-06-25T20:07:13","guid":{"rendered":"https:\/\/www.europesays.com\/fr\/204038\/"},"modified":"2025-06-25T20:07:13","modified_gmt":"2025-06-25T20:07:13","slug":"il-a-accueilli-picasso-chagall-matisse-le-celebre-atelier-madoura-renait-doucement-de-ses-cendres-a-vallauris","status":"publish","type":"post","link":"https:\/\/www.europesays.com\/fr\/204038\/","title":{"rendered":"Il a accueilli Picasso, Chagall, Matisse&#8230; Le c\u00e9l\u00e8bre atelier Madoura rena\u00eet doucement de ses cendres \u00e0 Vallauris"},"content":{"rendered":"<p>Planches de bois aux murs, \u00e9tais \u00e9parpill\u00e9s dans les pi\u00e8ces, girelles (1) bien empaquet\u00e9es&#8230; L\u2019atelier Madoura reprend, petit \u00e0 petit, sa forme d\u2019antan. S\u2019il est ferm\u00e9 depuis 1997, ce lieu embl\u00e9matique s\u2019est inscrit, en un peu moins de soixante ans (il fut ouvert en 1938 par Suzanne Rami\u00e9), dans l\u2019histoire de la c\u00e9ramique. Il a vu d\u00e9filer Picasso, Chagall, Matisse, Brauner, etc. dans ses ateliers, repris au XXIe si\u00e8cle par la famille Rami\u00e9. Les marques du temps n\u2019ont pas faibli depuis.<\/p>\n<p>\u00ab\u00a0Il fallait cr\u00e9er des fondations, pour le b\u00e2timent, qui n\u2019existaient pas et qui a \u00e9t\u00e9 pos\u00e9 \u00e0 m\u00eame la terre \u00ab\u00a0, pr\u00e9cise, dans un premier temps, le maire, Kevin Luciano. Une \u00e9tape cruciale pour pouvoir avancer le reste du chantier. Cinquante m\u00e8tres cubes de b\u00e9ton et 16 tonnes de r\u00e9sine auto-expansive ont \u00e9t\u00e9 n\u00e9cessaires pour assurer la stabilit\u00e9 du b\u00e2ti, alors surveill\u00e9 et mesur\u00e9 pendant un an.<\/p>\n<p>Une partie de 270m\u00b2 ajout\u00e9e<\/p>\n<p>Quatre saisons, pour constater \u00ab\u00a0comment le sol r\u00e9agit \u00a0\u00bb face aux \u00ab\u00a0variations de temp\u00e9rature et aux taux d\u2019humidit\u00e9 \u00ab\u00a0, pr\u00e9cise le rapport du projet. \u00ab\u00a0Nous avons install\u00e9 une quarantaine de cibles laser, relev\u00e9es tous les mois par un g\u00e9om\u00e8tre. On surveille les mouvements potentiels au millim\u00e8tre pr\u00e8s \u00ab\u00a0, d\u00e9taille Benoit Laugeois, directeur architecture et b\u00e2timents \u00e0 la communaut\u00e9 d\u2019agglom\u00e9ration Sophia Antipolis (Casa). Cette derni\u00e8re finance la totalit\u00e9 des travaux, d\u2019un montant de 7 millions d\u2019euros.<\/p>\n<p>\u00c0 l\u2019int\u00e9rieur, une op\u00e9ration de d\u00e9samiantage a \u00e9t\u00e9 men\u00e9e, cl\u00f4turant alors la premi\u00e8re phase de la r\u00e9habilitation, en avril. Mais le repos ne sera que bref, puisque la deuxi\u00e8me p\u00e9riode de travaux d\u00e9butera \u00e0 l\u2019automne avec un projet d\u2019ampleur: l\u2019extension de 270m\u00b2 \u00e0 construire. Il s\u2019agira de la future entr\u00e9e du mus\u00e9e.<\/p>\n<p>Une partie venant s\u2019ajouter \u00e0 l\u2019existant \u2014 du c\u00f4t\u00e9 de la rue Gerbino \u2013 toujours avec le m\u00eame objectif: \u00ab\u00a0Garder le b\u00e2timent d\u2019origine dans sa nature historique, ne pas le d\u00e9naturer ou trop le modifier. On veut qu\u2019il reste tel qu\u2019il \u00e9tait, c\u2019est un lieu patrimonial et il doit garder cette valeur \u00ab\u00a0, affirme fermement l\u2019\u00e9dile. Dans un second temps, des contreforts ont \u00e9t\u00e9 install\u00e9s, fabriqu\u00e9s avec de la pierre r\u00e9cup\u00e9r\u00e9e directement sur site. Un projet d\u2019ampleur dont reste encore \u00e0 faire \u2013 entre autres \u2013 la restauration des toitures et des fa\u00e7ades, ainsi que l\u2019am\u00e9nagement des espaces int\u00e9rieur et ext\u00e9rieur.<\/p>\n<p>              <img ci-src=\"https:\/\/www.nicematin.com\/histoire\/protec\/DATA_ART_15778082-O3wTaZSA.jpg?vh=166b79&amp;ci_seal=230e8f7e56\" alt=\"\"\/><br \/>\n        Les tours de potiers d\u2019\u00e9poque ont \u00e9t\u00e9 prot\u00e9g\u00e9s par d\u2019\u00e9pais caissons en bois.&#13;<br \/>\nPhoto patrice lapoirie <strong>Photo Patrice Lapoirie.<\/strong> <\/p>\n<p>                                Un jardin ouvert au public<\/p>\n<p>Pour compl\u00e9ter les 2.000m\u00b2 d\u2019espace b\u00e2ti, l\u2019ambition se porte vers l\u2019am\u00e9nagement d\u2019un jardin, ouvert aux visiteurs et au public, via deux grilles pour y acc\u00e9der. Alors qu\u2019un pr\u00e9c\u00e9dent projet envisageait un immeuble de cinq \u00e9tages, sa version r\u00e9vis\u00e9e et valid\u00e9e propose un espace vert de 2.000m\u00b2. \u00ab\u00a0On a une volont\u00e9 d\u2019avoir le plus de v\u00e9g\u00e9tation possible, d\u2019a\u00e9rer et rouvrir, revoir l\u2019urbanisme de cette ville, qu\u2019elle soit moins b\u00e9tonn\u00e9e et plus agr\u00e9able. \u00ab\u00a0<\/p>\n<p>Mais, avant d\u2019installer les plantes et arbustes dans leur nouvel environnement, pour l\u2019instant, la priorit\u00e9 reste l\u2019atelier en lui-m\u00eame. L\u2019espace libre du c\u00f4t\u00e9 du futur jardin restera, pour l\u2019heure, \u00e0 disposition. \u00ab\u00a0On a besoin de cet endroit pour un c\u00f4t\u00e9 op\u00e9rationnel, pour faire la base chantier et travailler sereinement dans un milieu moins contraint \u00ab\u00a0, d\u00e9taille Benoit Laugeois.<\/p>\n<p>Plusieurs entreprises locales ont r\u00e9pondu \u00e0 l\u2019appel \u00e0 projet, qui suit son cours, en attendant sa livraison, pr\u00e9vue pour le printemps 2027.<\/p>\n<p>1. Plateau au-dessus de la tour de potier, sur lequel on pose de l\u2019argile pour le fa\u00e7onner.<\/p>\n<p>Une sc\u00e9nographie en r\u00e9flexion<\/p>\n<p>Les travaux avancent, les r\u00e9flexions aussi. Les espaces int\u00e9rieurs, ainsi que le parcours dans le mus\u00e9e, ont commenc\u00e9 \u00e0 \u00eatre imagin\u00e9s. \u00ab\u00a0On va avoir un mus\u00e9e qui se pr\u00e9sentera avec un parcours historique, en quelque sorte. \u00c0 l\u2019entr\u00e9e, on passera dans les boyaux de la terre comme autrefois, puis on ira vers la partie plus contemporaine \u00ab\u00a0, d\u00e9taille le maire de Vallauris. Histoire, mais pas seulement, puisque plusieurs salles ont \u00e9t\u00e9 mod\u00e9lis\u00e9es pour pr\u00e9senter le m\u00e9tier de c\u00e9ramistes, dont la renomm\u00e9e n\u2019est plus \u00e0 faire dans la commune. L\u2019une pr\u00e9sentera la poterie traditionnelle, une seconde aura la disposition d\u2019un atelier de c\u00e9ramiste, et une derni\u00e8re affichera diff\u00e9rentes iconographies et \u0153uvres de Picasso sous vitrine. \u00ab\u00a0On va r\u00e9introduire l\u2019id\u00e9e d\u2019activit\u00e9 c\u00e9ramiste, de s\u00e9chage etc\u00a0\u00bb, ajoute Benoit Laugeois.<\/p>\n<p>Des espaces d\u2019exposition<\/p>\n<p>Un parcours de A \u00e0 Z, dont l\u2019espace le plus majeur est d\u00e9di\u00e9 \u00e0 de l\u2019exposition permanente. Deux autres petits espaces seront, quant \u00e0 eux, utilis\u00e9s pour des pr\u00e9sentations temporaires. Des ateliers p\u00e9dagogiques devraient aussi \u00eatre organis\u00e9s afin que le public se plonge pleinement dans l\u2019esprit d\u2019antan et dans cet artisanat majeur \u00e0 Vallauris.<\/p>\n","protected":false},"excerpt":{"rendered":"Planches de bois aux murs, \u00e9tais \u00e9parpill\u00e9s dans les pi\u00e8ces, girelles (1) bien empaquet\u00e9es&#8230; L\u2019atelier Madoura reprend, petit&hellip;\n","protected":false},"author":2,"featured_media":204039,"comment_status":"","ping_status":"","sticky":false,"template":"","format":"standard","meta":{"footnotes":""},"categories":[1358],"tags":[1348,1384,1385,251,1386,58,59,1011,27,937,3366],"class_list":{"0":"post-204038","1":"post","2":"type-post","3":"status-publish","4":"format-standard","5":"has-post-thumbnail","7":"category-arts-et-design","8":"tag-arts","9":"tag-arts-and-design","10":"tag-arts-et-design","11":"tag-culture","12":"tag-design","13":"tag-divertissement","14":"tag-entertainment","15":"tag-fr","16":"tag-france","17":"tag-histoire","18":"tag-vie-locale"},"share_on_mastodon":{"url":"https:\/\/pubeurope.com\/@fr\/114745812155923676","error":""},"_links":{"self":[{"href":"https:\/\/www.europesays.com\/fr\/wp-json\/wp\/v2\/posts\/204038","targetHints":{"allow":["GET"]}}],"collection":[{"href":"https:\/\/www.europesays.com\/fr\/wp-json\/wp\/v2\/posts"}],"about":[{"href":"https:\/\/www.europesays.com\/fr\/wp-json\/wp\/v2\/types\/post"}],"author":[{"embeddable":true,"href":"https:\/\/www.europesays.com\/fr\/wp-json\/wp\/v2\/users\/2"}],"replies":[{"embeddable":true,"href":"https:\/\/www.europesays.com\/fr\/wp-json\/wp\/v2\/comments?post=204038"}],"version-history":[{"count":0,"href":"https:\/\/www.europesays.com\/fr\/wp-json\/wp\/v2\/posts\/204038\/revisions"}],"wp:featuredmedia":[{"embeddable":true,"href":"https:\/\/www.europesays.com\/fr\/wp-json\/wp\/v2\/media\/204039"}],"wp:attachment":[{"href":"https:\/\/www.europesays.com\/fr\/wp-json\/wp\/v2\/media?parent=204038"}],"wp:term":[{"taxonomy":"category","embeddable":true,"href":"https:\/\/www.europesays.com\/fr\/wp-json\/wp\/v2\/categories?post=204038"},{"taxonomy":"post_tag","embeddable":true,"href":"https:\/\/www.europesays.com\/fr\/wp-json\/wp\/v2\/tags?post=204038"}],"curies":[{"name":"wp","href":"https:\/\/api.w.org\/{rel}","templated":true}]}}