{"id":204040,"date":"2025-06-25T20:08:10","date_gmt":"2025-06-25T20:08:10","guid":{"rendered":"https:\/\/www.europesays.com\/fr\/204040\/"},"modified":"2025-06-25T20:08:10","modified_gmt":"2025-06-25T20:08:10","slug":"je-lis-autochtone-5-recommandations-de-livres-jeunesse-maj","status":"publish","type":"post","link":"https:\/\/www.europesays.com\/fr\/204040\/","title":{"rendered":"Je lis autochtone! : 5 recommandations de livres jeunesse | MAJ"},"content":{"rendered":"<p class=\"text sc-ap5wn4-0 llDiCp attachment-block-html-paragraph sc-11eprfg-0 iIZKmw attachment-block-html sc-12mvszh-0 ewiowP\"><strong class=\"text sc-ap5wn4-0 llDiCp attachment-block-html-text sc-a7jifb-0 infZXU attachment-block-html sc-12mvszh-0 ewiowP\">Un texte de F\u00e9licia Latour, avec Moira-Uashteskun Bacon<\/strong><\/p>\n<p class=\"text sc-ap5wn4-0 llDiCp attachment-block-html-paragraph sc-11eprfg-0 iIZKmw attachment-block-html sc-12mvszh-0 ewiowP\">En juin : Je lis autochtone! est une initiative lanc\u00e9e par la Librairie Hannenorak \u00e0 Wendake. Cette ann\u00e9e, sa porte-parole est <strong class=\"text sc-ap5wn4-0 llDiCp attachment-block-html-text sc-a7jifb-0 infZXU attachment-block-html sc-12mvszh-0 ewiowP\">Moira-Uashteskun Bacon<\/strong>, auteure Pekuakamiulnu, de la nation des Innus de Mashteuiatsh au Lac-Saint-Jean. Moira-Uashteskun Bacon est l\u2019auteure des romans Envole-toi, Mikun (2023) et L\u2019amie de mon p\u00e8re (2025), parus aux \u00e9ditions Hannenorak.\u00a0<\/p>\n<p><img decoding=\"async\" src=\"https:\/\/www.europesays.com\/fr\/wp-content\/uploads\/2025\/06\/moira-uashteskun-bacon-autrice-salon.jpg\" alt=\"Moira-Uashteskun Bacon parle avec animation au micro.\" loading=\"lazy\"\/><\/p>\n<p class=\"sc-fw2ocm-0 fPTPbw\">Moira-Uashteskun Bacon, autrice de Envole-toi Mikun.<\/p>\n<p class=\"sc-fw2ocm-1 jsjxlO\">Photo\u00a0:\u00a0Radio-Canada\u00a0\/\u00a0Fran\u00e7ois Gagnon<\/p>\n<p class=\"text sc-ap5wn4-0 llDiCp attachment-block-html-paragraph sc-11eprfg-0 iIZKmw attachment-block-html sc-12mvszh-0 ewiowP\">D\u00e8s que j\u2019\u00e9tais enfant, j\u2019avais des milliers de carnets o\u00f9 je racontais mes histoires , dit Moira-Uashteskun.\u00a0<\/p>\n<p class=\"text sc-ap5wn4-0 llDiCp attachment-block-html-paragraph sc-11eprfg-0 iIZKmw attachment-block-html sc-12mvszh-0 ewiowP\">Aujourd\u2019hui, <strong class=\"text sc-ap5wn4-0 llDiCp attachment-block-html-text sc-a7jifb-0 infZXU attachment-block-html sc-12mvszh-0 ewiowP\">Moira-Uashteskun <\/strong>te pr\u00e9sente cinq livres jeunesse \u00e0 d\u00e9couvrir pour En juin, je lis autochtone!<\/p>\n<p class=\"text sc-ap5wn4-0 llDiCp attachment-block-html-paragraph sc-11eprfg-0 iIZKmw attachment-block-html sc-12mvszh-0 ewiowP\">12 ans et plus | \u00c9ditions Hannenorak<\/p>\n<p class=\"text sc-ap5wn4-0 llDiCp attachment-block-html-paragraph sc-11eprfg-0 iIZKmw attachment-block-html sc-12mvszh-0 ewiowP\">Ce roman raconte l\u2019histoire de <strong class=\"text sc-ap5wn4-0 llDiCp attachment-block-html-text sc-a7jifb-0 infZXU attachment-block-html sc-12mvszh-0 ewiowP\">Maria<\/strong>, 14 ans, qui doit passer les vacances d\u2019\u00e9t\u00e9 avec son p\u00e8re dans la communaut\u00e9 fictive de<strong class=\"text sc-ap5wn4-0 llDiCp attachment-block-html-text sc-a7jifb-0 infZXU attachment-block-html sc-12mvszh-0 ewiowP\"> Pimitshuan <\/strong>sur la C\u00f4te-Nord. Le seul hic? Elle est persuad\u00e9e que son p\u00e8re la d\u00e9teste. Une rencontre mystique avec l&rsquo;a\u00een\u00e9e <strong class=\"text sc-ap5wn4-0 llDiCp attachment-block-html-text sc-a7jifb-0 infZXU attachment-block-html sc-12mvszh-0 ewiowP\">Kukuminash<\/strong> la fera voyager dans le temps, jusqu\u2019\u00e0 l\u2019\u00e9poque de son p\u00e8re adolescent, au c\u0153ur d\u2019un \u00e9v\u00e9nement qui marquera toute la communaut\u00e9.<\/p>\n<p class=\"text sc-ap5wn4-0 llDiCp attachment-block-html-paragraph sc-11eprfg-0 iIZKmw attachment-block-html sc-12mvszh-0 ewiowP\">10 ans et plus | \u00c9ditions Hannenorak<\/p>\n<p class=\"text sc-ap5wn4-0 llDiCp attachment-block-html-paragraph sc-11eprfg-0 iIZKmw attachment-block-html sc-12mvszh-0 ewiowP\">Ce roman graphique raconte l\u2019histoire de <strong class=\"text sc-ap5wn4-0 llDiCp attachment-block-html-text sc-a7jifb-0 infZXU attachment-block-html sc-12mvszh-0 ewiowP\">Luisa<\/strong>, une Inuk de neuf ans, qui a perdu la voix depuis la disparition de sa m\u00e8re. Un jour, apr\u00e8s s\u2019\u00eatre \u00e9gar\u00e9e dans la toundra, elle d\u00e9couvre un <strong class=\"text sc-ap5wn4-0 llDiCp attachment-block-html-text sc-a7jifb-0 infZXU attachment-block-html sc-12mvszh-0 ewiowP\">inukshuk<\/strong> qui la transporte dans un monde magique.\u00a0<\/p>\n<p class=\"text sc-ap5wn4-0 llDiCp attachment-block-html-paragraph sc-11eprfg-0 iIZKmw attachment-block-html sc-12mvszh-0 ewiowP\">On parcourt le chemin vers la maison, mais c\u2019est aussi une belle occasion pour Luisa de vivre son deuil.  &#8211; <strong class=\"text sc-ap5wn4-0 llDiCp attachment-block-html-text sc-a7jifb-0 infZXU attachment-block-html sc-12mvszh-0 ewiowP\">Moira-Uashteskun Bacon<\/strong>, porte-parole de Je lis autochtone<\/p>\n<p class=\"text sc-ap5wn4-0 llDiCp attachment-block-html-paragraph sc-11eprfg-0 iIZKmw attachment-block-html sc-12mvszh-0 ewiowP\">10 ans et plus | \u00c9ditions les Malins<\/p>\n<p class=\"text sc-ap5wn4-0 llDiCp attachment-block-html-paragraph sc-11eprfg-0 iIZKmw attachment-block-html sc-12mvszh-0 ewiowP\">De Matimekush \u00e0 Wendake, les jumeaux <strong class=\"text sc-ap5wn4-0 llDiCp attachment-block-html-text sc-a7jifb-0 infZXU attachment-block-html sc-12mvszh-0 ewiowP\">L\u00e9on et \u00c9lo\u00efse<\/strong> vivent les hauts et les bas de l\u2019adolescence \u00e0 travers ces trois romans qui tirent leur nom d\u2019un mot innu qui signifie \u00ab\u00a0<strong class=\"text sc-ap5wn4-0 llDiCp attachment-block-html-text sc-a7jifb-0 infZXU attachment-block-html sc-12mvszh-0 ewiowP\"> deux <\/strong>\u00a0\u00bb.\u00a0<\/p>\n<p class=\"text sc-ap5wn4-0 llDiCp attachment-block-html-paragraph sc-11eprfg-0 iIZKmw attachment-block-html sc-12mvszh-0 ewiowP\">Pour moi, Isabelle Picard a trac\u00e9 le chemin de la litt\u00e9rature autochtone qu\u00e9b\u00e9coise. Je me suis beaucoup identifi\u00e9e \u00e0 la narration des jumeaux, qui donne une bonne vision de la vie en communaut\u00e9.  &#8211; <strong class=\"text sc-ap5wn4-0 llDiCp attachment-block-html-text sc-a7jifb-0 infZXU attachment-block-html sc-12mvszh-0 ewiowP\">Moira-Uashteskun Bacon<\/strong>, porte-parole de Je lis autochtone<\/p>\n<p class=\"text sc-ap5wn4-0 llDiCp attachment-block-html-paragraph sc-11eprfg-0 iIZKmw attachment-block-html sc-12mvszh-0 ewiowP\">14 ans et plus | \u00c9ditions David<\/p>\n<p class=\"text sc-ap5wn4-0 llDiCp attachment-block-html-paragraph sc-11eprfg-0 iIZKmw attachment-block-html sc-12mvszh-0 ewiowP\">Dans ces romans, traduits de l\u2019anglais, <strong class=\"text sc-ap5wn4-0 llDiCp attachment-block-html-text sc-a7jifb-0 infZXU attachment-block-html sc-12mvszh-0 ewiowP\">Bugz<\/strong>, une ado autochtone, explore son identit\u00e9 entre timidit\u00e9 r\u00e9elle et assurance virtuelle dans le jeu vid\u00e9o Floraverse. Sa rencontre avec<strong class=\"text sc-ap5wn4-0 llDiCp attachment-block-html-text sc-a7jifb-0 infZXU attachment-block-html sc-12mvszh-0 ewiowP\"> Feng<\/strong>, un jeune Ou\u00efghour expuls\u00e9 par la Chine, tisse un lien inattendu.<\/p>\n<p class=\"text sc-ap5wn4-0 llDiCp attachment-block-html-paragraph sc-11eprfg-0 iIZKmw attachment-block-html sc-12mvszh-0 ewiowP\">C\u2019est int\u00e9ressant comme s\u00e9rie qui lie les jeux vid\u00e9o, les cultures autochtones et le th\u00e8me du deuil.  &#8211; <strong class=\"text sc-ap5wn4-0 llDiCp attachment-block-html-text sc-a7jifb-0 infZXU attachment-block-html sc-12mvszh-0 ewiowP\">Moira-Uashteskun Bacon<\/strong>, porte-parole de Je lis autochtone<\/p>\n<p class=\"text sc-ap5wn4-0 llDiCp attachment-block-html-paragraph sc-11eprfg-0 iIZKmw attachment-block-html sc-12mvszh-0 ewiowP\">12 ans et plus | Strong Nations Publishing<\/p>\n<p class=\"text sc-ap5wn4-0 llDiCp attachment-block-html-paragraph sc-11eprfg-0 iIZKmw attachment-block-html sc-12mvszh-0 ewiowP\">Un myst\u00e8re qui allie <strong class=\"text sc-ap5wn4-0 llDiCp attachment-block-html-text sc-a7jifb-0 infZXU attachment-block-html sc-12mvszh-0 ewiowP\">aventure<\/strong> et <strong class=\"text sc-ap5wn4-0 llDiCp attachment-block-html-text sc-a7jifb-0 infZXU attachment-block-html sc-12mvszh-0 ewiowP\">sensibilisation<\/strong>. \u00c7a commence avec la disparition d&rsquo;un pr\u00e9cieux trait\u00e9 qui met en p\u00e9ril l&rsquo;Assembl\u00e9e nationale des Cris. Les jeunes d\u00e9tectives Sam, Otter, Atim et Chickadee m\u00e8nent une enqu\u00eate qui r\u00e9v\u00e8le l&rsquo;importance de la m\u00e9moire autochtone et permet aux jeunes de se familiariser avec la colonisation.<\/p>\n<p class=\"text sc-ap5wn4-0 llDiCp attachment-block-html-paragraph sc-11eprfg-0 iIZKmw attachment-block-html sc-12mvszh-0 ewiowP\">Images de couverture : Courtoisie \u00c9ditions Hannenorak, \u00c9ditions les Malins, \u00c9ditions David et Strong Nations Publishing<\/p>\n<p><strong class=\"text sc-ap5wn4-0 llDiCp attachment-block-html-text sc-a7jifb-0 infZXU attachment-block-html sc-12mvszh-0 ewiowP\">Ces contenus pourraient aussi t\u2019int\u00e9resser :<\/strong>\u00a0<\/p>\n","protected":false},"excerpt":{"rendered":"Un texte de F\u00e9licia Latour, avec Moira-Uashteskun Bacon En juin : Je lis autochtone! est une initiative lanc\u00e9e&hellip;\n","protected":false},"author":2,"featured_media":204041,"comment_status":"","ping_status":"","sticky":false,"template":"","format":"standard","meta":{"footnotes":""},"categories":[1357],"tags":[1379,58,59,1011,27,1380],"class_list":{"0":"post-204040","1":"post","2":"type-post","3":"status-publish","4":"format-standard","5":"has-post-thumbnail","7":"category-livres","8":"tag-books","9":"tag-divertissement","10":"tag-entertainment","11":"tag-fr","12":"tag-france","13":"tag-livres"},"share_on_mastodon":{"url":"https:\/\/pubeurope.com\/@fr\/114745816187413204","error":""},"_links":{"self":[{"href":"https:\/\/www.europesays.com\/fr\/wp-json\/wp\/v2\/posts\/204040","targetHints":{"allow":["GET"]}}],"collection":[{"href":"https:\/\/www.europesays.com\/fr\/wp-json\/wp\/v2\/posts"}],"about":[{"href":"https:\/\/www.europesays.com\/fr\/wp-json\/wp\/v2\/types\/post"}],"author":[{"embeddable":true,"href":"https:\/\/www.europesays.com\/fr\/wp-json\/wp\/v2\/users\/2"}],"replies":[{"embeddable":true,"href":"https:\/\/www.europesays.com\/fr\/wp-json\/wp\/v2\/comments?post=204040"}],"version-history":[{"count":0,"href":"https:\/\/www.europesays.com\/fr\/wp-json\/wp\/v2\/posts\/204040\/revisions"}],"wp:featuredmedia":[{"embeddable":true,"href":"https:\/\/www.europesays.com\/fr\/wp-json\/wp\/v2\/media\/204041"}],"wp:attachment":[{"href":"https:\/\/www.europesays.com\/fr\/wp-json\/wp\/v2\/media?parent=204040"}],"wp:term":[{"taxonomy":"category","embeddable":true,"href":"https:\/\/www.europesays.com\/fr\/wp-json\/wp\/v2\/categories?post=204040"},{"taxonomy":"post_tag","embeddable":true,"href":"https:\/\/www.europesays.com\/fr\/wp-json\/wp\/v2\/tags?post=204040"}],"curies":[{"name":"wp","href":"https:\/\/api.w.org\/{rel}","templated":true}]}}