{"id":204042,"date":"2025-06-25T20:09:09","date_gmt":"2025-06-25T20:09:09","guid":{"rendered":"https:\/\/www.europesays.com\/fr\/204042\/"},"modified":"2025-06-25T20:09:09","modified_gmt":"2025-06-25T20:09:09","slug":"un-agriculteur-de-lamour-est-dans-le-pre-na-pas-recu-de-courrier","status":"publish","type":"post","link":"https:\/\/www.europesays.com\/fr\/204042\/","title":{"rendered":"un agriculteur de \u00abL\u2019amour est dans le pr\u00e9\u00bb n\u2019a pas re\u00e7u de courrier"},"content":{"rendered":"<p><strong>VID\u00c9O <\/strong>&#8211; Ce mercredi 25 juin, l\u2019\u00e9quipe de l\u2019\u00e9mission sur M6 a annonc\u00e9 dans un communiqu\u00e9 qu\u2019un candidat de la prochaine et vingti\u00e8me saison n\u2019a pas re\u00e7u de lettre.<\/p>\n<p class=\"fig-paragraph\">\u00abCette ann\u00e9e, une situation exceptionnelle\u00bb annonce l\u2019\u00e9quipe de\u00a0<a href=\"https:\/\/tvmag.lefigaro.fr\/programme-tv\/programme\/l-amour-est-dans-le-pre-d1718176196\" target=\"_blank\" rel=\"noopener nofollow\" data-gtm-custom-categorie=\"navigation\" data-gtm-custom-action=\"crossclick\" data-gtm-custom-label=\"Contextuel\" data-gtm-event=\"customEventSPE\"><strong>\u00abL\u2019amour est dans le pr\u00e9\u00bb<\/strong><\/a> \u00a0dans un communiqu\u00e9. <strong>Antoine<\/strong>, un des agriculteurs de la vingti\u00e8me saison du programme n\u2019a pas re\u00e7u de lettre.<\/p>\n<p class=\"fig-paragraph\">L\u2019agriculteur est d\u00e9crit dans ce texte comme \u00abun homme simple et chaleureux\u00bb et \u00abtr\u00e8s proche de son p\u00e8re\u00bb \u00abPetit par la taille mais grand par l\u2019esprit, Antoine a d\u00fb essuyer les moqueries de ses camarades, mais cela n\u2019a jamais terni sa joie de vivre, ni son humour\u00bb, d\u00e9clare encore la production pour compl\u00e9ter le portrait du participant.<\/p>\n<p class=\"fig-body-link\">\n            \u00c0 lire aussi<br \/>\n        <a class=\"fig-body-link__link\" href=\"http:\/\/tvmag.lefigaro.fr\/programme-tv\/people\/flavie-voulait-trop-tout-decider-valentin-de-l-amour-est-dans-le-pre-s-exprime-sur-sa-rupture-20250226\" target=\"_blank\" data-fig-type=\"Article\" rel=\"noopener nofollow\" data-gtm-custom-categorie=\"navigation\" data-gtm-custom-action=\"crossclick\" data-gtm-custom-label=\"Contextuel\" data-gtm-event=\"customEventSPE\" data-fig-domain=\"TVMAG\">\u00abFlavie voulait trop tout d\u00e9cider\u00bb\u00a0: Valentin de \u00abL\u2019Amour est dans le pr\u00e9\u00bb s\u2019exprime sur sa rupture<br \/>\n    <\/a>\n<\/p>\n<p class=\"fig-paragraph\">Antoine n\u2019a connu qu\u2019une seule histoire d\u2019amour dans sa vie, histoire qui s\u2019est malheureusement termin\u00e9e par une d\u00e9ception. L\u2019agriculteur souhaite aujourd\u2019hui \u00abrencontrer une compagne ind\u00e9pendante et travailleuse, pr\u00eate \u00e0 partager un quotidien simple mais sinc\u00e8re\u00bb, une femme qui pourrait l\u2019aider \u00e0 r\u00e9aliser son r\u00eave\u00a0: \u00abfonder une famille\u00bb.<\/p>\n<p class=\"fig-paragraph\">D\u2019ailleurs, Antoine doit sa participation \u00e0 \u00abL\u2019amour est dans le pr\u00e9\u00bb \u00e0 \u00abla fille d\u2019un couple d\u2019amis\u00bb. L\u2019agriculteur est tr\u00e8s entour\u00e9, par une famille bienveillante, il faudra donc que l\u2019\u00e9lue de son c\u0153ur arrive \u00e0 s\u2019int\u00e9grer parmi les proches d\u2019Antoine.<\/p>\n<p>La bo\u00eete aux lettres reste ouverte<\/p>\n<p class=\"fig-paragraph\"><a href=\"https:\/\/www.lefigaro.fr\/tag\/karine-le-marchand\" target=\"_blank\" rel=\"noopener nofollow\" data-gtm-custom-categorie=\"navigation\" data-gtm-custom-action=\"crossclick\" data-gtm-custom-label=\"Contextuel\" data-gtm-event=\"customEventSPE\"><strong>Karine Le Marchand\u00a0<\/strong><\/a> avait d\u00e9j\u00e0 tir\u00e9 la sonnette d\u2019alarme le 19 mai dernier dans une vid\u00e9o\u00a0: \u00abattention, situation exceptionnelle cette ann\u00e9e\u00a0: malheureusement, notre Antoine n\u2019a pas re\u00e7u de courrier. \u00c7a ne veut pas dire que l\u2019aventure s\u2019arr\u00eate ici, puisque nous avons d\u00e9cid\u00e9 de laisser la bo\u00eete aux lettres de \u201cL\u2019amour est dans le pr\u00e9\u201d ouverte\u00bb. Antoine et la production attendent donc toujours avec impatience de nouvelles lettres.<\/p>\n<p class=\"fig-paragraph\">Cette \u00absituation exceptionnelle\u00bb s\u2019\u00e9tait pourtant d\u00e9j\u00e0 produite en 2023, lors de la saison 18. David n\u2019avait re\u00e7u aucune lettre de pr\u00e9tendante jusqu\u2019\u00e0 quasiment la fin de la saison. Mais heureusement, lors du dernier \u00e9pisode bilan, l\u2019animatrice d\u2019M6 lui avait enfin remis une missive d\u2019une femme souhaitant le rencontrer. De quoi redonner espoir \u00e0 Antoine.<\/p>\n<p class=\"fig-body-link\">\n            \u00c0 lire aussi<br \/>\n        <a class=\"fig-body-link__link\" href=\"http:\/\/tvmag.lefigaro.fr\/programme-tv\/actu-tele\/elle-a-eu-raison-de-dire-qu-elle-ne-pourra-pas-travailler-avec-cyril-hanouna-julien-courbet-comprend-la-reaction-de-karine-le-marchand-20250604\" target=\"_blank\" data-fig-type=\"Article\" rel=\"noopener nofollow\" data-gtm-custom-categorie=\"navigation\" data-gtm-custom-action=\"crossclick\" data-gtm-custom-label=\"Contextuel\" data-gtm-event=\"customEventSPE\" data-fig-domain=\"TVMAG\">\u00abElle a eu raison de dire qu\u2019elle ne pourra pas travailler avec Cyril Hanouna\u00bb\u00a0: Julien Courbet comprend la r\u00e9action de Karine Le Marchand<br \/>\n    <\/a>\n<\/p>\n<p class=\"fig-paragraph\">Diffus\u00e9e pour la premi\u00e8re fois en 2006, \u00abL\u2019amour est dans le pr\u00e9\u00bb a su conqu\u00e9rir le c\u0153ur du public, et a permis \u00e0 plusieurs couples de se rencontrer et de fonder une famille.<\/p>\n<p class=\"fig-paragraph\">Alors que les t\u00e9l\u00e9spectateurs attendent avec impatience la diffusion de cette saison 20 de l\u2019\u00e9mission pr\u00e9sent\u00e9e par Karine Le Marchand, la production a d\u2019ores et d\u00e9j\u00e0 annonc\u00e9 que le casting de la saison 21 est ouvert.<\/p>\n","protected":false},"excerpt":{"rendered":"VID\u00c9O &#8211; Ce mercredi 25 juin, l\u2019\u00e9quipe de l\u2019\u00e9mission sur M6 a annonc\u00e9 dans un communiqu\u00e9 qu\u2019un candidat&hellip;\n","protected":false},"author":2,"featured_media":204043,"comment_status":"","ping_status":"","sticky":false,"template":"","format":"standard","meta":{"footnotes":""},"categories":[1356],"tags":[497,496,499,58,59,1011,27,5413,494,500,504,505,495,503,502,501,252,1364,498],"class_list":{"0":"post-204042","1":"post","2":"type-post","3":"status-publish","4":"format-standard","5":"has-post-thumbnail","7":"category-television","8":"tag-actu-tv","9":"tag-actualite-tv","10":"tag-buzz-tv","11":"tag-divertissement","12":"tag-entertainment","13":"tag-fr","14":"tag-france","15":"tag-karine-le-marchand","16":"tag-m6","17":"tag-medias","18":"tag-news-tele","19":"tag-news-television","20":"tag-news-tv","21":"tag-programme-tele","22":"tag-programme-tv","23":"tag-quiz-tv","24":"tag-television","25":"tag-tv","26":"tag-tv-actu"},"share_on_mastodon":{"url":"https:\/\/pubeurope.com\/@fr\/114745820043229428","error":""},"_links":{"self":[{"href":"https:\/\/www.europesays.com\/fr\/wp-json\/wp\/v2\/posts\/204042","targetHints":{"allow":["GET"]}}],"collection":[{"href":"https:\/\/www.europesays.com\/fr\/wp-json\/wp\/v2\/posts"}],"about":[{"href":"https:\/\/www.europesays.com\/fr\/wp-json\/wp\/v2\/types\/post"}],"author":[{"embeddable":true,"href":"https:\/\/www.europesays.com\/fr\/wp-json\/wp\/v2\/users\/2"}],"replies":[{"embeddable":true,"href":"https:\/\/www.europesays.com\/fr\/wp-json\/wp\/v2\/comments?post=204042"}],"version-history":[{"count":0,"href":"https:\/\/www.europesays.com\/fr\/wp-json\/wp\/v2\/posts\/204042\/revisions"}],"wp:featuredmedia":[{"embeddable":true,"href":"https:\/\/www.europesays.com\/fr\/wp-json\/wp\/v2\/media\/204043"}],"wp:attachment":[{"href":"https:\/\/www.europesays.com\/fr\/wp-json\/wp\/v2\/media?parent=204042"}],"wp:term":[{"taxonomy":"category","embeddable":true,"href":"https:\/\/www.europesays.com\/fr\/wp-json\/wp\/v2\/categories?post=204042"},{"taxonomy":"post_tag","embeddable":true,"href":"https:\/\/www.europesays.com\/fr\/wp-json\/wp\/v2\/tags?post=204042"}],"curies":[{"name":"wp","href":"https:\/\/api.w.org\/{rel}","templated":true}]}}