{"id":204054,"date":"2025-06-25T20:15:08","date_gmt":"2025-06-25T20:15:08","guid":{"rendered":"https:\/\/www.europesays.com\/fr\/204054\/"},"modified":"2025-06-25T20:15:08","modified_gmt":"2025-06-25T20:15:08","slug":"la-police-abat-un-homme-qui-croyait-que-chatgpt-etait-sa-petite-amie-et-quelle-avait-ete-assassinee-les-numeriques","status":"publish","type":"post","link":"https:\/\/www.europesays.com\/fr\/204054\/","title":{"rendered":"La police abat un homme qui croyait que ChatGPT \u00e9tait sa petite amie et qu&#039;elle avait \u00e9t\u00e9 assassin\u00e9e &#8211; Les Num\u00e9riques"},"content":{"rendered":"<ol>\n<li><a href=\"https:\/\/news.google.com\/rss\/articles\/CBMi_gFBVV95cUxQTUFmdnJQSjNlanVOck5ubkx3M3Z4anp3MW1aNjRMMVF3MjRGNnY1akJOZE9HcmhuSC10dTFLamtMbWtEcmowTi1FdlcyT290aTIwTXVuZnRvLUNQSENSYnZkVWR0U0ZrbG04UnVKdjRkU1ZkM1JDTFo3NHJSbFExYWJ1Y0stZDk1aXk2RnJ1WFdnQVoxbjE2a3hNeE1zRHVkdm9BNzgxV2Vsc0daQUMwdzdYaUY0VmJ6NDEwZjIyN21YRlhXX1c3QXJ2ckotYUJWOW9tSWhjR1hsUmM3NlJQeWN5OVgyVUQ5b1BtZUxaR3ozeEY2a2NwUXl2SF9udw?oc=5\" target=\"_blank\" rel=\"nofollow noopener\">La police abat un homme qui croyait que ChatGPT \u00e9tait sa petite amie et qu&rsquo;elle avait \u00e9t\u00e9 assassin\u00e9e<\/a>&nbsp;&nbsp;Les Num\u00e9riques<\/li>\n<li><a href=\"https:\/\/news.google.com\/rss\/articles\/CBMihAJBVV95cUxQSExEME4xT1Q4UzItTkpDcTdOLWJadmJsOVdoWS0wcG1lbnF4alNyMGVNZnRReWdXYktsSzV3ODAyb2dWMkFLUEs5VjdvaVdEMnB6c3J1VHVLYjVxOHZJaXF1OHFOOTZieFdHbEh5OEpBRTlkYUZpZ0FfRjdhcGVzRjZaMU1BcXlDVUs4TzhhVFg5MGtlNlpGMUZLY25JNU14TmROakU5ak5UbEx6eTVzVkhiSDg2bnp4M09JdTlXYmFKQTc2cldPcmN1a0lnRjR2alhUMVp5d3cwNXZkZ1B2MkJYN2FWbTRTRDdhekFfSUlOSTBRRTFidGdOZEo3TVpJaGs5YQ?oc=5\" target=\"_blank\" rel=\"nofollow noopener\">\u00ab\u00a0Je ne peux pas vivre sans elle\u00a0\u00bb: un homme abattu par la police pour une histoire d&rsquo;amour avec ChatGPT<\/a>&nbsp;&nbsp;BFMTV<\/li>\n<li><a href=\"https:\/\/news.google.com\/rss\/articles\/CBMiugFBVV95cUxPX2dpcUlranB0N3gxQ2l5YW85ZWpiM3ZnSm9lS1ZfbUlnNUZtMVlDR2RYZ3dPZ1NYNmxkWEJYYl9NTENKRHVxSEdDamdaR0JvWWVXdjZkVGd0Y292dnl4VGdwX1FvVmttREZRMGdJQm1aMHo5eXZpNVlKQnVXQWJPdkR4aG1aeTd4N3RndWNlOVJvbkVVVkx5V3NkMXk4eGh4V19VaTloOE1lcHlFV0ZOS2RNZXFYdjdtLVE?oc=5\" target=\"_blank\" rel=\"nofollow noopener\">M\u00e9moire, imagination, esprit critique&#8230; L\u2019IA nous rendra-t-elle tous idiots ?<\/a>&nbsp;&nbsp;Le Figaro Sant\u00e9<\/li>\n<li><a href=\"https:\/\/news.google.com\/rss\/articles\/CBMiugFBVV95cUxQQzJtcWI1TGlDbFFQQS1ReUpFa0diTnpDdU43dHRKaDJ4Rk1XVGNxRmRIOWhjd0pTNXlUNURfVnNzc0tEVjBiSnZlZ015X0ROR0ZwWFFvQ2Z3cXBhckhJSU1sa28tdVZJREJTZkt1eXhJMUZvanFuLXJvUkNRRWNsVGdfOFMta1ZObzlNcTZkSEwzdy1BdndVaTN2QjhPLWcxelo2Z2dSOTVBNDR6d2xlOWYtY3dUaFJSY1E?oc=5\" target=\"_blank\" rel=\"nofollow noopener\">Quel est l\u2019impact r\u00e9el de ChatGPT sur le cerveau des \u00e9tudiants ?<\/a>&nbsp;&nbsp;20 Minutes<\/li>\n<li><a href=\"https:\/\/news.google.com\/rss\/articles\/CBMingFBVV95cUxNMFBETGM1WGNXdUdVWmI0MWdfUG1iTjdjSFM1N1lhb2VLblZBNEhId19VM0dsU1RsNXE1ZVlQa3pQcTZ3a0Q4S0Y2RjJYVDhUUWl2R1BIM3UxYXJTS0l1U25rSTZXYVZNQmoyd1Nld0tNa1Q5aE5tYjVHVUtqd244V1h5aVI0MTJuWEJCSEo2alVEMVVWYi1CV29Vcy1IUQ?oc=5\" target=\"_blank\" rel=\"nofollow noopener\">ChatGPT, un nouveau risque pour la sant\u00e9 mentale ?<\/a>&nbsp;&nbsp;L&rsquo;Union<\/li>\n<\/ol>\n","protected":false},"excerpt":{"rendered":"La police abat un homme qui croyait que ChatGPT \u00e9tait sa petite amie et qu&rsquo;elle avait \u00e9t\u00e9 assassin\u00e9e&nbsp;&nbsp;Les&hellip;\n","protected":false},"author":2,"featured_media":1445,"comment_status":"","ping_status":"","sticky":false,"template":"","format":"standard","meta":{"footnotes":""},"categories":[7],"tags":[1011,27,43,40,41,39,42,44],"class_list":{"0":"post-204054","1":"post","2":"type-post","3":"status-publish","4":"format-standard","5":"has-post-thumbnail","7":"category-sciences-et-technologies","8":"tag-fr","9":"tag-france","10":"tag-science","11":"tag-science-and-technology","12":"tag-sciences","13":"tag-sciences-et-technologies","14":"tag-technologies","15":"tag-technology"},"share_on_mastodon":{"url":"https:\/\/pubeurope.com\/@fr\/114745843562081732","error":""},"_links":{"self":[{"href":"https:\/\/www.europesays.com\/fr\/wp-json\/wp\/v2\/posts\/204054","targetHints":{"allow":["GET"]}}],"collection":[{"href":"https:\/\/www.europesays.com\/fr\/wp-json\/wp\/v2\/posts"}],"about":[{"href":"https:\/\/www.europesays.com\/fr\/wp-json\/wp\/v2\/types\/post"}],"author":[{"embeddable":true,"href":"https:\/\/www.europesays.com\/fr\/wp-json\/wp\/v2\/users\/2"}],"replies":[{"embeddable":true,"href":"https:\/\/www.europesays.com\/fr\/wp-json\/wp\/v2\/comments?post=204054"}],"version-history":[{"count":0,"href":"https:\/\/www.europesays.com\/fr\/wp-json\/wp\/v2\/posts\/204054\/revisions"}],"wp:featuredmedia":[{"embeddable":true,"href":"https:\/\/www.europesays.com\/fr\/wp-json\/wp\/v2\/media\/1445"}],"wp:attachment":[{"href":"https:\/\/www.europesays.com\/fr\/wp-json\/wp\/v2\/media?parent=204054"}],"wp:term":[{"taxonomy":"category","embeddable":true,"href":"https:\/\/www.europesays.com\/fr\/wp-json\/wp\/v2\/categories?post=204054"},{"taxonomy":"post_tag","embeddable":true,"href":"https:\/\/www.europesays.com\/fr\/wp-json\/wp\/v2\/tags?post=204054"}],"curies":[{"name":"wp","href":"https:\/\/api.w.org\/{rel}","templated":true}]}}