{"id":204055,"date":"2025-06-25T20:16:10","date_gmt":"2025-06-25T20:16:10","guid":{"rendered":"https:\/\/www.europesays.com\/fr\/204055\/"},"modified":"2025-06-25T20:16:10","modified_gmt":"2025-06-25T20:16:10","slug":"lue-ouvre-une-enquete-sur-le-rachat-des-chips-pringles-par-mars-craignant-des-hausses-de-prix","status":"publish","type":"post","link":"https:\/\/www.europesays.com\/fr\/204055\/","title":{"rendered":"L\u2019UE ouvre une enqu\u00eate sur le rachat des chips Pringles par Mars, craignant des hausses de prix"},"content":{"rendered":"<p>Cette m\u00e9ga-fusion dans l\u2019agroalimentaire, estim\u00e9e \u00e0 31 milliards d\u2019euros (36 milliards de dollars), avait \u00e9t\u00e9 annonc\u00e9e en ao\u00fbt 2024.<\/p>\n<p class=\"fig-paragraph\">Bruxelles a ouvert ce mercredi une enqu\u00eate sur le rachat du groupe am\u00e9ricain Kellanova (chips Pringles)\u00a0<a href=\"http:\/\/www.lefigaro.fr\/societes\/mars-en-pourparlers-pour-racheter-kellanova-le-fabricant-de-pringles-20240806\" target=\"_blank\" data-fig-type=\"NewsFlash\" rel=\"noopener\" data-gtm-custom-categorie=\"navigation\" data-gtm-custom-action=\"crossclick\" data-gtm-custom-label=\"Contextuel\" data-gtm-event=\"customEventSPE\" data-fig-domain=\"LEFIGARO\">par son compatriote Mars<\/a>, sp\u00e9cialiste des barres chocolat\u00e9es, craignant des hausses de prix pour les consommateurs dans un contexte de forte inflation alimentaire.<\/p>\n<p class=\"fig-paragraph\">L&rsquo;op\u00e9ration \u00e0 31 milliards d&rsquo;euros (36 milliards de dollars) avait \u00e9t\u00e9 annonc\u00e9e en ao\u00fbt 2024. \u00abEn rachetant Kellanova, Mars ajoutera plusieurs marques tr\u00e8s populaires de chips et de c\u00e9r\u00e9ales \u00e0 un portefeuille de produits d\u00e9j\u00e0 large et solide\u00bb, a d\u00e9clar\u00e9 la commissaire europ\u00e9enne \u00e0 la Concurrence, Teresa Ribera. Elle dit vouloir \u00abs&rsquo;assurer que cette acquisition n&rsquo;entra\u00eene pas une nouvelle hausse du co\u00fbt du panier de courses\u00bb. La Commission, gendarme de la concurrence dans<a href=\"http:\/\/www.lefigaro.fr\/flash-eco\/l-ue-simplifie-les-aides-d-etat-pour-les-technologies-vertes-et-le-nucleaire-20250625\" data-fig-type=\"NewsFlash\" data-gtm-custom-categorie=\"navigation\" data-gtm-custom-action=\"crossclick\" data-gtm-custom-label=\"Contextuel\" data-gtm-event=\"customEventSPE\" data-fig-domain=\"LEFIGARO\" target=\"_blank\" rel=\"noopener\">\u00a0l\u2019UE<\/a>, craint que le groupe puisse accro\u00eetre de fa\u00e7on excessive son pouvoir vis-\u00e0-vis des distributeurs. \u00abCette position renforc\u00e9e pourrait permettre \u00e0 Mars d\u2019obtenir des prix plus \u00e9lev\u00e9s lors des n\u00e9gociations\u00bb qui seraient r\u00e9percut\u00e9s sur les consommateurs.<\/p>\n<p>Un chiffre d\u2019affaires annuel de plus de 50 milliards de dollars pour Mars<\/p>\n<p class=\"fig-paragraph\">Outre sa c\u00e9l\u00e8bre barre chocolat\u00e9e, le g\u00e9ant agroalimentaire produit aussi les Twix et Snickers, les bonbons au chocolat M&amp;Ms ou encore les aliments pour animaux Whiskas et Royal Canin. L\u2019acquisition de Kellanova lui permettrait de se diversifier dans les snacks sal\u00e9s. Mars r\u00e9alise d\u00e9j\u00e0 un chiffre d\u2019affaires annuel de plus de 50 milliards de dollars (43 milliards d\u2019euros) et emploie plus de 150.000 personnes dans le monde. Les ventes de Kellanova, qui compte quelque 23.000 employ\u00e9s, s\u2019\u00e9l\u00e8vent \u00e0 environ 13 milliards de dollars (11,2 milliards d\u2019euros). Le groupe est cot\u00e9 \u00e0 la Bourse de New York contrairement \u00e0 Mars qui est un groupe familial.<\/p>\n<p class=\"fig-paragraph\">La Commission a d\u00e9sormais jusqu\u2019au 31 octobre pour prendre une d\u00e9cision. L\u2019ouverture de l\u2019enqu\u00eate ne pr\u00e9juge pas de cette d\u00e9cision. Elle peut autoriser ou interdire l\u2019op\u00e9ration, ou encore l\u2019approuver sous conditions, en r\u00e9clamant par exemple la cession de certaines activit\u00e9s. Les deux entreprises d\u00e9tiennent \u00abune position de march\u00e9 forte sur plusieurs segments de produits dans de nombreux \u00c9tats membres\u00bb, en partie gr\u00e2ce \u00e0 \u00abdes marques consid\u00e9r\u00e9es comme incontournables\u00bb pour les consommateurs, souligne la Commission. Plusieurs distributeurs ont exprim\u00e9 leur \u00abinqui\u00e9tude\u00bb au sujet de ce rachat, pr\u00e9cise-t-elle.<\/p>\n","protected":false},"excerpt":{"rendered":"Cette m\u00e9ga-fusion dans l\u2019agroalimentaire, estim\u00e9e \u00e0 31 milliards d\u2019euros (36 milliards de dollars), avait \u00e9t\u00e9 annonc\u00e9e en ao\u00fbt&hellip;\n","protected":false},"author":2,"featured_media":204056,"comment_status":"","ping_status":"","sticky":false,"template":"","format":"standard","meta":{"footnotes":""},"categories":[6],"tags":[631,627,630,340,398,35,343,350,634,405,629,636,33,34,674,632,638,1011,27,637,399,639,635,918,401,628,633,407],"class_list":{"0":"post-204055","1":"post","2":"type-post","3":"status-publish","4":"format-standard","5":"has-post-thumbnail","7":"category-economie","8":"tag-action","9":"tag-actions-francaise","10":"tag-actualite-bourse","11":"tag-bourse","12":"tag-bourse-de-paris","13":"tag-business","14":"tag-cac-40","15":"tag-concurrence","16":"tag-cotation","17":"tag-cotations","18":"tag-cours-des-societes-francaises","19":"tag-devises","20":"tag-economie","21":"tag-economy","22":"tag-europe","23":"tag-fcp","24":"tag-figaro","25":"tag-fr","26":"tag-france","27":"tag-indices","28":"tag-investissement","29":"tag-le-figaro","30":"tag-marches","31":"tag-mars","32":"tag-sicav","33":"tag-societes-etrangeres","34":"tag-warrant","35":"tag-warrants"},"share_on_mastodon":{"url":"https:\/\/pubeurope.com\/@fr\/114745847558376264","error":""},"_links":{"self":[{"href":"https:\/\/www.europesays.com\/fr\/wp-json\/wp\/v2\/posts\/204055","targetHints":{"allow":["GET"]}}],"collection":[{"href":"https:\/\/www.europesays.com\/fr\/wp-json\/wp\/v2\/posts"}],"about":[{"href":"https:\/\/www.europesays.com\/fr\/wp-json\/wp\/v2\/types\/post"}],"author":[{"embeddable":true,"href":"https:\/\/www.europesays.com\/fr\/wp-json\/wp\/v2\/users\/2"}],"replies":[{"embeddable":true,"href":"https:\/\/www.europesays.com\/fr\/wp-json\/wp\/v2\/comments?post=204055"}],"version-history":[{"count":0,"href":"https:\/\/www.europesays.com\/fr\/wp-json\/wp\/v2\/posts\/204055\/revisions"}],"wp:featuredmedia":[{"embeddable":true,"href":"https:\/\/www.europesays.com\/fr\/wp-json\/wp\/v2\/media\/204056"}],"wp:attachment":[{"href":"https:\/\/www.europesays.com\/fr\/wp-json\/wp\/v2\/media?parent=204055"}],"wp:term":[{"taxonomy":"category","embeddable":true,"href":"https:\/\/www.europesays.com\/fr\/wp-json\/wp\/v2\/categories?post=204055"},{"taxonomy":"post_tag","embeddable":true,"href":"https:\/\/www.europesays.com\/fr\/wp-json\/wp\/v2\/tags?post=204055"}],"curies":[{"name":"wp","href":"https:\/\/api.w.org\/{rel}","templated":true}]}}