{"id":204059,"date":"2025-06-25T20:18:11","date_gmt":"2025-06-25T20:18:11","guid":{"rendered":"https:\/\/www.europesays.com\/fr\/204059\/"},"modified":"2025-06-25T20:18:11","modified_gmt":"2025-06-25T20:18:11","slug":"des-arbres-au-sol-des-routes-coupees-et-des-coupures-delectricite","status":"publish","type":"post","link":"https:\/\/www.europesays.com\/fr\/204059\/","title":{"rendered":"des arbres au sol, des routes coup\u00e9es et des coupures d\u2019\u00e9lectricit\u00e9"},"content":{"rendered":"<p>Les temp\u00e9ratures caniculaires de la journ\u00e9e ont laiss\u00e9 place \u00e0 des violents \u00e9pisodes orageux \u00e0 l\u2019approche de la soir\u00e9e. Quelques \u00e9clairs, de fortes pluies et des bourrasques ont travers\u00e9 le Loir-et-Cher, mercredi 25\u00a0juin 2025, apr\u00e8s 18\u00a0h.<\/p>\n<p>En cons\u00e9quence, de nombreux arbres ou branches sont tomb\u00e9s sur les routes, provoquant d\u2019importantes g\u00eanes de circulation, comme dans le secteur de Cheverny o\u00f9 des d\u00e9viations ont \u00e9t\u00e9 mises en place. Le flux d\u2019appels chez <a title=\"lien vers la NR\" target=\"_self\" href=\"https:\/\/www.lanouvellerepublique.fr\/loir-et-cher\/commune\/epuisay\/pres-de-vendome-plus-de-80-pompiers-mobilises-sur-des-feux-de-vegetation-1750860991\" rel=\"nofollow noopener\">les pompiers<\/a> \u00e9tait tel qu\u2019il \u00e9tait impossible, pour eux, de d\u00e9nombrer le nombre d\u2019interventions en cours, aux alentours de 20\u00a0h.<\/p>\n<p><img alt=\"De nombreux arbres sont tomb\u00e9s sur les routes du d\u00e9partement, dans la soir\u00e9e de mercredi.\" loading=\"lazy\" width=\"980\" height=\"573\" decoding=\"async\" data-nimg=\"1\" class=\"img-responsive spinner-show\" style=\"color:transparent;background-size:cover;background-position:50% 50%;background-repeat:no-repeat;background-image:url(&quot;data:image\/svg+xml;charset=utf-8,%3Csvg xmlns='http:\/\/www.w3.org\/2000\/svg' viewBox='0 0 980 573'%3E%3Cfilter id='b' color-interpolation-filters='sRGB'%3E%3CfeGaussianBlur stdDeviation='20'\/%3E%3CfeColorMatrix values='1 0 0 0 0 0 1 0 0 0 0 0 1 0 0 0 0 0 100 -1' result='s'\/%3E%3CfeFlood x='0' y='0' width='100%25' height='100%25'\/%3E%3CfeComposite operator='out' in='s'\/%3E%3CfeComposite in2='SourceGraphic'\/%3E%3CfeGaussianBlur stdDeviation='20'\/%3E%3C\/filter%3E%3Cimage width='100%25' height='100%25' x='0' y='0' preserveAspectRatio='none' style='filter: url(%23b);' href='https:\/\/images.lanouvellerepublique.fr\/image\/upload\/t_88w\/f_auto\/685c3f641281f6074f8b45bb.jpg'\/%3E%3C\/svg%3E&quot;)\"   src=\"https:\/\/www.europesays.com\/fr\/wp-content\/uploads\/2025\/06\/685c3f641281f6074f8b45bb.jpg\"\/><\/p>\n<p style=\"background-color:#F2F2F2;padding:5px;margin-top:0px;margin-bottom:10px\">De nombreux arbres sont tomb\u00e9s sur les routes du d\u00e9partement, dans la soir\u00e9e de mercredi.<br \/> \u00a9 (Photo NR)<\/p>\n<p>Des policiers municipaux \u00e0 Blois ont \u00e9t\u00e9 aper\u00e7us, boulevard de Chanzy, pour enlever une grande branche. Il n\u2019\u00e9tait \u00e9galement pas rare de voir des poubelles renvers\u00e9es sur les chauss\u00e9es.<\/p>\n<p>Des coupures d\u2019\u00e9lectricit\u00e9 recens\u00e9es<\/p>\n<p>Sur les r\u00e9seaux sociaux, de nombreux t\u00e9moignages faisaient \u00e9tat de bruits de tonnerre, d\u2019averses et autres nuages noirs \u00e0 l\u2019horizon dans le sud du d\u00e9partement, notamment. Tandis que le temps redevenait plus calme \u00e0 Blois.<\/p>\n<p>Certains internautes ont \u00e9galement signal\u00e9, vers 20\u00a0h, des coupures d\u2019\u00e9lectricit\u00e9 au Controis-en-Sologne, \u00e0 Cormeray, Fresnes, Averdon,\u00a0etc. Bien que \u00ab\u00a0mobilis\u00e9\u00a0\u00bb, Enedis ne pouvait donner un diagnostic du nombre de foyers impact\u00e9s, en fin de journ\u00e9e.<\/p>\n<p>\u00ab\u00a0Il peut encore y avoir des cellules orageuses dans la nuit dans la r\u00e9gion Centre. La situation est \u00e9volutive, mais pr\u00e8s de 150 techniciens sont sur le terrain au total. Les bilans pourront \u00eatre dress\u00e9s jeudi matin\u00a0\u00bb, pr\u00e9cisait-on \u00e0 la permanence.<\/p>\n","protected":false},"excerpt":{"rendered":"Les temp\u00e9ratures caniculaires de la journ\u00e9e ont laiss\u00e9 place \u00e0 des violents \u00e9pisodes orageux \u00e0 l\u2019approche de la&hellip;\n","protected":false},"author":2,"featured_media":204060,"comment_status":"","ping_status":"","sticky":false,"template":"","format":"standard","meta":{"footnotes":""},"categories":[4],"tags":[1392,11,3469,274,1011,27,4368,12,25,9559,4369],"class_list":{"0":"post-204059","1":"post","2":"type-post","3":"status-publish","4":"format-standard","5":"has-post-thumbnail","7":"category-france","8":"tag-a-la-une-local","9":"tag-actualites","10":"tag-blois","11":"tag-faits-divers-justice","12":"tag-fr","13":"tag-france","14":"tag-loir-et-cher","15":"tag-news","16":"tag-republique-francaise","17":"tag-romorantin-lanthenay","18":"tag-vendome"},"share_on_mastodon":{"url":"https:\/\/pubeurope.com\/@fr\/114745855476293404","error":""},"_links":{"self":[{"href":"https:\/\/www.europesays.com\/fr\/wp-json\/wp\/v2\/posts\/204059","targetHints":{"allow":["GET"]}}],"collection":[{"href":"https:\/\/www.europesays.com\/fr\/wp-json\/wp\/v2\/posts"}],"about":[{"href":"https:\/\/www.europesays.com\/fr\/wp-json\/wp\/v2\/types\/post"}],"author":[{"embeddable":true,"href":"https:\/\/www.europesays.com\/fr\/wp-json\/wp\/v2\/users\/2"}],"replies":[{"embeddable":true,"href":"https:\/\/www.europesays.com\/fr\/wp-json\/wp\/v2\/comments?post=204059"}],"version-history":[{"count":0,"href":"https:\/\/www.europesays.com\/fr\/wp-json\/wp\/v2\/posts\/204059\/revisions"}],"wp:featuredmedia":[{"embeddable":true,"href":"https:\/\/www.europesays.com\/fr\/wp-json\/wp\/v2\/media\/204060"}],"wp:attachment":[{"href":"https:\/\/www.europesays.com\/fr\/wp-json\/wp\/v2\/media?parent=204059"}],"wp:term":[{"taxonomy":"category","embeddable":true,"href":"https:\/\/www.europesays.com\/fr\/wp-json\/wp\/v2\/categories?post=204059"},{"taxonomy":"post_tag","embeddable":true,"href":"https:\/\/www.europesays.com\/fr\/wp-json\/wp\/v2\/tags?post=204059"}],"curies":[{"name":"wp","href":"https:\/\/api.w.org\/{rel}","templated":true}]}}