{"id":204062,"date":"2025-06-25T20:20:10","date_gmt":"2025-06-25T20:20:10","guid":{"rendered":"https:\/\/www.europesays.com\/fr\/204062\/"},"modified":"2025-06-25T20:20:10","modified_gmt":"2025-06-25T20:20:10","slug":"firminy-se-lance-dans-la-bataille-des-soldes","status":"publish","type":"post","link":"https:\/\/www.europesays.com\/fr\/204062\/","title":{"rendered":"FIRMINY SE LANCE DANS LA BATAILLE DES SOLDES !"},"content":{"rendered":"<p>La ville de Firminy vient de donner officiellement le top d\u00e9part de sa p\u00e9riode de rabais estivaux ce mercredi, marquant ainsi le d\u00e9but d\u2019un mois entier de chasse aux bonnes affaires. Cette tradition commerciale bisannuelle suscite toujours autant d\u2019engouement, m\u00eame si le contexte \u00e9conomique actuel pousse les consommateurs \u00e0 la prudence.<\/p>\n<p>Les professionnels du commerce pr\u00e9parent leurs meilleures cartouches<\/p>\n<p>Les enseignes locales affichent une confiance mesur\u00e9e pour cette nouvelle campagne promotionnelle. Chez l\u2019enseigne d\u2019\u00e9lectrom\u00e9nager Darty, la strat\u00e9gie mise sur la transparence tarifaire d\u00e8s l\u2019ouverture. Leur responsable Florian explique privil\u00e9gier une approche directe avec des r\u00e9ductions imm\u00e9diates plut\u00f4t que des \u00e9v\u00e9nements priv\u00e9s r\u00e9serv\u00e9s \u00e0 une client\u00e8le s\u00e9lectionn\u00e9e.<\/p>\n<p>Le magasin propose notamment une s\u00e9lection d\u2019une centaine d\u2019appareils reconditionn\u00e9s, alliant qualit\u00e9 et accessibilit\u00e9 financi\u00e8re. Cette approche semble r\u00e9pondre aux attentes d\u2019une client\u00e8le qui avait adopt\u00e9 une attitude d\u2019observation ces derniers mois.<\/p>\n<p>L\u2019\u00e9pisode de fortes temp\u00e9ratures r\u00e9cent a cr\u00e9\u00e9 un ph\u00e9nom\u00e8ne inattendu : l\u2019explosion des achats d\u2019\u00e9quipements de climatisation. Les stocks s\u2019amenuisent rapidement face \u00e0 cette demande exceptionnelle, transformant cette contrainte m\u00e9t\u00e9orologique en opportunit\u00e9 commerciale.<\/p>\n<p>Cette tendance contraste avec l\u2019impact n\u00e9gatif qu\u2019avaient eu les ponts de mai sur le chiffre d\u2019affaires, p\u00e9riode durant laquelle les clients privil\u00e9giaient le rep\u00e9rage plut\u00f4t que l\u2019achat imm\u00e9diat.<\/p>\n<p>Entre optimisme prudent et r\u00e9alisme de terrain<\/p>\n<p>Au c\u0153ur de la cit\u00e9, l\u2019ambiance du premier jour reste feutr\u00e9e. Les commer\u00e7antes comme Isabelle Peyron du magasin Promise tablent sur une affluence d\u00e9cal\u00e9e vers les heures moins chaudes de la journ\u00e9e. La m\u00e9t\u00e9o estivale influence directement les habitudes de chalandise.<\/p>\n<p>L\u2019\u00e9v\u00e9nement braderie du week-end pr\u00e9c\u00e9dent avait d\u00e9j\u00e0 donn\u00e9 un avant-go\u00fbt mitig\u00e9, entre succ\u00e8s du vendredi et difficult\u00e9s logistiques du samedi, notamment concernant le stationnement perturb\u00e9 par les festivit\u00e9s taurines locales.<\/p>\n<p>Plusieurs \u00e9tablissements profitent de cette p\u00e9riode pour inaugurer leurs nouvelles implantations. L\u2019Annexe Homme et Soon ont r\u00e9cemment d\u00e9m\u00e9nag\u00e9 pour optimiser leur visibilit\u00e9 et agrandir leurs espaces de vente, pari sur l\u2019avenir qui devrait porter ses fruits durant ces quatre semaines cruciales.<\/p>\n<p>Un d\u00e9marrage en douceur mais prometteur<\/p>\n<p>Malgr\u00e9 une entame tranquille, l\u2019ensemble des acteurs \u00e9conomiques locaux maintient un discours confiant. Entre les enseignes de chaussures, les boutiques de souvenirs et m\u00eame les agences de voyage proposant des ristournes, Firminy se mobilise pour transformer cette p\u00e9riode estivale en succ\u00e8s commercial, tout en s\u2019adaptant aux contraintes climatiques du moment.<\/p>\n","protected":false},"excerpt":{"rendered":"La ville de Firminy vient de donner officiellement le top d\u00e9part de sa p\u00e9riode de rabais estivaux ce&hellip;\n","protected":false},"author":2,"featured_media":204063,"comment_status":"","ping_status":"","sticky":false,"template":"","format":"standard","meta":{"footnotes":""},"categories":[9653],"tags":[1111,11,2430,33,1777,674,10282,1011,27,3367,12,25,4001,11772],"class_list":{"0":"post-204062","1":"post","2":"type-post","3":"status-publish","4":"format-standard","5":"has-post-thumbnail","7":"category-saint-etienne","8":"tag-actu","9":"tag-actualites","10":"tag-auvergne-rhone-alpes","11":"tag-economie","12":"tag-eu","13":"tag-europe","14":"tag-firminy","15":"tag-fr","16":"tag-france","17":"tag-loire","18":"tag-news","19":"tag-republique-francaise","20":"tag-saint-etienne","21":"tag-soldes"},"share_on_mastodon":{"url":"https:\/\/pubeurope.com\/@fr\/114745863254870045","error":""},"_links":{"self":[{"href":"https:\/\/www.europesays.com\/fr\/wp-json\/wp\/v2\/posts\/204062","targetHints":{"allow":["GET"]}}],"collection":[{"href":"https:\/\/www.europesays.com\/fr\/wp-json\/wp\/v2\/posts"}],"about":[{"href":"https:\/\/www.europesays.com\/fr\/wp-json\/wp\/v2\/types\/post"}],"author":[{"embeddable":true,"href":"https:\/\/www.europesays.com\/fr\/wp-json\/wp\/v2\/users\/2"}],"replies":[{"embeddable":true,"href":"https:\/\/www.europesays.com\/fr\/wp-json\/wp\/v2\/comments?post=204062"}],"version-history":[{"count":0,"href":"https:\/\/www.europesays.com\/fr\/wp-json\/wp\/v2\/posts\/204062\/revisions"}],"wp:featuredmedia":[{"embeddable":true,"href":"https:\/\/www.europesays.com\/fr\/wp-json\/wp\/v2\/media\/204063"}],"wp:attachment":[{"href":"https:\/\/www.europesays.com\/fr\/wp-json\/wp\/v2\/media?parent=204062"}],"wp:term":[{"taxonomy":"category","embeddable":true,"href":"https:\/\/www.europesays.com\/fr\/wp-json\/wp\/v2\/categories?post=204062"},{"taxonomy":"post_tag","embeddable":true,"href":"https:\/\/www.europesays.com\/fr\/wp-json\/wp\/v2\/tags?post=204062"}],"curies":[{"name":"wp","href":"https:\/\/api.w.org\/{rel}","templated":true}]}}