{"id":204080,"date":"2025-06-25T20:33:23","date_gmt":"2025-06-25T20:33:23","guid":{"rendered":"https:\/\/www.europesays.com\/fr\/204080\/"},"modified":"2025-06-25T20:33:23","modified_gmt":"2025-06-25T20:33:23","slug":"metropole-de-grenoble-ces-gendarmes-au-role-bien-particulier-vont-patrouiller-tout-lete","status":"publish","type":"post","link":"https:\/\/www.europesays.com\/fr\/204080\/","title":{"rendered":"M\u00e9tropole de Grenoble. Ces gendarmes au r\u00f4le bien particulier vont patrouiller tout l&rsquo;\u00e9t\u00e9"},"content":{"rendered":"<p>            Par<br \/>\n        <strong><br \/>\n            <a href=\"https:\/\/actu.fr\/auteur\/lisa-rodrigues\" title=\"Consulter tous les articles de Lisa Rodrigues\" rel=\"nofollow noopener\" target=\"_blank\">Lisa Rodrigues<\/a><br \/>\n        <\/strong><\/p>\n<p>        Publi\u00e9 le<\/p>\n<p>            25 juin 2025 \u00e0 16h50        <\/p>\n<p>Du non-ramassage des d\u00e9jections de son animal de compagnie aux d\u00e9p\u00f4ts sauvages, la liste des incivilit\u00e9s environnementales est longue.<\/p>\n<p class=\" wall-content\"><a href=\"https:\/\/actu.fr\/tag\/grenoble-alpes-metropole\" rel=\"nofollow noopener\" target=\"_blank\">Grenoble-Alpes M\u00e9tropole<\/a> a d\u00e9cid\u00e9 de s\u00e9vir et vient d\u2019annoncer, en partenariat avec la Gendarmerie d\u00e9partementale de l\u2019Is\u00e8re, la <strong>cr\u00e9ation d\u2019une brigade de vigilance environnementale<\/strong>. Ce groupe de lutte contre les atteintes \u00e0 l\u2019environnement est une \u00ab\u00a0premi\u00e8re en France\u00a0\u00bb, selon la collectivit\u00e9.<\/p>\n<p>Dix gendarmes r\u00e9servistes<\/p>\n<p class=\" wall-content\">La brigade de vigilance environnementale en est, pour l\u2019instant, \u00e0 sa <strong>phase d\u2019exp\u00e9rimentation<\/strong>. Dix gendarmes r\u00e9servistes, sous le commandement d\u2019une officier de r\u00e9serve, composent cette nouvelle brigade.<\/p>\n<p>    <img   decoding=\"async\" loading=\"lazy\" src=\"https:\/\/www.europesays.com\/fr\/wp-content\/uploads\/2025\/06\/brigade-environnement-grenoble-metropole-960x640.png\" alt=\"La rondache avec l'\u00e9cusson sp\u00e9cialement cr\u00e9\u00e9 pour la nouvelle brigade de vigilance environnementale de la M\u00e9tropole de Grenoble.\" width=\"960\" height=\"640\"\/><br \/>\n    La rondache avec l\u2019\u00e9cusson sp\u00e9cialement cr\u00e9\u00e9 pour la nouvelle brigade de vigilance environnementale de la M\u00e9tropole de Grenoble. (\u00a9Grenoble-Alpes M\u00e9tropole)<\/p>\n<p class=\" wall-content\">Les gendarmes sont sur le terrain depuis lundi 23 juin \u00ab\u00a0et ce <strong>jusqu\u2019au 30 septembre<\/strong> prochain sur les espaces naturels m\u00e9tropolitains, dans certains parcs communaux et aux abords des d\u00e9chetteries\u00a0\u00bb, pr\u00e9cise la M\u00e9tropole.\u00a0<\/p>\n<p>Vid\u00e9os : en ce moment sur Actu<\/p>\n<p class=\" wall-content\">Si les agents peuvent verbaliser en cas d\u2019infraction ou d\u2019atteinte \u00e0 l\u2019environnement, \u00ab\u00a0l\u2019accent sera mis sur la pr\u00e9vention, les conseils, les bons gestes\u00a0\u00bb.\u00a0<\/p>\n<p>406 atteintes \u00e0 l\u2019environnement en 2024<\/p>\n<p class=\" wall-content\">La M\u00e9tropole a un temps envisag\u00e9 la cr\u00e9ation d\u2019une \u00ab\u00a0police m\u00e9tropolitaine de l\u2019environnement\u00a0\u00bb capable d\u2019agir sur l\u2019ensemble des communes de son territoire. Un \u00ab\u00a0obstacle juridique majeur\u00a0\u00bb ne lui a pas permis d\u2019aboutir \u00e0 ce r\u00e9sultat, la cr\u00e9ation d\u2019un tel groupe demandant une suppression de polices municipales pluricommunales.<\/p>\n<p class=\" wall-content\">Un focus sur la lutte contre les incivilit\u00e9s en zone gendarmerie a donc \u00e9t\u00e9 d\u00e9cid\u00e9. Les gendarmes de l\u2019environnement peuvent donc intervenir <strong>sur 42 communes uniquement<\/strong>. <a href=\"https:\/\/actu.fr\/auvergne-rhone-alpes\/grenoble_38185\" rel=\"nofollow noopener\" target=\"_blank\">Grenoble<\/a>, \u00c9chirolles, <a href=\"https:\/\/actu.fr\/auvergne-rhone-alpes\/saint-martin-d-heres_38421\" rel=\"nofollow noopener\" target=\"_blank\">Saint-Martin-d\u2019H\u00e8res<\/a>, La Tronche, Gi\u00e8res, Saint-Martin-le-Vinoux et Fontaine \u00e9tant en zone police, elles sont hors du secteur d\u2019intervention de la nouvelle brigade.<\/p>\n<p class=\" wall-content\">\u00ab\u00a0\u00c0 noter, 273 atteintes \u00e0 l\u2019environnement ont \u00e9t\u00e9 recens\u00e9es en zone gendarmerie l\u2019an pass\u00e9, <br \/>et 133 infractions \u00e0 l\u2019environnement ont \u00e9t\u00e9 constat\u00e9es en zone police\u00a0\u00bb, pr\u00e9cise Grenoble-Alpes M\u00e9tropole.<\/p>\n<p class=\" wall-content\">Suivez toute l\u2019actualit\u00e9 de vos villes et m\u00e9dias favoris en vous inscrivant \u00e0 <a href=\"https:\/\/moncompte.actu.fr\" title=\"D\u00e9couvez Mon Actu\" rel=\"nofollow noopener\" data-trk=\"{&quot;cta&quot;:{&quot;action&quot;:&quot;https:\\\/\\\/moncompte.actu.fr&quot;,&quot;category&quot;:&quot;mon compte&quot;,&quot;from&quot;:&quot;article footer&quot;,&quot;name&quot;:&quot;Mon actu&quot;,&quot;type&quot;:&quot;cta&quot;}}\" target=\"_blank\">Mon Actu<\/a>.<\/p>\n<ul class=\"ac-article-tag wall-content\">\n<li><a href=\"https:\/\/actu.fr\/tag\/environnement\" data-trk=\"{&quot;cta&quot;:{&quot;action&quot;:&quot;Environnement&quot;,&quot;category&quot;:&quot;tag&quot;,&quot;from&quot;:&quot;article footer&quot;,&quot;name&quot;:&quot;Environnement&quot;,&quot;type&quot;:&quot;cta&quot;}}\" rel=\"nofollow noopener\" target=\"_blank\">#Environnement<\/a><\/li>\n<li><a href=\"https:\/\/actu.fr\/tag\/gendarmerie\" data-trk=\"{&quot;cta&quot;:{&quot;action&quot;:&quot;Gendarmerie&quot;,&quot;category&quot;:&quot;tag&quot;,&quot;from&quot;:&quot;article footer&quot;,&quot;name&quot;:&quot;Gendarmerie&quot;,&quot;type&quot;:&quot;cta&quot;}}\" rel=\"nofollow noopener\" target=\"_blank\">#Gendarmerie<\/a><\/li>\n<\/ul>\n","protected":false},"excerpt":{"rendered":"Par Lisa Rodrigues Publi\u00e9 le 25 juin 2025 \u00e0 16h50 Du non-ramassage des d\u00e9jections de son animal de&hellip;\n","protected":false},"author":2,"featured_media":204081,"comment_status":"","ping_status":"","sticky":false,"template":"","format":"standard","meta":{"footnotes":""},"categories":[9566],"tags":[1111,11,2430,436,1777,674,1011,27,3381,2731,12,52,25],"class_list":{"0":"post-204080","1":"post","2":"type-post","3":"status-publish","4":"format-standard","5":"has-post-thumbnail","7":"category-grenoble","8":"tag-actu","9":"tag-actualites","10":"tag-auvergne-rhone-alpes","11":"tag-environnement","12":"tag-eu","13":"tag-europe","14":"tag-fr","15":"tag-france","16":"tag-gendarmerie","17":"tag-grenoble","18":"tag-news","19":"tag-planete","20":"tag-republique-francaise"},"share_on_mastodon":{"url":"https:\/\/pubeurope.com\/@fr\/114745914483647457","error":""},"_links":{"self":[{"href":"https:\/\/www.europesays.com\/fr\/wp-json\/wp\/v2\/posts\/204080","targetHints":{"allow":["GET"]}}],"collection":[{"href":"https:\/\/www.europesays.com\/fr\/wp-json\/wp\/v2\/posts"}],"about":[{"href":"https:\/\/www.europesays.com\/fr\/wp-json\/wp\/v2\/types\/post"}],"author":[{"embeddable":true,"href":"https:\/\/www.europesays.com\/fr\/wp-json\/wp\/v2\/users\/2"}],"replies":[{"embeddable":true,"href":"https:\/\/www.europesays.com\/fr\/wp-json\/wp\/v2\/comments?post=204080"}],"version-history":[{"count":0,"href":"https:\/\/www.europesays.com\/fr\/wp-json\/wp\/v2\/posts\/204080\/revisions"}],"wp:featuredmedia":[{"embeddable":true,"href":"https:\/\/www.europesays.com\/fr\/wp-json\/wp\/v2\/media\/204081"}],"wp:attachment":[{"href":"https:\/\/www.europesays.com\/fr\/wp-json\/wp\/v2\/media?parent=204080"}],"wp:term":[{"taxonomy":"category","embeddable":true,"href":"https:\/\/www.europesays.com\/fr\/wp-json\/wp\/v2\/categories?post=204080"},{"taxonomy":"post_tag","embeddable":true,"href":"https:\/\/www.europesays.com\/fr\/wp-json\/wp\/v2\/tags?post=204080"}],"curies":[{"name":"wp","href":"https:\/\/api.w.org\/{rel}","templated":true}]}}