{"id":204082,"date":"2025-06-25T20:34:13","date_gmt":"2025-06-25T20:34:13","guid":{"rendered":"https:\/\/www.europesays.com\/fr\/204082\/"},"modified":"2025-06-25T20:34:13","modified_gmt":"2025-06-25T20:34:13","slug":"le-tailleur-de-pierre-se-droguait-pour-amplifier-sa-creativite","status":"publish","type":"post","link":"https:\/\/www.europesays.com\/fr\/204082\/","title":{"rendered":"le tailleur de pierre se droguait \u00ab pour amplifier sa cr\u00e9ativit\u00e9 \u00bb"},"content":{"rendered":"<p>            Par<br \/>\n        <strong><br \/>\n            <a href=\"https:\/\/actu.fr\/auteur\/samuel-sauneuf\" title=\"Consulter tous les articles de Samuel Sauneuf\" target=\"_blank\" rel=\"noopener\">Samuel Sauneuf<\/a><br \/>\n        <\/strong><\/p>\n<p>        Publi\u00e9 le<\/p>\n<p>            25 juin 2025 \u00e0 18h59        <\/p>\n<p>Beaudelaire, mort \u00e0 46\u00a0ans d\u00e9fonc\u00e9 par la <a href=\"https:\/\/actu.fr\/tag\/drogue\" target=\"_blank\" rel=\"noopener\">drogue<\/a>, disait que l\u2019opium l\u2019inspirait et faisait partie du processus d\u2019\u00e9criture.<\/p>\n<p>Cannabis, coca\u00efne et amph\u00e9tamines<\/p>\n<p class=\" wall-content\">C\u2019est en substance le m\u00eame discours qu\u2019a servi cet artisan aux gendarmes. Le 24 mai 2024, il a \u00e9t\u00e9 contr\u00f4l\u00e9 positif \u00e0 plusieurs stup\u00e9fiants (cannabis, coca\u00efne et amph\u00e9tamines) lors d\u2019une op\u00e9ration routi\u00e8re men\u00e9e sur une route d\u2019Ille-et-Vilaine.<\/p>\n<p class=\" wall-content\">\u00ab Vous avez alors d\u00e9clar\u00e9 aux militaires que la coca\u00efne amplifiait votre cr\u00e9ativit\u00e9 de tailleur de pierre \u00bb, explique la juge du <a href=\"https:\/\/actu.fr\/tag\/tribunal-de-saint-malo\" target=\"_blank\" rel=\"noopener\">tribunal de Saint-Malo<\/a> devant lequel compara\u00eet la quadrag\u00e9naire le 20 juin 2025.<\/p>\n<p>140 heures de travail d\u2019int\u00e9r\u00eat g\u00e9n\u00e9ral<\/p>\n<p class=\" wall-content\">Actuellement au ch\u00f4mage, il a quitt\u00e9 le milieu des carri\u00e8res pour se consacrer \u00e0 l\u2019art de la taille de pierre. Et jure qu\u2019il ne touche plus \u00e0 la drogue.<\/p>\n<p>Vid\u00e9os : en ce moment sur Actu<\/p>\n<p class=\" wall-content\">Il a \u00e9t\u00e9 condamn\u00e9 \u00e0 140\u00a0heures de travail d\u2019int\u00e9r\u00eat g\u00e9n\u00e9ral. S\u2019il ne les effectue pas, ce sont quatre mois de prison qui l\u2019attendant. Son permis de conduire (qu\u2019il n\u2019avait plus) est annul\u00e9.<\/p>\n<p class=\" wall-content\">Suivez toute l\u2019actualit\u00e9 de vos villes et m\u00e9dias favoris en vous inscrivant \u00e0 <a href=\"https:\/\/moncompte.actu.fr\" title=\"D\u00e9couvez Mon Actu\" rel=\"nofollow noopener\" data-trk=\"{&quot;cta&quot;:{&quot;action&quot;:&quot;https:\\\/\\\/moncompte.actu.fr&quot;,&quot;category&quot;:&quot;mon compte&quot;,&quot;from&quot;:&quot;article footer&quot;,&quot;name&quot;:&quot;Mon actu&quot;,&quot;type&quot;:&quot;cta&quot;}}\" target=\"_blank\">Mon Actu<\/a>.<\/p>\n","protected":false},"excerpt":{"rendered":"Par Samuel Sauneuf Publi\u00e9 le 25 juin 2025 \u00e0 18h59 Beaudelaire, mort \u00e0 46\u00a0ans d\u00e9fonc\u00e9 par la drogue,&hellip;\n","protected":false},"author":2,"featured_media":204083,"comment_status":"","ping_status":"","sticky":false,"template":"","format":"standard","meta":{"footnotes":""},"categories":[2821],"tags":[1111,11,829,1052,1777,674,1011,27,303,12,584,25,104,7090],"class_list":{"0":"post-204082","1":"post","2":"type-post","3":"status-publish","4":"format-standard","5":"has-post-thumbnail","7":"category-rennes","8":"tag-actu","9":"tag-actualites","10":"tag-bretagne","11":"tag-drogue","12":"tag-eu","13":"tag-europe","14":"tag-fr","15":"tag-france","16":"tag-justice","17":"tag-news","18":"tag-rennes","19":"tag-republique-francaise","20":"tag-societe","21":"tag-tribunal-de-saint-malo"},"share_on_mastodon":{"url":"https:\/\/pubeurope.com\/@fr\/114745918407804361","error":""},"_links":{"self":[{"href":"https:\/\/www.europesays.com\/fr\/wp-json\/wp\/v2\/posts\/204082","targetHints":{"allow":["GET"]}}],"collection":[{"href":"https:\/\/www.europesays.com\/fr\/wp-json\/wp\/v2\/posts"}],"about":[{"href":"https:\/\/www.europesays.com\/fr\/wp-json\/wp\/v2\/types\/post"}],"author":[{"embeddable":true,"href":"https:\/\/www.europesays.com\/fr\/wp-json\/wp\/v2\/users\/2"}],"replies":[{"embeddable":true,"href":"https:\/\/www.europesays.com\/fr\/wp-json\/wp\/v2\/comments?post=204082"}],"version-history":[{"count":0,"href":"https:\/\/www.europesays.com\/fr\/wp-json\/wp\/v2\/posts\/204082\/revisions"}],"wp:featuredmedia":[{"embeddable":true,"href":"https:\/\/www.europesays.com\/fr\/wp-json\/wp\/v2\/media\/204083"}],"wp:attachment":[{"href":"https:\/\/www.europesays.com\/fr\/wp-json\/wp\/v2\/media?parent=204082"}],"wp:term":[{"taxonomy":"category","embeddable":true,"href":"https:\/\/www.europesays.com\/fr\/wp-json\/wp\/v2\/categories?post=204082"},{"taxonomy":"post_tag","embeddable":true,"href":"https:\/\/www.europesays.com\/fr\/wp-json\/wp\/v2\/tags?post=204082"}],"curies":[{"name":"wp","href":"https:\/\/api.w.org\/{rel}","templated":true}]}}