{"id":204088,"date":"2025-06-25T20:37:10","date_gmt":"2025-06-25T20:37:10","guid":{"rendered":"https:\/\/www.europesays.com\/fr\/204088\/"},"modified":"2025-06-25T20:37:10","modified_gmt":"2025-06-25T20:37:10","slug":"conseil-de-leurope-volodymyr-zelensky-a-strasbourg-pour-mener-la-guerre-legale","status":"publish","type":"post","link":"https:\/\/www.europesays.com\/fr\/204088\/","title":{"rendered":"Conseil de l\u2019Europe. Volodymyr Zelensky \u00e0 Strasbourg pour \u00ab\u00a0mener la guerre l\u00e9gale\u00a0\u00bb"},"content":{"rendered":"<p>Il se sera fait attendre, <a href=\"https:\/\/www.dna.fr\/p\/volodymyr-zelensky\" target=\"_blank\" rel=\"noopener\">Volodymyr Zelensky<\/a>\u2026 Soutien sans faille de l\u2019Ukraine depuis le d\u00e9but du conflit \u00e0 grande \u00e9chelle en 2022, le Conseil de l\u2019Europe commen\u00e7ait \u00e0 d\u00e9sesp\u00e9rer de voir venir le pr\u00e9sident ukrainien, qui n\u2019avait toujours pas coch\u00e9 Strasbourg dans la liste de ses nombreux d\u00e9placements officiels, et n\u2019\u00e9tait intervenu jusqu\u2019ici devant le Conseil que par vid\u00e9oconf\u00e9rence.<\/p>\n<p>\u00ab Un message tr\u00e8s fort\u00a0\u00bb<\/p>\n<p>Et il s\u2019est encore fait attendre un peu, voire beaucoup, ce mercredi soir o\u00f9 son atterrissage \u00e0 Entzheim \u00e9tait enfin au programme. Annonc\u00e9 \u00e0 19h, puis \u00e0 20h, le cort\u00e8ge de Volodymyr Zelensky, une quinzaine de voitures et vans noirs aux vitres teint\u00e9es, est arriv\u00e9 vers 21h, puis le pr\u00e9sident ukrainien a pu fouler le tapis rouge.<\/p>\n<p>Le dernier coup d\u2019aspirateur avait \u00e9t\u00e9 pass\u00e9 au dernier moment, sous les yeux d\u2019une foule debout depuis pr\u00e8s de deux heures, pour ne pas l\u00e2cher son point de vue sur le passage du pr\u00e9sident chef de guerre.<\/p>\n<p>\u00c0 l\u2019ext\u00e9rieur du p\u00e9rim\u00e8tre, quelques&#8230;<\/p>\n","protected":false},"excerpt":{"rendered":"Il se sera fait attendre, Volodymyr Zelensky\u2026 Soutien sans faille de l\u2019Ukraine depuis le d\u00e9but du conflit \u00e0&hellip;\n","protected":false},"author":2,"featured_media":204089,"comment_status":"","ping_status":"","sticky":false,"template":"","format":"standard","meta":{"footnotes":""},"categories":[2820],"tags":[1111,11,2389,2649,3206,2880,1777,674,1011,27,775,12,316,25,640,2879],"class_list":{"0":"post-204088","1":"post","2":"type-post","3":"status-publish","4":"format-standard","5":"has-post-thumbnail","7":"category-strasbourg","8":"tag-actu","9":"tag-actualites","10":"tag-alsace","11":"tag-bas-rhin","12":"tag-defense-guerre-conflit","13":"tag-edition-strasbourg","14":"tag-eu","15":"tag-europe","16":"tag-fr","17":"tag-france","18":"tag-grand-est","19":"tag-news","20":"tag-politique","21":"tag-republique-francaise","22":"tag-strasbourg","23":"tag-strasbourg-ville"},"share_on_mastodon":{"url":"https:\/\/pubeurope.com\/@fr\/114745930087336605","error":""},"_links":{"self":[{"href":"https:\/\/www.europesays.com\/fr\/wp-json\/wp\/v2\/posts\/204088","targetHints":{"allow":["GET"]}}],"collection":[{"href":"https:\/\/www.europesays.com\/fr\/wp-json\/wp\/v2\/posts"}],"about":[{"href":"https:\/\/www.europesays.com\/fr\/wp-json\/wp\/v2\/types\/post"}],"author":[{"embeddable":true,"href":"https:\/\/www.europesays.com\/fr\/wp-json\/wp\/v2\/users\/2"}],"replies":[{"embeddable":true,"href":"https:\/\/www.europesays.com\/fr\/wp-json\/wp\/v2\/comments?post=204088"}],"version-history":[{"count":0,"href":"https:\/\/www.europesays.com\/fr\/wp-json\/wp\/v2\/posts\/204088\/revisions"}],"wp:featuredmedia":[{"embeddable":true,"href":"https:\/\/www.europesays.com\/fr\/wp-json\/wp\/v2\/media\/204089"}],"wp:attachment":[{"href":"https:\/\/www.europesays.com\/fr\/wp-json\/wp\/v2\/media?parent=204088"}],"wp:term":[{"taxonomy":"category","embeddable":true,"href":"https:\/\/www.europesays.com\/fr\/wp-json\/wp\/v2\/categories?post=204088"},{"taxonomy":"post_tag","embeddable":true,"href":"https:\/\/www.europesays.com\/fr\/wp-json\/wp\/v2\/tags?post=204088"}],"curies":[{"name":"wp","href":"https:\/\/api.w.org\/{rel}","templated":true}]}}