{"id":204097,"date":"2025-06-25T20:42:19","date_gmt":"2025-06-25T20:42:19","guid":{"rendered":"https:\/\/www.europesays.com\/fr\/204097\/"},"modified":"2025-06-25T20:42:19","modified_gmt":"2025-06-25T20:42:19","slug":"sur-les-quais-de-bordeaux-les-commercants-subissent-les-travaux-du-tram-et-le-silence-de-la-metropole","status":"publish","type":"post","link":"https:\/\/www.europesays.com\/fr\/204097\/","title":{"rendered":"Sur les quais de Bordeaux, les commer\u00e7ants subissent les travaux du tram et le silence de la M\u00e9tropole"},"content":{"rendered":"<p class=\"wp-block-post-excerpt__excerpt\">Entre juin et ao\u00fbt 2025, Bordeaux M\u00e9tropole modernise les voies de tram \u00e0 la porte de Bourgogne pour cr\u00e9er de nouvelles lignes et simplifier les trajets de 7 % des usagers. Les commer\u00e7ants et restaurateurs du secteur d\u00e9noncent un manque de communication et se plaignent des r\u00e9percussions sur leur chiffre d\u2019affaires. <\/p>\n<p><a href=\"https:\/\/rue89bordeaux.com\/category\/kiosque-abonne\/\" rel=\"tag noopener\" target=\"_blank\">\u00c9dition abonn\u00e9s<\/a>, <a href=\"https:\/\/rue89bordeaux.com\/category\/polemique\/\" rel=\"tag noopener\" target=\"_blank\">Pol\u00e9mique<\/a><\/p>\n<p>Isaure Dimanov<\/p>\n<p>Publi\u00e9 le 25 juin 2025\u00a0\u00a0\u00b7\u00a0\u00a0<\/p>\n<p>Imprim\u00e9 le 25 juin 2025 \u00e0 22h42\u00a0\u00a0\u00b7\u00a0\u00a0<\/p>\n<p>\t\t\t\t\t5\u00a0minutes\n<\/p>\n<p>Le courant passe mal entre Bordeaux M\u00e9tropole et les commer\u00e7ants install\u00e9s autour de la Porte de Bourgogne. La cause ? Les importants travaux de r\u00e9novation des aiguillages du r\u00e9seau de tramway, devant notamment permettre la cr\u00e9ation de deux nouvelles lignes, la E (Floirac \u2013 Blanquefort) et la F (B\u00e8gles \u2013 M\u00e9rignac a\u00e9roport).<\/p>\n<p>Depuis le 2 juin et jusqu\u2019\u00e0 la fin du mois d\u2019ao\u00fbt 2025, une dizaine de commerces ouvrent leurs portes sur un chantier et les ferment sous le bruit des marteaux piqueurs, de quoi freiner la client\u00e8le estivale. Des cons\u00e9quences mal anticip\u00e9es par la collectivit\u00e9, suscitant la col\u00e8re des commer\u00e7ants et restaurateurs.\u00a0<\/p>\n<p>\t\tUn plan de substitution\u2026<\/p>\n<p>Fin mars, la m\u00e9tropole bordelaise avait parl\u00e9 d\u2019un \u00ab\u00a0chantier d\u2019envergure\u00a0\u00bb au printemps 2025, incluant notamment des travaux d\u2019aiguillage au niveau de la porte de Bourgogne pour s\u00e9curiser et renforcer le r\u00e9seau de tramway urbain, s\u2019\u00e9levant \u00e0 pr\u00e8s 15 millions d\u2019euros. A terme, cette modernisation, entreprise par le d\u00e9l\u00e9gataire de la m\u00e9tropole Kelios, devrait permettre \u00e0 pr\u00e8s de 7% des passagers de se soustraire aux correspondances et de rehausser le nombre de fr\u00e9quentations \u00e0 <a href=\"https:\/\/www.bordeaux-metropole.fr\/sites\/MET-BXMETRO-DRUPAL\/files\/2023-09\/Projet%20Metropolitain_19%20sept_LIGHT.pdf\" target=\"_blank\" rel=\"noopener\">80 000<\/a> d\u00e9placements journaliers.<\/p>\n<p>Pour limiter les d\u00e9sagr\u00e9ments, Bordeaux M\u00e9tropole a d\u00e9cid\u00e9 de combiner ces travaux-ci avec ceux de la r\u00e9novation du Pont de Pierre, pr\u00e9vu sur cinquante-deux mois (et pour 50 millions d\u2019euros), afin d\u2019\u00e9viter de bloquer une nouvelle plage calendaire dans l\u2019ann\u00e9e. L\u2019instance m\u00e9tropolitaine a aussi <a href=\"https:\/\/rue89bordeaux.com\/2025\/06\/la-traversee-de-la-garonne-impactee-par-les-travaux-de-renovation-du-pont-de-pierre\/\" target=\"_blank\" rel=\"noopener\">con\u00e7u \u00ab\u00a0un plan de substitution\u00a0\u00bb <\/a>pour les d\u00e9placements dans la m\u00e9tropole cet \u00e9t\u00e9.<\/p>\n<p>\t\t\u2026 qui oublie les commer\u00e7ants<\/p>\n<p>Rue89 Bordeaux a besoin de vos dons<\/p>\n<p>Chaque don \u2013 d\u00e9ductible des imp\u00f4ts \u00e0 hauteur de 66% \u2013 compte pour atteindre notre objectif de 10\u00a0000\u00a0\u20ac le plus rapidement possible, id\u00e9alement avant la fin juin. Cette somme, manquante \u00e0 notre tr\u00e9sorerie apr\u00e8s le d\u00e9sengagement d\u2019un annonceur important en 2025, Bordeaux M\u00e9tropole, nous permettra de r\u00e9gler les factures en retard et de retrouver une stabilit\u00e9 financi\u00e8re indispensable \u00e0 la poursuite de notre mission.<\/p>\n<p><\/p>\n<p><img loading=\"lazy\" decoding=\"async\" width=\"480\" height=\"480\" src=\"https:\/\/www.europesays.com\/fr\/wp-content\/uploads\/2025\/04\/23-paywall.png\" alt=\"Abonnez-vous\" class=\"wp-image-128439\" style=\"aspect-ratio:1;width:210px;height:auto\"  \/><\/p>\n<p>Cet article fait partie de l\u2019\u00e9dition abonn\u00e9s. Pour lire la suite, profitez d\u2019une offre d\u00e9couverte \u00e0 1\u20ac.<\/p>\n<p class=\"has-gray-700-color has-text-color has-medium-font-size\">Contribuez \u00e0 consolider un m\u00e9dia ind\u00e9pendant \u00e0 Bordeaux, en capacit\u00e9 d\u2019enqu\u00eater sur les enjeux locaux.<\/p>\n<p>\t\t\t<a href=\"https:\/\/rue89bordeaux.com\/\" class=\"custom-logo-link\" rel=\"home noopener\" target=\"_blank\"><img loading=\"lazy\" decoding=\"async\" width=\"290\" height=\"49\" src=\"https:\/\/www.europesays.com\/fr\/wp-content\/uploads\/2025\/04\/logo.png\" class=\"custom-logo\" alt=\"Rue89Bordeaux Enqu\u00eates et informations de proximit\u00e9\"  \/><\/a><\/p>\n<p>\n\t\t\t\tAbonnez-vous maintenant pour suivre l\u2019actualit\u00e9 locale.\t\t\t<\/p>\n<p class=\"font-bold font-serif-heading mb-2 text-4xl\">\n\t\t\t\t\t\tL\u2019investigation locale \u00e0 port\u00e9e de main.\n\t\t\t\t\t<\/p>\n<p>\n\t\t\t\t\t\tAbonnez-vous et profitez d\u2019un acc\u00e8s illimit\u00e9 \u00e0 Rue89Bordeaux. Annulez quand vous voulez.\n\t\t\t\t\t<\/p>\n<p class=\"xl:text-sm\">\n\t\t\t\t\tD\u00e9j\u00e0 abonn\u00e9\u00a0?<br \/>\n\t\t\t\t\t<a class=\"border border-transparent text-center transition-colors duration-instant focus:border-info focus:rounded focus:shadow-focus cursor-pointer text-black hover:text-gray-700 active:bg-black-700 font-semibold inline-block\" href=\"https:\/\/rue89bordeaux.com\/user\/login\/?redirect=\/2025\/06\/sur-les-quais-de-bordeaux-les-commercants-subissent-les-travaux-du-tram-et-le-silence-de-la-metropole\/\" target=\"_blank\" rel=\"noopener\">Connectez-vous<\/a>\t\t\t\t<\/p>\n<p>\n\t\t\t\tChoisissez votre formule\u00a0:\n\t\t\t<\/p>\n<p>\t\t\t\tFermer<\/p>\n","protected":false},"excerpt":{"rendered":"Entre juin et ao\u00fbt 2025, Bordeaux M\u00e9tropole modernise les voies de tram \u00e0 la porte de Bourgogne pour&hellip;\n","protected":false},"author":2,"featured_media":204098,"comment_status":"","ping_status":"","sticky":false,"template":"","format":"standard","meta":{"footnotes":""},"categories":[2817],"tags":[1111,11,1997,1777,674,1011,27,34297,12,2219,25,2803,34298],"class_list":{"0":"post-204097","1":"post","2":"type-post","3":"status-publish","4":"format-standard","5":"has-post-thumbnail","7":"category-bordeaux","8":"tag-actu","9":"tag-actualites","10":"tag-bordeaux","11":"tag-eu","12":"tag-europe","13":"tag-fr","14":"tag-france","15":"tag-les-quais-de-bordeaux","16":"tag-news","17":"tag-nouvelle-aquitaine","18":"tag-republique-francaise","19":"tag-transport","20":"tag-travaux-du-tramway"},"share_on_mastodon":{"url":"https:\/\/pubeurope.com\/@fr\/114745949878124899","error":""},"_links":{"self":[{"href":"https:\/\/www.europesays.com\/fr\/wp-json\/wp\/v2\/posts\/204097","targetHints":{"allow":["GET"]}}],"collection":[{"href":"https:\/\/www.europesays.com\/fr\/wp-json\/wp\/v2\/posts"}],"about":[{"href":"https:\/\/www.europesays.com\/fr\/wp-json\/wp\/v2\/types\/post"}],"author":[{"embeddable":true,"href":"https:\/\/www.europesays.com\/fr\/wp-json\/wp\/v2\/users\/2"}],"replies":[{"embeddable":true,"href":"https:\/\/www.europesays.com\/fr\/wp-json\/wp\/v2\/comments?post=204097"}],"version-history":[{"count":0,"href":"https:\/\/www.europesays.com\/fr\/wp-json\/wp\/v2\/posts\/204097\/revisions"}],"wp:featuredmedia":[{"embeddable":true,"href":"https:\/\/www.europesays.com\/fr\/wp-json\/wp\/v2\/media\/204098"}],"wp:attachment":[{"href":"https:\/\/www.europesays.com\/fr\/wp-json\/wp\/v2\/media?parent=204097"}],"wp:term":[{"taxonomy":"category","embeddable":true,"href":"https:\/\/www.europesays.com\/fr\/wp-json\/wp\/v2\/categories?post=204097"},{"taxonomy":"post_tag","embeddable":true,"href":"https:\/\/www.europesays.com\/fr\/wp-json\/wp\/v2\/tags?post=204097"}],"curies":[{"name":"wp","href":"https:\/\/api.w.org\/{rel}","templated":true}]}}