{"id":204103,"date":"2025-06-25T20:45:18","date_gmt":"2025-06-25T20:45:18","guid":{"rendered":"https:\/\/www.europesays.com\/fr\/204103\/"},"modified":"2025-06-25T20:45:18","modified_gmt":"2025-06-25T20:45:18","slug":"toulouse-dans-le-top-10-des-villes-de-france-ou-il-fera-le-plus-chaud-dici-2100","status":"publish","type":"post","link":"https:\/\/www.europesays.com\/fr\/204103\/","title":{"rendered":"Toulouse dans le Top 10 des villes de France o\u00f9 il fera le plus chaud d&rsquo;ici 2100"},"content":{"rendered":"<p>            Par<br \/>\n        <strong><br \/>\n            <a href=\"https:\/\/actu.fr\/auteur\/nina-hossein-zadeh\" title=\"Consulter tous les articles de Nina Hossein-Zadeh\" target=\"_blank\" rel=\"noopener\">Nina Hossein-Zadeh<\/a><br \/>\n        <\/strong><\/p>\n<p>        Publi\u00e9 le<\/p>\n<p>            25 juin 2025 \u00e0 18h12        <\/p>\n<p>Alors que <a href=\"https:\/\/actu.fr\/toulouse\/\" target=\"_blank\" rel=\"noopener\"><strong>Toulouse<\/strong><\/a> vient d\u2019atteindre <a href=\"https:\/\/actu.fr\/occitanie\/toulouse_31555\/35-c-dans-la-ville-rose-un-nouveau-record-de-chaleur-enregistre-a-toulouse_62760443.html\" target=\"_blank\" rel=\"noopener\">un nouveau record de chaleur en ce d\u00e9but du mois de juin<\/a>, les pr\u00e9occupations concernant le r\u00e9chauffement climatique sont sur toutes les l\u00e8vres. Les habitants de la Ville rose suffoquent et la mairie s\u2019efforce de dresser son plan d\u2019action pour limiter les effets du d\u00e9r\u00e8glement climatique.<strong> \u00ab\u2009En 2050, on aura ici \u00e0 Toulouse le climat de la ville de S\u00e9ville\u2009\u00bb<\/strong>, annon\u00e7ait Jean-Luc Moudenc lors du conseil municipal vendredi 20\u00a0juin 205.<\/p>\n<p class=\" wall-content\">\u00c0 l\u2019aide des donn\u00e9es de <strong><a href=\"https:\/\/www.ecologie.gouv.fr\/politiques-publiques\/trajectoire-rechauffement-reference-ladaptation-changement-climatique-tracc\" target=\"_blank\" rel=\"noopener\">la Trajectoire de r\u00e9chauffement de r\u00e9f\u00e9rence pour l\u2019adaptation au changement climatique (TRACC),<\/a><\/strong> d\u00e9finie \u00e0 partir du sc\u00e9nario tendanciel selon les scientifiques du GIEC,<a href=\"https:\/\/www.lefigaro.fr\/sciences\/la-france-a-40c-les-villes-ou-les-hausses-de-chaleur-vont-etre-vertigineuses-d-ici-2100-20250501\" target=\"_blank\" rel=\"noopener\"> Le Figaro<\/a> a dress\u00e9 la liste des villes les plus touch\u00e9es par le r\u00e9chauffement climatique. <strong>En 2100, Toulouse fera partie des villes les plus chaudes de l\u2019Hexagone.<\/strong><\/p>\n<p>Un climat semi-aride \u00e0 Toulouse en 2100<\/p>\n<p class=\" wall-content\">En 2100, la France fera face \u00e0 <strong>une augmentation moyenne des temp\u00e9ratures \u00e0 +\u00a04\u00b0C,<\/strong> selon les donn\u00e9es de la TRACC. Un sc\u00e9nario qui prend en compte \u00ab\u2009les politiques mondiales en place pour limiter les \u00e9missions de gaz \u00e0 effet de serre et les engagements suppl\u00e9mentaires des \u00c9tats tels qu\u2019exprim\u00e9s dans leurs contributions nationales demand\u00e9es par l\u2019Accord de Paris\u2009\u00bb.<\/p>\n<p class=\" wall-content\">S\u2019il peut encore changer en fonction du niveau de r\u00e9chauffement mondial, il n\u2019annonce d\u00e9j\u00e0 rien de bon. Toulouse fera donc partie des villes de l\u2019Hexagone o\u00f9 les temp\u00e9ratures vont consid\u00e9rablement augmenter.<\/p>\n<p class=\" wall-content\">En 2100,<strong> la Ville rose devrait conna\u00eetre le climat de Valence<\/strong>, \u00e0 savoir un climat semi-aride ou subtropical avec des hivers doux et des \u00e9t\u00e9s chauds et secs.<\/p>\n<p>Vid\u00e9os : en ce moment sur ActuToulouse dans le Top\u00a010 des villes les plus chaudes<\/p>\n<p class=\" wall-content\">Dans le classement des villes o\u00f9 le Mercure va consid\u00e9rablement grimper, Toulouse sera face \u00e0 d\u2019autres villes de la r\u00e9gion Occitanie comme <strong>Montauban, Castres, Al\u00e8s et Albi<\/strong> qui se classent respectivement en 9e, 4e, 3e et 2e positions.<\/p>\n<p class=\" wall-content\"><strong>La Ville rose se situe \u00e0 la 7e position avec une augmentation moyenne annuelle de +\u00a03,5\u00b0C<\/strong> d\u2019ici 2100. La TRACC pr\u00e9voit une hausse de 4,5\u00b0C en moyenne sur les temp\u00e9ratures estivales et plus de 18\u00a0jours \u00e0 35\u00b0C et plus.<\/p>\n<p class=\" wall-content\">La premi\u00e8re place du classement revient \u00e9galement \u00e0 Aix-en-Provence, o\u00f9 le Mercure pourrait conna\u00eetre \u00e0 +\u00a04,8\u00b0C d\u2019ici 2100 en \u00e9t\u00e9, avec plus de 28\u00a0jours \u00e0 35\u00b0C et plus.<\/p>\n<p>Paysage d\u2019une France \u00e0 +\u00a04\u00b0C<\/p>\n<p class=\" wall-content\">Les projections de la TRACC n\u2019\u00e9voquent pas seulement la hausse des temp\u00e9ratures, mais l\u2019ensemble des cons\u00e9quences sur les extr\u00eames climatiques. Une France \u00e0 + 4\u00b0C, cela signifie cinq fois plus de s\u00e9cheresse par d\u00e9cennie, deux fois plus d\u2019extr\u00eames pluvieux, 25\u2009% de moins d\u2019enneigement et 20\u2009% de plus de cyclones tropicaux intenses.<\/p>\n<p class=\" wall-content\">En 2100, <strong>il se pourrait que l\u2019enneigement soit limit\u00e9 \u00e0 10\u00a0jours dans les Pyr\u00e9n\u00e9es<\/strong>, que les nuits tropicales avec des temp\u00e9ratures sup\u00e9rieures \u00e0 20\u00b0C se multiplient (entre 40 et 90 nuits par an selon la zone g\u00e9ographique).<\/p>\n<p class=\" wall-content\">Dans la vall\u00e9e de la Garonne, <strong>des vagues de chaleur d\u2019un ou deux mois en \u00e9t\u00e9<\/strong> seraient \u00e9galement attendues.<\/p>\n<p>Un plan pour contrer le r\u00e9chauffement climatique<\/p>\n<p class=\" wall-content\">Pour limiter les effets du r\u00e9chauffement climatique, la TRACC pr\u00e9conise une r\u00e9novation des b\u00e2timents, des cours d\u2019\u00e9cole d\u00e9simperm\u00e9abilis\u00e9es et v\u00e9g\u00e9talis\u00e9es, tout comme les rues avec des voiles d\u2019ombrage.<\/p>\n<p class=\" wall-content\">Des mesures d\u00e9j\u00e0 act\u00e9es et mises en place \u00e0 Toulouse, notamment avec la multiplication des ombri\u00e8res en \u00e9t\u00e9, <a href=\"https:\/\/actu.fr\/occitanie\/toulouse_31555\/quelles-sont-ces-cours-oasis-plus-vegetalisees-mises-en-place-par-la-mairie-de-toulouse_62663351.html\" target=\"_blank\" rel=\"noopener\"><strong>l\u2019am\u00e9nagement des cours oasis<\/strong><\/a> et <a href=\"https:\/\/actu.fr\/occitanie\/toulouse_31555\/toulouse-plan-100-000-arbres-plantes-d-ici-2030-quel-bilan-a-mi-chemin_62524081.html\" target=\"_blank\" rel=\"noopener\"><strong>le plan 100\u2009000 arbres plant\u00e9s d\u2019ici 2030.<\/strong><\/a><\/p>\n<p class=\" wall-content\">La Ville pousse d\u2019ailleurs plus loin et \u00e9tend son plan d\u2019action \u00e0 l\u2019horizon 2050 avec le plan \u00ab\u2009tr\u00e8s ambitieux\u2009\u00bb de 670\u2009000 arbres en plus. \u00ab\u2009Nous avons command\u00e9 une \u00e9tude tr\u00e8s structurante aupr\u00e8s de M\u00e9t\u00e9o France. Nous sommes d\u2019ailleurs la premi\u00e8re grande ville \u00e0 nous doter d\u2019une telle \u00e9tude<strong>. Nous leur avons demand\u00e9 ce que nous devions faire pour adapter notre ville d\u2019ici 2050\u2033<\/strong>, confiait Cl\u00e9ment Riquet, \u00e9lu en charge des espaces verts.<\/p>\n<p class=\" wall-content\">L\u2019objectif\u2009: faire de Toulouse une ville \u00ab\u2009tellement v\u00e9g\u00e9tale et perm\u00e9able qu\u2019au bout de la nuit, au petit matin, les temp\u00e9ratures seront identiques au centre-ville qu\u2019\u00e0 la campagne\u2009\u00bb.<\/p>\n<p class=\" wall-content\">Suivez toute l\u2019actualit\u00e9 de vos villes et m\u00e9dias favoris en vous inscrivant \u00e0 <a href=\"https:\/\/moncompte.actu.fr\" title=\"D\u00e9couvez Mon Actu\" rel=\"nofollow noopener\" data-trk=\"{&quot;cta&quot;:{&quot;action&quot;:&quot;https:\\\/\\\/moncompte.actu.fr&quot;,&quot;category&quot;:&quot;mon compte&quot;,&quot;from&quot;:&quot;article footer&quot;,&quot;name&quot;:&quot;Mon actu&quot;,&quot;type&quot;:&quot;cta&quot;}}\" target=\"_blank\">Mon Actu<\/a>.<\/p>\n","protected":false},"excerpt":{"rendered":"Par Nina Hossein-Zadeh Publi\u00e9 le 25 juin 2025 \u00e0 18h12 Alors que Toulouse vient d\u2019atteindre un nouveau record&hellip;\n","protected":false},"author":2,"featured_media":204104,"comment_status":"","ping_status":"","sticky":false,"template":"","format":"standard","meta":{"footnotes":""},"categories":[2816],"tags":[1111,11,6698,4734,1777,674,1011,27,12,2680,5140,25,104,2312],"class_list":{"0":"post-204103","1":"post","2":"type-post","3":"status-publish","4":"format-standard","5":"has-post-thumbnail","7":"category-toulouse","8":"tag-actu","9":"tag-actualites","10":"tag-canicule","11":"tag-changement-climatique","12":"tag-eu","13":"tag-europe","14":"tag-fr","15":"tag-france","16":"tag-news","17":"tag-occitanie","18":"tag-rechauffement-climatique","19":"tag-republique-francaise","20":"tag-societe","21":"tag-toulouse"},"share_on_mastodon":{"url":"https:\/\/pubeurope.com\/@fr\/114745961627036686","error":""},"_links":{"self":[{"href":"https:\/\/www.europesays.com\/fr\/wp-json\/wp\/v2\/posts\/204103","targetHints":{"allow":["GET"]}}],"collection":[{"href":"https:\/\/www.europesays.com\/fr\/wp-json\/wp\/v2\/posts"}],"about":[{"href":"https:\/\/www.europesays.com\/fr\/wp-json\/wp\/v2\/types\/post"}],"author":[{"embeddable":true,"href":"https:\/\/www.europesays.com\/fr\/wp-json\/wp\/v2\/users\/2"}],"replies":[{"embeddable":true,"href":"https:\/\/www.europesays.com\/fr\/wp-json\/wp\/v2\/comments?post=204103"}],"version-history":[{"count":0,"href":"https:\/\/www.europesays.com\/fr\/wp-json\/wp\/v2\/posts\/204103\/revisions"}],"wp:featuredmedia":[{"embeddable":true,"href":"https:\/\/www.europesays.com\/fr\/wp-json\/wp\/v2\/media\/204104"}],"wp:attachment":[{"href":"https:\/\/www.europesays.com\/fr\/wp-json\/wp\/v2\/media?parent=204103"}],"wp:term":[{"taxonomy":"category","embeddable":true,"href":"https:\/\/www.europesays.com\/fr\/wp-json\/wp\/v2\/categories?post=204103"},{"taxonomy":"post_tag","embeddable":true,"href":"https:\/\/www.europesays.com\/fr\/wp-json\/wp\/v2\/tags?post=204103"}],"curies":[{"name":"wp","href":"https:\/\/api.w.org\/{rel}","templated":true}]}}