{"id":204107,"date":"2025-06-25T20:47:09","date_gmt":"2025-06-25T20:47:09","guid":{"rendered":"https:\/\/www.europesays.com\/fr\/204107\/"},"modified":"2025-06-25T20:47:09","modified_gmt":"2025-06-25T20:47:09","slug":"lille-chercherait-a-enroler-olivier-giroud-france-lille-osc","status":"publish","type":"post","link":"https:\/\/www.europesays.com\/fr\/204107\/","title":{"rendered":"Lille chercherait \u00e0 enr\u00f4ler Olivier Giroud &#8211; France &#8211; Lille OSC"},"content":{"rendered":"<p data-start=\"190\" data-end=\"596\">Le r\u00eave nordiste &gt; le r\u00eave am\u00e9ricain.<\/p>\n<p data-start=\"190\" data-end=\"596\">Et si <strong>Olivier Giroud<\/strong> faisait son grand retour en Ligue 1 ? <a target=\"_blank\" href=\"https:\/\/lepetitlillois.com\/2025\/06\/25\/mercato-olivier-giroud-a-la-pointe-de-son-attaque-le-losc-tente-un-coup-a-la-samuel-umtiti\/\" rel=\"nofollow noopener\">D\u2019apr\u00e8s Le Petit Lillois<\/a>, <strong>Lille a r\u00e9cemment sond\u00e9 l\u2019attaquant de 38 ans pour venir renforcer l\u2019attaque des Dogues<\/strong>. Le pr\u00e9sident Olivier L\u00e9tang verrait d\u2019un tr\u00e8s bon \u0153il l\u2019arriv\u00e9e du meilleur buteur de l\u2019histoire de l\u2019\u00e9quipe de France, qui r\u00e9pond au besoin d\u2019exp\u00e9rience de l\u2019attaque du LOSC, <a target=\"_blank\" href=\"https:\/\/www.sofoot.com\/breves\/jonathan-david-annonce-la-fin-de-son-aventure-au-losc#:~:text=Sur%20ses%20r%C3%A9seaux%20sociaux%2C%20Jonathan,231%20matchs%20toutes%20comp%C3%A9titions%20confondues.\" rel=\"nofollow noopener\">d\u00e9sormais orpheline de Jonathan David<\/a>.<\/p>\n<p>Un salaire cons\u00e9quent aux USA<\/p>\n<p data-start=\"598\" data-end=\"959\" data-is-last-node=\"\" data-is-only-node=\"\">S\u00e9duire Giroud ne sera toutefois pas une mince affaire. Actuellement engag\u00e9 avec le Los Angeles FC jusqu\u2019\u00e0 fin 2025, avec une option pour prolonger d\u2019un an, le buteur tricolore touche un salaire estim\u00e9 \u00e0 3 millions d\u2019euros annuels \u2014 un luxe difficilement compatible avec les finances lilloises.<\/p>\n<p data-start=\"598\" data-end=\"959\" data-is-last-node=\"\" data-is-only-node=\"\">S\u2019il est vraiment un romantique dans l\u2019\u00e2me, Giroud d\u00e9cide plut\u00f4t de retrouver Montpellier en Ligue 2.<\/p>\n","protected":false},"excerpt":{"rendered":"Le r\u00eave nordiste &gt; le r\u00eave am\u00e9ricain. Et si Olivier Giroud faisait son grand retour en Ligue 1&hellip;\n","protected":false},"author":2,"featured_media":204108,"comment_status":"","ping_status":"","sticky":false,"template":"","format":"standard","meta":{"footnotes":""},"categories":[2815],"tags":[1111,47,11,61,69,65,64,1777,674,63,1011,27,811,68,66,1307,12,62,70,25,67],"class_list":{"0":"post-204107","1":"post","2":"type-post","3":"status-publish","4":"format-standard","5":"has-post-thumbnail","7":"category-lille","8":"tag-actu","9":"tag-actualite","10":"tag-actualites","11":"tag-actus-football","12":"tag-bundesliga","13":"tag-championnats-europeens","14":"tag-equipe-de-france","15":"tag-eu","16":"tag-europe","17":"tag-football","18":"tag-fr","19":"tag-france","20":"tag-hauts-de-france","21":"tag-ligua","22":"tag-ligue-1","23":"tag-lille","24":"tag-news","25":"tag-news-foot","26":"tag-premier-league","27":"tag-republique-francaise","28":"tag-serie-a"},"share_on_mastodon":{"url":"https:\/\/pubeurope.com\/@fr\/114745969425731570","error":""},"_links":{"self":[{"href":"https:\/\/www.europesays.com\/fr\/wp-json\/wp\/v2\/posts\/204107","targetHints":{"allow":["GET"]}}],"collection":[{"href":"https:\/\/www.europesays.com\/fr\/wp-json\/wp\/v2\/posts"}],"about":[{"href":"https:\/\/www.europesays.com\/fr\/wp-json\/wp\/v2\/types\/post"}],"author":[{"embeddable":true,"href":"https:\/\/www.europesays.com\/fr\/wp-json\/wp\/v2\/users\/2"}],"replies":[{"embeddable":true,"href":"https:\/\/www.europesays.com\/fr\/wp-json\/wp\/v2\/comments?post=204107"}],"version-history":[{"count":0,"href":"https:\/\/www.europesays.com\/fr\/wp-json\/wp\/v2\/posts\/204107\/revisions"}],"wp:featuredmedia":[{"embeddable":true,"href":"https:\/\/www.europesays.com\/fr\/wp-json\/wp\/v2\/media\/204108"}],"wp:attachment":[{"href":"https:\/\/www.europesays.com\/fr\/wp-json\/wp\/v2\/media?parent=204107"}],"wp:term":[{"taxonomy":"category","embeddable":true,"href":"https:\/\/www.europesays.com\/fr\/wp-json\/wp\/v2\/categories?post=204107"},{"taxonomy":"post_tag","embeddable":true,"href":"https:\/\/www.europesays.com\/fr\/wp-json\/wp\/v2\/tags?post=204107"}],"curies":[{"name":"wp","href":"https:\/\/api.w.org\/{rel}","templated":true}]}}