{"id":204109,"date":"2025-06-25T20:48:10","date_gmt":"2025-06-25T20:48:10","guid":{"rendered":"https:\/\/www.europesays.com\/fr\/204109\/"},"modified":"2025-06-25T20:48:10","modified_gmt":"2025-06-25T20:48:10","slug":"info-la-marseillaise-sebastien-barles-suspendu-des-ecologistes","status":"publish","type":"post","link":"https:\/\/www.europesays.com\/fr\/204109\/","title":{"rendered":"[Info La Marseillaise] S\u00e9bastien Barles suspendu des \u00c9cologistes"},"content":{"rendered":"\n<p>D\u00e9j\u00e0 engag\u00e9 dans la campagne des municipales \u00e0 travers son collectif citoyen Va\u00ef ! Marseille, l\u2019adjoint EELV \u00e0 la transition \u00e9cologique S\u00e9bastien Barles a \u00e9t\u00e9 suspendu par le bureau politique de son parti ce mardi soir, a confirm\u00e9 le d\u00e9l\u00e9gu\u00e9 national aux \u00e9lections, Olivier Bertrand, aupr\u00e8s de La Marseillaise.<\/p>\n<p>Il lui est reproch\u00e9 d\u2019avoir pris l\u2019initiative de lancer son mouvement, le 19 mai dernier, en dehors de tout cadre \u00e9tabli par les instances. \u00ab A partir du moment o\u00f9 il a pris cette initiative, il \u00e9tait logique qu\u2019on le suspende pour mettre de la clart\u00e9 \u00bb, pr\u00e9cise Olivier Bertrand. Une d\u00e9cision qui lui a \u00e9t\u00e9 notifi\u00e9e.<\/p>\n<p>Sollicit\u00e9, l\u2019adjoint r\u00e9pond seulement n\u2019\u00eatre \u00ab pas au courant \u00bb.<\/p>\n<p><b>Plus d\u2019informations dans <\/b><b>La Marseillaise <\/b><b>du 26 juin.<\/b><\/p>\n","protected":false},"excerpt":{"rendered":"D\u00e9j\u00e0 engag\u00e9 dans la campagne des municipales \u00e0 travers son collectif citoyen Va\u00ef ! Marseille, l\u2019adjoint EELV \u00e0&hellip;\n","protected":false},"author":2,"featured_media":204110,"comment_status":"","ping_status":"","sticky":false,"template":"","format":"standard","meta":{"footnotes":""},"categories":[2814],"tags":[1111,11,1777,674,1011,27,884,3434,12,882,25],"class_list":{"0":"post-204109","1":"post","2":"type-post","3":"status-publish","4":"format-standard","5":"has-post-thumbnail","7":"category-marseille","8":"tag-actu","9":"tag-actualites","10":"tag-eu","11":"tag-europe","12":"tag-fr","13":"tag-france","14":"tag-marseille","15":"tag-municipales-2026","16":"tag-news","17":"tag-provence-alpes-cote-dazur","18":"tag-republique-francaise"},"share_on_mastodon":{"url":"https:\/\/pubeurope.com\/@fr\/114745973335765738","error":""},"_links":{"self":[{"href":"https:\/\/www.europesays.com\/fr\/wp-json\/wp\/v2\/posts\/204109","targetHints":{"allow":["GET"]}}],"collection":[{"href":"https:\/\/www.europesays.com\/fr\/wp-json\/wp\/v2\/posts"}],"about":[{"href":"https:\/\/www.europesays.com\/fr\/wp-json\/wp\/v2\/types\/post"}],"author":[{"embeddable":true,"href":"https:\/\/www.europesays.com\/fr\/wp-json\/wp\/v2\/users\/2"}],"replies":[{"embeddable":true,"href":"https:\/\/www.europesays.com\/fr\/wp-json\/wp\/v2\/comments?post=204109"}],"version-history":[{"count":0,"href":"https:\/\/www.europesays.com\/fr\/wp-json\/wp\/v2\/posts\/204109\/revisions"}],"wp:featuredmedia":[{"embeddable":true,"href":"https:\/\/www.europesays.com\/fr\/wp-json\/wp\/v2\/media\/204110"}],"wp:attachment":[{"href":"https:\/\/www.europesays.com\/fr\/wp-json\/wp\/v2\/media?parent=204109"}],"wp:term":[{"taxonomy":"category","embeddable":true,"href":"https:\/\/www.europesays.com\/fr\/wp-json\/wp\/v2\/categories?post=204109"},{"taxonomy":"post_tag","embeddable":true,"href":"https:\/\/www.europesays.com\/fr\/wp-json\/wp\/v2\/tags?post=204109"}],"curies":[{"name":"wp","href":"https:\/\/api.w.org\/{rel}","templated":true}]}}