{"id":204111,"date":"2025-06-25T20:49:09","date_gmt":"2025-06-25T20:49:09","guid":{"rendered":"https:\/\/www.europesays.com\/fr\/204111\/"},"modified":"2025-06-25T20:49:09","modified_gmt":"2025-06-25T20:49:09","slug":"au-palais-de-la-bourse-la-cci-amp-cherche-a-booster-lentrepreneuriat","status":"publish","type":"post","link":"https:\/\/www.europesays.com\/fr\/204111\/","title":{"rendered":"au Palais de la Bourse, la CCI AMP cherche \u00e0 booster l&rsquo;entrepreneuriat"},"content":{"rendered":"<p>Un coup d\u2019acc\u00e9l\u00e9rateur pour r\u00e9ussir ses premiers pas dans l\u2019entrepreneuriat. Telle \u00e9tait l\u2019ambition de plusieurs <a href=\"https:\/\/www.laprovence.com\/article\/region\/1409054614822415\/la-ville-de-marseille-finance-le-code-de-la-route-pour-les-jeunes-des-quartiers-eloignes-des-transports\" target=\"_blank\" rel=\"nofollow noopener\">jeunes<\/a>, mercredi soir au Palais de la Bourse, qui ont particip\u00e9 \u00e0 Turbo, un \u00e9v\u00e8nement port\u00e9 par le Carrefour de l\u2019entrepreneuriat de la CCI AMP et qui faisait office de \u00ab\u00a0rampe de lancement\u00a0\u00bb pour les porteurs de projets.<\/p>\n<p>Ainsi, les principaux int\u00e9ress\u00e9s ont \u00e9chang\u00e9 avec diff\u00e9rents r\u00e9seaux d\u2019accompagnement dont Bio France, R\u00e9seau initiative ou encore BPI France afin de tisser des liens et trouver de futurs partenaires. \u00ab\u00a0Je viens voir quelles sont les opportunit\u00e9s pour les financements et acheter du mat\u00e9riel\u00a0\u00bb, explique Amaury, \u00e2g\u00e9 de 34\u00a0ans qui veut se lancer \u00e0 son compte comme d\u00e9veloppeur d\u2019application sur l\u2019IA.<\/p>\n","protected":false},"excerpt":{"rendered":"Un coup d\u2019acc\u00e9l\u00e9rateur pour r\u00e9ussir ses premiers pas dans l\u2019entrepreneuriat. Telle \u00e9tait l\u2019ambition de plusieurs jeunes, mercredi soir&hellip;\n","protected":false},"author":2,"featured_media":204112,"comment_status":"","ping_status":"","sticky":false,"template":"","format":"standard","meta":{"footnotes":""},"categories":[2814],"tags":[15045,17,1111,11,17678,340,14179,1809,33,1777,674,1011,27,884,12,12823,882,25],"class_list":{"0":"post-204111","1":"post","2":"type-post","3":"status-publish","4":"format-standard","5":"has-post-thumbnail","7":"category-marseille","8":"tag-amp","9":"tag-17","10":"tag-actu","11":"tag-actualites","12":"tag-booster","13":"tag-bourse","14":"tag-cci","15":"tag-cherche","16":"tag-economie","17":"tag-eu","18":"tag-europe","19":"tag-fr","20":"tag-france","21":"tag-marseille","22":"tag-news","23":"tag-palais","24":"tag-provence-alpes-cote-dazur","25":"tag-republique-francaise"},"share_on_mastodon":{"url":"https:\/\/pubeurope.com\/@fr\/114745977421810397","error":""},"_links":{"self":[{"href":"https:\/\/www.europesays.com\/fr\/wp-json\/wp\/v2\/posts\/204111","targetHints":{"allow":["GET"]}}],"collection":[{"href":"https:\/\/www.europesays.com\/fr\/wp-json\/wp\/v2\/posts"}],"about":[{"href":"https:\/\/www.europesays.com\/fr\/wp-json\/wp\/v2\/types\/post"}],"author":[{"embeddable":true,"href":"https:\/\/www.europesays.com\/fr\/wp-json\/wp\/v2\/users\/2"}],"replies":[{"embeddable":true,"href":"https:\/\/www.europesays.com\/fr\/wp-json\/wp\/v2\/comments?post=204111"}],"version-history":[{"count":0,"href":"https:\/\/www.europesays.com\/fr\/wp-json\/wp\/v2\/posts\/204111\/revisions"}],"wp:featuredmedia":[{"embeddable":true,"href":"https:\/\/www.europesays.com\/fr\/wp-json\/wp\/v2\/media\/204112"}],"wp:attachment":[{"href":"https:\/\/www.europesays.com\/fr\/wp-json\/wp\/v2\/media?parent=204111"}],"wp:term":[{"taxonomy":"category","embeddable":true,"href":"https:\/\/www.europesays.com\/fr\/wp-json\/wp\/v2\/categories?post=204111"},{"taxonomy":"post_tag","embeddable":true,"href":"https:\/\/www.europesays.com\/fr\/wp-json\/wp\/v2\/tags?post=204111"}],"curies":[{"name":"wp","href":"https:\/\/api.w.org\/{rel}","templated":true}]}}