{"id":204115,"date":"2025-06-25T20:51:21","date_gmt":"2025-06-25T20:51:21","guid":{"rendered":"https:\/\/www.europesays.com\/fr\/204115\/"},"modified":"2025-06-25T20:51:21","modified_gmt":"2025-06-25T20:51:21","slug":"dernier-hommage-rendu-a-bernard-lacombe-pres-de-lyon","status":"publish","type":"post","link":"https:\/\/www.europesays.com\/fr\/204115\/","title":{"rendered":"dernier hommage rendu \u00e0 Bernard Lacombe pr\u00e8s de Lyon"},"content":{"rendered":"<p>Plusieurs centaines de personnes, sa famille, des personnalit\u00e9s du football fran\u00e7ais, des hommes politiques locaux ou encore des anonymes ont rendu un dernier hommage \u00e0 l&rsquo;ancien attaquant international de Lyon, Bernard Lacombe, mort le 17 juin \u00e0 72 ans, mercredi \u00e0 Fontaines-sur-Sa\u00f4ne, pr\u00e8s de Lyon.<\/p>\n<p>\u00ab\u00a0Je perds plus qu&rsquo;un ami, un fr\u00e8re, une part de moi et l&rsquo;OL aussi\u00a0\u00bb, a d\u00e9clar\u00e9, visiblement \u00e9mu, l&rsquo;ancien pr\u00e9sident embl\u00e9matique de l&rsquo;OL Jean-Michel Aulas, dans un discours qui a d\u00e9but\u00e9 les obs\u00e8ques.<\/p>\n<p>Avec quatre cents places, l&rsquo;\u00e9glise Saint-Louis de la petite commune des bords de Sa\u00f4ne n&rsquo;a pas pu accueillir tout le public pour la c\u00e9r\u00e9monie, diffus\u00e9e \u00e0 l&rsquo;ext\u00e9rieur gr\u00e2ce \u00e0 des haut-parleurs et suivie par trois cents personnes sous une chaleur accablante.<\/p>\n<p>La messe, qui a dur\u00e9 pr\u00e8s d&rsquo;une heure et demie, \u00e9tait \u00e9galement retransmise en direct par les antennes locales de France 3, de BFM TV et la webtV de l&rsquo;OL.<\/p>\n<p>A l&rsquo;entr\u00e9e de l&rsquo;\u00e9glise, juste avant la c\u00e9r\u00e9monie, Guy Genet, un ancien co\u00e9quipier de Bernard Lacombe et comme lui originaire de Fontaines (M\u00e9tropole de Lyon), a recouvert le cercueil de l&rsquo;ancien avant-centre avec le maillot embl\u00e9matique des ann\u00e9es 70 de l&rsquo;OL, blanc avec des liserets rouge et bleu.<\/p>\n<p>Parmi les personnalit\u00e9s pr\u00e9sentes, qui ont \u00e9t\u00e9 les co\u00e9quipiers du disparu, on notait la pr\u00e9sence d&rsquo;Alain Giresse, Marius Tr\u00e9sor, Dominique Rocheteau, Raymond Domenech ou encore Luis Fernandez et Sonny Anderson.<\/p>\n<p>&#8211; \u00ab\u00a0C&rsquo;\u00e9tait un guide\u00a0\u00bb &#8211;<\/p>\n<p>\u00ab\u00a0Il a \u00e9t\u00e9 un footballeur hors norme, l&rsquo;un des plus grands attaquants de notre football qui aimait le Lyon des promesses tenues et des amiti\u00e9s solides\u00a0\u00bb, a soulign\u00e9 Jean-Michel Aulas, \u00e9voquant \u00ab\u00a037 ans d&rsquo;une amiti\u00e9 rare, solide et loyale qui traverse les saisons avec un homme de fid\u00e9lit\u00e9\u00a0\u00bb.<\/p>\n<p>Plusieurs anciens joueurs lyonnais ont \u00e9galement t\u00e9moign\u00e9 de leur relation avec Bernard Lacombe \u00e0 l&rsquo;image du gardien embl\u00e9matique, Gr\u00e9gory Coupet.<\/p>\n<p>\u00ab\u00a0C&rsquo;\u00e9tait un guide, un dirigeant fantastique. Il m&rsquo;avait recrut\u00e9 et n&rsquo;\u00e9tait jamais avare d&rsquo;anecdotes. Il faisait vraiment aimer l&rsquo;OL\u00a0\u00bb, a-t-il dit, peinant \u00e0 retenir ses larmes.<\/p>\n<p>\u00ab\u00a0Nous perdons une l\u00e9gende. J&rsquo;\u00e9voluais au m\u00eame poste que lui et j&rsquo;\u00e9changeais beaucoup de choses avec Bernard. Il \u00e9tait un homme incroyable \u00e0 Lyon et au-del\u00e0. Il a eu une telle carri\u00e8re de joueur et de dirigeant qu&rsquo;il n&rsquo;est pas surprenant de voir tant de personnalit\u00e9s venir lui rendre hommage\u00a0\u00bb, a confi\u00e9 pour sa part, l&rsquo;ancien avant-centre de Lyon, Florian Maurice.<\/p>\n<p>\u00ab\u00a0Notre relation allait au-del\u00e0 du football. Il transmettait des valeurs. Bernard repr\u00e9sentait Lyon et la France\u00a0\u00bb, a d\u00e9clar\u00e9 Baf\u00e9timbi Gomis, lui aussi ancien avant-centre du club lyonnais.<\/p>\n<p>Ancien entra\u00eeneur de l&rsquo;OL (2000-2002), Jacques Santini a pour sa part soulign\u00e9 \u00ab\u00a0la g\u00e9n\u00e9rosit\u00e9 de son fr\u00e8re, son ami depuis l&rsquo;adolescence\u00a0\u00bb, \u00e9voquant notamment ses engagements dans l&rsquo;association \u00e0 but humanitaire, docteur Clown, pour laquelle Bernard Lacombe visitait les enfants malades dans les h\u00f4pitaux.<\/p>\n<p>L&rsquo;inhumation a eu lieu dans la stricte intimit\u00e9 familiale au cimeti\u00e8re de Fontaines-Saint-Martin (M\u00e9tropole de Lyon), commune voisine de Fontaines-sur-Sa\u00f4ne, o\u00f9 il vivait \u00e9tant jeune.<\/p>\n<p>fjt\/dfa\/cpb\/<\/p>\n","protected":false},"excerpt":{"rendered":"Plusieurs centaines de personnes, sa famille, des personnalit\u00e9s du football fran\u00e7ais, des hommes politiques locaux ou encore des&hellip;\n","protected":false},"author":2,"featured_media":204116,"comment_status":"","ping_status":"","sticky":false,"template":"","format":"standard","meta":{"footnotes":""},"categories":[1889],"tags":[1111,11,2430,34268,34222,34299,1777,674,7217,1011,27,5227,4671,3279,2428,12,25],"class_list":{"0":"post-204115","1":"post","2":"type-post","3":"status-publish","4":"format-standard","5":"has-post-thumbnail","7":"category-lyon","8":"tag-actu","9":"tag-actualites","10":"tag-auvergne-rhone-alpes","11":"tag-bafetimbi-gomis","12":"tag-bernard-lacombe","13":"tag-club-lyonnais","14":"tag-eu","15":"tag-europe","16":"tag-fontaines-sur-saone","17":"tag-fr","18":"tag-france","19":"tag-jean-michel-aulas","20":"tag-lol","21":"tag-lolympique-lyonnais","22":"tag-lyon","23":"tag-news","24":"tag-republique-francaise"},"share_on_mastodon":{"url":"https:\/\/pubeurope.com\/@fr\/114745985121576995","error":""},"_links":{"self":[{"href":"https:\/\/www.europesays.com\/fr\/wp-json\/wp\/v2\/posts\/204115","targetHints":{"allow":["GET"]}}],"collection":[{"href":"https:\/\/www.europesays.com\/fr\/wp-json\/wp\/v2\/posts"}],"about":[{"href":"https:\/\/www.europesays.com\/fr\/wp-json\/wp\/v2\/types\/post"}],"author":[{"embeddable":true,"href":"https:\/\/www.europesays.com\/fr\/wp-json\/wp\/v2\/users\/2"}],"replies":[{"embeddable":true,"href":"https:\/\/www.europesays.com\/fr\/wp-json\/wp\/v2\/comments?post=204115"}],"version-history":[{"count":0,"href":"https:\/\/www.europesays.com\/fr\/wp-json\/wp\/v2\/posts\/204115\/revisions"}],"wp:featuredmedia":[{"embeddable":true,"href":"https:\/\/www.europesays.com\/fr\/wp-json\/wp\/v2\/media\/204116"}],"wp:attachment":[{"href":"https:\/\/www.europesays.com\/fr\/wp-json\/wp\/v2\/media?parent=204115"}],"wp:term":[{"taxonomy":"category","embeddable":true,"href":"https:\/\/www.europesays.com\/fr\/wp-json\/wp\/v2\/categories?post=204115"},{"taxonomy":"post_tag","embeddable":true,"href":"https:\/\/www.europesays.com\/fr\/wp-json\/wp\/v2\/tags?post=204115"}],"curies":[{"name":"wp","href":"https:\/\/api.w.org\/{rel}","templated":true}]}}