{"id":204121,"date":"2025-06-25T20:55:13","date_gmt":"2025-06-25T20:55:13","guid":{"rendered":"https:\/\/www.europesays.com\/fr\/204121\/"},"modified":"2025-06-25T20:55:13","modified_gmt":"2025-06-25T20:55:13","slug":"violent-orage-et-grele-sur-paris-100-km-h-de-vent-dans-les-yvelines","status":"publish","type":"post","link":"https:\/\/www.europesays.com\/fr\/204121\/","title":{"rendered":"violent orage et gr\u00eale sur Paris, 100 km\/h de vent dans les Yvelines"},"content":{"rendered":"<p>Une forte d\u00e9gradation orageuse est en cours du sud-ouest au Nord avec des pluies intenses, de la gr\u00eale et de violentes rafales de vent sous les cellules orageuses les plus actives. La Cha\u00eene M\u00e9t\u00e9o suit la situation au plus pr\u00e8s pour vous informer de l&rsquo;\u00e9volution de ces orages violents.<\/p>\n<p><strong>A 21h10,<\/strong> la r\u00e9gion parisienne est balay\u00e9e par un violent orage, en t\u00e9moigne cette vid\u00e9o. Les pluies et les bourrasques sont si fortes qu&rsquo;elles r\u00e9duisent fortement la visibilit\u00e9.<\/p>\n<p><strong>A 20h50<\/strong>, les orages atteignent la r\u00e9gion parisienne. L&rsquo;activit\u00e9 \u00e9lectrique se renforce, le vent se l\u00e8ve et souffle en bourrasques sur les Yvelines mais aussi les Hauts-de-Seine<\/p>\n<p><strong>A 20h30<\/strong>, de violentes rafales sont observ\u00e9es au passage du front orageux entre le Midi toulousain, l&rsquo;Aquitaine, le Centre val de Loire et la Bourgogne \u00e0 plus de 100 km\/h localement.<\/p>\n<p><strong>A 20h15<\/strong>, la situation \u00e9volue tr\u00e8s vite en r\u00e9gion parisienne. Les premiers orages sont signal\u00e9s entre les Yvelines et le val d&rsquo;Oise.<\/p>\n<p><strong>A 20h<\/strong>, un arc orageux s&rsquo;\u00e9tire de la Bretagne et du val de Loire \u00e0 la Bourgogne en direction de l&rsquo;Aquitaine. Ces orages sont violents. Ils produisent de la gr\u00eale. En r\u00e9gion parisienne, \u00e0 l&rsquo;avant des orages qui \u00e9clatent sur le val de Loire, le ciel prend un aspect de plus en plus mena\u00e7ant.<\/p>\n<p><img decoding=\"async\" class=\"caas-img caas-lazy has-preview\" alt=\"Orage en approche de Paris ce soir\" src=\"https:\/\/www.europesays.com\/fr\/wp-content\/uploads\/2025\/06\/aab317a414b4210f6c11b0fcc9a6b563.jpeg\"\/><\/p>\n<p>Orage en approche de Paris ce soir &#8211; \u00a9 La Cha\u00eene M\u00e9t\u00e9o<\/p>\n<p><strong>A 19h20<\/strong>, sous les orages les plus violents, des pluies torrentielles se produisent entre l&rsquo;Aquitaine en la Bretagne. Par endroit, il est tomb\u00e9 l&rsquo;\u00e9quivalent de 10 jours \u00e0 2 semaines de pluie en 1 heure.<\/p>\n<p><img decoding=\"async\" class=\"caas-img caas-lazy has-preview\" alt=\"Pluies intenses sous les orages\" src=\"https:\/\/www.europesays.com\/fr\/wp-content\/uploads\/2025\/06\/db64a715f755c14b169d137d79a7d151.jpeg\"\/><\/p>\n<p>Pluies intenses sous les orages &#8211; \u00a9 La Cha\u00eene M\u00e9t\u00e9o<\/p>\n<p><strong>A 19h<\/strong>, les orages continent de se renforcer. Apr\u00e8s l&rsquo;Aquitaine, la Bourgogne est frapp\u00e9e par de violents orages de gr\u00eale.<\/p>\n<p><strong>A 18 h<\/strong>, la situation se d\u00e9grade tr\u00e8s rapidement. De violents orages se d\u00e9veloppent des Pays de la Loire \u00e0 l&rsquo;Aquitaine. D&rsquo;autres remontent de l&rsquo;Auvergne vers la r\u00e9gion Centre. Ils s&rsquo;accompagnent de gr\u00eale et de violentes rafales.<\/p>\n<blockquote placeholder=\"\" data-theme=\"light\" class=\"twitter-tweet\">\n<p>De violents <a href=\"https:\/\/twitter.com\/hashtag\/orages?src=hash&amp;ref_src=twsrc%5Etfw\" rel=\"nofollow noopener\" target=\"_blank\" data-ylk=\"slk:#orages;elm:context_link;itc:0;sec:content-canvas\" class=\"link \">#orages<\/a> balaient l&rsquo;Aquitaine. D&rsquo;autres se forment sur les Pays de la Loire ainsi qu&rsquo;en r\u00e9gion Centre. Ils se multiplient tr\u00e8s rapidement en remontant vers le sud du bassin parisien, avec de la <a href=\"https:\/\/twitter.com\/hashtag\/gr%C3%AAle?src=hash&amp;ref_src=twsrc%5Etfw\" rel=\"nofollow noopener\" target=\"_blank\" data-ylk=\"slk:#gr\u00eale;elm:context_link;itc:0;sec:content-canvas\" class=\"link \">#gr\u00eale<\/a>. <a href=\"https:\/\/t.co\/VppZ0tY5Ph\" rel=\"nofollow noopener\" target=\"_blank\" data-ylk=\"slk:pic.twitter.com\/VppZ0tY5Ph;elm:context_link;itc:0;sec:content-canvas\" class=\"link \">pic.twitter.com\/VppZ0tY5Ph<\/a><\/p>\n<p>\u2014 La Cha\u00eene M\u00e9t\u00e9o (@lachainemeteo) <a href=\"https:\/\/twitter.com\/lachainemeteo\/status\/1937904751636603103?ref_src=twsrc%5Etfw\" rel=\"nofollow noopener\" target=\"_blank\" data-ylk=\"slk:June 25, 2025;elm:context_link;itc:0;sec:content-canvas\" class=\"link \">June 25, 2025<\/a><\/p>\n<\/blockquote>\n<p><strong>A 17h30<\/strong>, le pic d&rsquo;intensit\u00e9 de la chaleur est atteint en France avec des temp\u00e9ratures entre 35 et 39\u00b0C. C&rsquo;est en Roussillon ainsi qu&rsquo;en Auvergne que la chaleur a \u00e9t\u00e9 la plus intense avec des pointes \u00e0 40\u00b0C.<\/p>\n<p><img decoding=\"async\" class=\"caas-img caas-lazy has-preview\" alt=\"Pic d'intense chaleur ce mercredi\" src=\"https:\/\/www.europesays.com\/fr\/wp-content\/uploads\/2025\/06\/933d7d04993ceee399225708ed80333e.jpeg\"\/><\/p>\n<p>Pic d&rsquo;intense chaleur ce mercredi &#8211; \u00a9 La Cha\u00eene M\u00e9t\u00e9o<\/p>\n<p><strong>A 16h50<\/strong> des orages traversent le d\u00e9partement des Landes avec des pluies intenses dans les secteurs de Garein, Brocas et Labrit. D&rsquo;autres orages d\u00e9butent en limite du Cher et de l&rsquo;Allier avec une forte activit\u00e9 \u00e9lectrique et des pluies intenses.<\/p>\n<p><img decoding=\"async\" class=\"caas-img caas-lazy has-preview\" alt=\"Impacts de foudre en France\" src=\"https:\/\/www.europesays.com\/fr\/wp-content\/uploads\/2025\/06\/ee07443524c8cbc3bc8717b7dd57b6cf.jpeg\"\/><\/p>\n<p>Impacts de foudre en France &#8211; \u00a9 La Cha\u00eene M\u00e9t\u00e9o<\/p>\n<p><strong>A 15h30<\/strong> Les premiers orages remontent d&rsquo;Espagne et \u00e9clatent actuellement sur le pays basque. Ils donnent de fortes intensit\u00e9s de pluie entre Bidart et Ustaritz et remontent en direction de Bayonne. Ils n&rsquo;occasionnent pas de vent violent.<\/p>\n<p><img decoding=\"async\" class=\"caas-img caas-lazy has-preview\" alt=\"Ciel d'orage \u00e0 Anglet (64)\" src=\"https:\/\/www.europesays.com\/fr\/wp-content\/uploads\/2025\/06\/a239a3d1d53a13f1b0985ec0b479ee04.jpeg\"\/><\/p>\n<p>Ciel d&rsquo;orage \u00e0 Anglet (64) &#8211; \u00a9 La Cha\u00eene M\u00e9t\u00e9o<\/p>\n<p><a href=\"https:\/\/actualite.lachainemeteo.com\/actualite-meteo\/2025-06-25\/suivi-orages-violent-orage-et-grele-sur-paris-100-km-h-de-vent-dans-les-yvelines-79248\" rel=\"nofollow noopener\" target=\"_blank\" data-ylk=\"slk:Article original publi\u00e9 sur La Cha\u00eene M\u00e9t\u00e9o;elm:context_link;itc:0;sec:content-canvas\" class=\"link \">Article original publi\u00e9 sur La Cha\u00eene M\u00e9t\u00e9o<\/a><\/p>\n<p><script async src=\"https:\/\/platform.twitter.com\/widgets.js\" charset=\"utf-8\"><\/script><\/p>\n","protected":false},"excerpt":{"rendered":"Une forte d\u00e9gradation orageuse est en cours du sud-ouest au Nord avec des pluies intenses, de la gr\u00eale&hellip;\n","protected":false},"author":2,"featured_media":204122,"comment_status":"","ping_status":"","sticky":false,"template":"","format":"standard","meta":{"footnotes":""},"categories":[1888],"tags":[1111,1928,11,1927,7343,1777,674,1011,27,17701,15475,12,1926,626,1925,2636,19340,8542,25,13629],"class_list":{"0":"post-204121","1":"post","2":"type-post","3":"status-publish","4":"format-standard","5":"has-post-thumbnail","7":"category-paris","8":"tag-actu","9":"tag-actu-paris","10":"tag-actualites","11":"tag-actualites-paris","12":"tag-centre-val-de-loire","13":"tag-eu","14":"tag-europe","15":"tag-fr","16":"tag-france","17":"tag-grele","18":"tag-la-chaine-meteo","19":"tag-news","20":"tag-news-paris","21":"tag-paris","22":"tag-paris-news","23":"tag-pays-de-la-loire","24":"tag-pluies","25":"tag-rafales-de-vent","26":"tag-republique-francaise","27":"tag-val-de-loire"},"share_on_mastodon":{"url":"https:\/\/pubeurope.com\/@fr\/114746001103825162","error":""},"_links":{"self":[{"href":"https:\/\/www.europesays.com\/fr\/wp-json\/wp\/v2\/posts\/204121","targetHints":{"allow":["GET"]}}],"collection":[{"href":"https:\/\/www.europesays.com\/fr\/wp-json\/wp\/v2\/posts"}],"about":[{"href":"https:\/\/www.europesays.com\/fr\/wp-json\/wp\/v2\/types\/post"}],"author":[{"embeddable":true,"href":"https:\/\/www.europesays.com\/fr\/wp-json\/wp\/v2\/users\/2"}],"replies":[{"embeddable":true,"href":"https:\/\/www.europesays.com\/fr\/wp-json\/wp\/v2\/comments?post=204121"}],"version-history":[{"count":0,"href":"https:\/\/www.europesays.com\/fr\/wp-json\/wp\/v2\/posts\/204121\/revisions"}],"wp:featuredmedia":[{"embeddable":true,"href":"https:\/\/www.europesays.com\/fr\/wp-json\/wp\/v2\/media\/204122"}],"wp:attachment":[{"href":"https:\/\/www.europesays.com\/fr\/wp-json\/wp\/v2\/media?parent=204121"}],"wp:term":[{"taxonomy":"category","embeddable":true,"href":"https:\/\/www.europesays.com\/fr\/wp-json\/wp\/v2\/categories?post=204121"},{"taxonomy":"post_tag","embeddable":true,"href":"https:\/\/www.europesays.com\/fr\/wp-json\/wp\/v2\/tags?post=204121"}],"curies":[{"name":"wp","href":"https:\/\/api.w.org\/{rel}","templated":true}]}}