{"id":204124,"date":"2025-06-25T20:57:10","date_gmt":"2025-06-25T20:57:10","guid":{"rendered":"https:\/\/www.europesays.com\/fr\/204124\/"},"modified":"2025-06-25T20:57:10","modified_gmt":"2025-06-25T20:57:10","slug":"video-arbres-arraches-metro-inonde-un-orage-dantesque-sabat-sur-paris-les-degats-deja-nombreux","status":"publish","type":"post","link":"https:\/\/www.europesays.com\/fr\/204124\/","title":{"rendered":"VID\u00c9O. Arbres arrach\u00e9s, m\u00e9tro inond\u00e9&#8230; Un orage dantesque s&rsquo;abat sur Paris, les d\u00e9g\u00e2ts d\u00e9j\u00e0 nombreux"},"content":{"rendered":"<p>            Par<br \/>\n        <strong><br \/>\n            <a href=\"https:\/\/actu.fr\/auteur\/julie-bossart-actu-fr\" title=\"Consulter tous les articles de Julie Bossart\" rel=\"nofollow noopener\" target=\"_blank\">Julie Bossart<\/a><br \/>\n        <\/strong><\/p>\n<p>        Publi\u00e9 le<\/p>\n<p>            25 juin 2025 \u00e0 22h21        <\/p>\n<p>Le ciel de <a href=\"https:\/\/actu.fr\/paris\/dernieres-actus\" rel=\"nofollow noopener\" target=\"_blank\">Paris<\/a> et sa petite couronne ont commenc\u00e9 \u00e0 s\u2019assombrir vers 20\u00a0heures, ce mercredi 25\u00a0juin 2025. Puis de premiers grondements se sont fait entendre. Les pr\u00e9mices du violent <a href=\"https:\/\/actu.fr\/tag\/orages\" rel=\"nofollow noopener\" target=\"_blank\">orage<\/a> annonc\u00e9 par<a href=\"https:\/\/actu.fr\/tag\/meteo-france\" rel=\"nofollow noopener\" target=\"_blank\"> M\u00e9t\u00e9o-France<\/a> et pour lequel la r\u00e9gion avait \u00e9t\u00e9 plac\u00e9e en <a href=\"https:\/\/actu.fr\/meteo\/orages-violents-grele-meteo-france-renforce-la-vigilance-a-paris-et-en-ile-de-france_62820720.html\" rel=\"nofollow noopener\" target=\"_blank\">vigilance orange<\/a>.<\/p>\n<p>Les \u00e9l\u00e9ments d\u00e9cha\u00een\u00e9s<\/p>\n<p class=\" wall-content\">Le rythme des d\u00e9tonations s\u2019est acc\u00e9l\u00e9r\u00e9 avant que des trombes d\u2019eau s\u2019abattent d\u2019abord sur le sud et le sud-ouest de la petite couronne, en suite, fatalement, sur la capitale. Entre deux d\u00e9flagrations, le bruit des objets tombant au sol, la vue des feuilles virevoltant dans les airs et les premi\u00e8res sir\u00e8nes des <a href=\"https:\/\/actu.fr\/tag\/brigade-de-sapeurs-pompiers-de-paris\" rel=\"nofollow noopener\" target=\"_blank\">sapeurs-pompiers<\/a>. Ces derniers n\u2019ont pas manqu\u00e9 de signaler qu\u2019ils recevaient de nombreux appels, demandant \u00e0 ceux dont l\u2019urgence n\u2019\u00e9tait pas av\u00e9r\u00e9e lib\u00e8re les lignes t\u00e9l\u00e9phoniques.<\/p>\n<p class=\" wall-content\">\n<p class=\" wall-content\">Enedis \u00cele-de-France demande \u00e0 \u00ab\u00a0rester prudents et \u00e0 respecter les consignes de s\u00e9curit\u00e9 en cas d\u2019incident sur le r\u00e9seau \u00e9lectrique\u00a0\u00bb.<\/p>\n<p class=\" wall-content\">\n<p class=\" wall-content\">Attendu, l\u2019orage et ses vents violent \u2013 des rafales jusqu\u2019\u00e0 112\u00a0km\/h ont \u00e9t\u00e9 enregistr\u00e9es au sommet de la tour Eiffel, indique M\u00e9t\u00e9oNordarisien \u2013 ont \u00e9t\u00e9 dantesques. Tonnerre et \u00e9clairs z\u00e9brant le ciel gris mena\u00e7ant ont altern\u00e9 plus d\u2019une heure. De nombreuses vid\u00e9os tourn\u00e9es aux quatre coins de Paris ont \u00e9t\u00e9 partag\u00e9es, t\u00e9moignant du d\u00e9cha\u00eenement des \u00e9l\u00e9ments.<\/p>\n<p class=\" wall-content\">On y voit la pluie diluvienne balayant tout sur son passage\u2009:<\/p>\n<p>Vid\u00e9os : en ce moment sur Actu<\/p>\n<p class=\" wall-content\">\n<p class=\" wall-content\">\n<p class=\" wall-content\">Des passants tentant d\u2019y \u00e9chapper\u2009:<\/p>\n<p class=\" wall-content\">\n<p class=\" wall-content\">\n<p class=\" wall-content\">Des \u00e9clairs saisissants\u2009:<\/p>\n<p class=\" wall-content\">\n<p class=\" wall-content\">Des arbres arrach\u00e9s et couch\u00e9s sur les voitures\u2009:<\/p>\n<p class=\" wall-content\">\n<p class=\" wall-content\">Des voitures circulant dans plusieurs centim\u00e8tres d\u2019eau\u2009:<\/p>\n<p class=\" wall-content\">\n<p class=\" wall-content\">Mais encore certaines stations de m\u00e9tro inond\u00e9es, indique la <a href=\"https:\/\/actu.fr\/tag\/ratp\" rel=\"nofollow noopener\" target=\"_blank\">RATP<\/a>,\u2009et des lignes de RER et de Transilien fortement d\u00e9grad\u00e9es, voire coup\u00e9es, avertit de son c\u00f4t\u00e9 la <a href=\"https:\/\/actu.fr\/tag\/sncf\" rel=\"nofollow noopener\" target=\"_blank\">SNCF<\/a> :\u00a0<\/p>\n<p class=\" wall-content\">\n<p class=\" wall-content\">\n<p class=\" wall-content\">Les d\u00e9g\u00e2ts sont d\u2019ores et d\u00e9j\u00e0 nombreux.<\/p>\n<p class=\" wall-content\">Suivez toute l\u2019actualit\u00e9 de vos villes et m\u00e9dias favoris en vous inscrivant \u00e0 <a href=\"https:\/\/moncompte.actu.fr\" title=\"D\u00e9couvez Mon Actu\" rel=\"nofollow noopener\" data-trk=\"{&quot;cta&quot;:{&quot;action&quot;:&quot;https:\\\/\\\/moncompte.actu.fr&quot;,&quot;category&quot;:&quot;mon compte&quot;,&quot;from&quot;:&quot;article footer&quot;,&quot;name&quot;:&quot;Mon actu&quot;,&quot;type&quot;:&quot;cta&quot;}}\" target=\"_blank\">Mon Actu<\/a>.<\/p>\n","protected":false},"excerpt":{"rendered":"Par Julie Bossart Publi\u00e9 le 25 juin 2025 \u00e0 22h21 Le ciel de Paris et sa petite couronne&hellip;\n","protected":false},"author":2,"featured_media":204125,"comment_status":"","ping_status":"","sticky":false,"template":"","format":"standard","meta":{"footnotes":""},"categories":[1888],"tags":[11,1777,674,118,1011,27,2839,2357,12,4594,626,25],"class_list":{"0":"post-204124","1":"post","2":"type-post","3":"status-publish","4":"format-standard","5":"has-post-thumbnail","7":"category-paris","8":"tag-actualites","9":"tag-eu","10":"tag-europe","11":"tag-faits-divers","12":"tag-fr","13":"tag-france","14":"tag-inondations","15":"tag-meteo-france","16":"tag-news","17":"tag-orages","18":"tag-paris","19":"tag-republique-francaise"},"share_on_mastodon":{"url":"https:\/\/pubeurope.com\/@fr\/114746008713464189","error":""},"_links":{"self":[{"href":"https:\/\/www.europesays.com\/fr\/wp-json\/wp\/v2\/posts\/204124","targetHints":{"allow":["GET"]}}],"collection":[{"href":"https:\/\/www.europesays.com\/fr\/wp-json\/wp\/v2\/posts"}],"about":[{"href":"https:\/\/www.europesays.com\/fr\/wp-json\/wp\/v2\/types\/post"}],"author":[{"embeddable":true,"href":"https:\/\/www.europesays.com\/fr\/wp-json\/wp\/v2\/users\/2"}],"replies":[{"embeddable":true,"href":"https:\/\/www.europesays.com\/fr\/wp-json\/wp\/v2\/comments?post=204124"}],"version-history":[{"count":0,"href":"https:\/\/www.europesays.com\/fr\/wp-json\/wp\/v2\/posts\/204124\/revisions"}],"wp:featuredmedia":[{"embeddable":true,"href":"https:\/\/www.europesays.com\/fr\/wp-json\/wp\/v2\/media\/204125"}],"wp:attachment":[{"href":"https:\/\/www.europesays.com\/fr\/wp-json\/wp\/v2\/media?parent=204124"}],"wp:term":[{"taxonomy":"category","embeddable":true,"href":"https:\/\/www.europesays.com\/fr\/wp-json\/wp\/v2\/categories?post=204124"},{"taxonomy":"post_tag","embeddable":true,"href":"https:\/\/www.europesays.com\/fr\/wp-json\/wp\/v2\/tags?post=204124"}],"curies":[{"name":"wp","href":"https:\/\/api.w.org\/{rel}","templated":true}]}}