{"id":204128,"date":"2025-06-25T20:59:09","date_gmt":"2025-06-25T20:59:09","guid":{"rendered":"https:\/\/www.europesays.com\/fr\/204128\/"},"modified":"2025-06-25T20:59:09","modified_gmt":"2025-06-25T20:59:09","slug":"zelensky-signe-au-conseil-de-leurope-laccord-pour-la-creation-dun-tribunal-special-pour-la-guerre-en-ukraine","status":"publish","type":"post","link":"https:\/\/www.europesays.com\/fr\/204128\/","title":{"rendered":"Zelensky signe au Conseil de l&rsquo;Europe l&rsquo;accord pour la cr\u00e9ation d&rsquo;un tribunal sp\u00e9cial pour la guerre en Ukraine"},"content":{"rendered":"<p>\u00ab\u00a0Tous les criminels de guerre doivent savoir que justice sera rendue, et cela inclut la Russie\u00a0\u00bb, a d\u00e9clar\u00e9 M. Zelensky.<\/p>\n<p>\u00ab\u00a0Cette signature est une \u00e9tape d\u00e9cisive vers l&rsquo;\u00e9tablissement d&rsquo;un tribunal sp\u00e9cial pour le crime d&rsquo;agression contre l&rsquo;Ukraine\u00a0\u00bb, a ajout\u00e9 Alain Berset, le pr\u00e9sident du Conseil de l&rsquo;Europe, qui rassemble 46 pays.<\/p>\n<p>C&rsquo;est la premi\u00e8re fois qu&rsquo;un tribunal sp\u00e9cial est cr\u00e9\u00e9 sous l&rsquo;\u00e9gide du Conseil de l&rsquo;Europe, vigie des droits de l&rsquo;homme sur le continent et dont fait partie l&rsquo;Ukraine. La Russie en a \u00e9t\u00e9 exclue peu apr\u00e8s avoir lanc\u00e9, en f\u00e9vrier 2022, une guerre \u00e0 grande \u00e9chelle contre l&rsquo;Ukraine, toujours en cours.<\/p>\n<p>Un tribunal sp\u00e9cial vise \u00e0 juger les responsables de graves violations des droits de l&rsquo;homme dans le cadre d&rsquo;un conflit sp\u00e9cifique, comme il en a exist\u00e9 pour les crimes dans les ex-r\u00e9publiques yougoslaves ou pour le g\u00e9nocide des Tutsis au Rwanda.<\/p>\n<p>Sa cr\u00e9ation, annonc\u00e9e le 9 mai \u00e0 Lviv par l&rsquo;Ukraine et ses alli\u00e9s europ\u00e9ens, permet de contourner l&rsquo;impossibilit\u00e9 de juger le \u00ab\u00a0crime d&rsquo;agression\u00a0\u00bb \u00e0 la Cour p\u00e9nale internationale (CPI), non reconnue par Moscou.<\/p>\n<p>\u00ab\u00a0L&rsquo;accord d&rsquo;aujourd&rsquo;hui et ce tribunal nous donnent une vraie chance d&rsquo;obtenir justice pour le crime d&rsquo;agression\u00a0\u00bb, a encore d\u00e9clar\u00e9 Volodymyr Zelensky.<\/p>\n<p>Le crime d&rsquo;agression est d\u00e9fini comme \u00ab\u00a0la planification, la pr\u00e9paration, le lancement ou l&rsquo;ex\u00e9cution par une personne effectivement en mesure de contr\u00f4ler ou de diriger l&rsquo;action politique ou militaire d&rsquo;un \u00c9tat, d&rsquo;un acte d&rsquo;agression qui, par sa nature, sa gravit\u00e9 et son ampleur, constitue une violation de la Charte des Nations unies\u00a0\u00bb.<\/p>\n<p>Le tribunal sp\u00e9cial ne pourrait toutefois pas poursuivre le pr\u00e9sident russe Vladimir Poutine, ni son Premier ministre Mikha\u00efl Michoustine et son ministre des Affaires \u00e9trang\u00e8res Sergue\u00ef Lavrov, tant qu&rsquo;ils sont en fonction.<\/p>\n<p>Les 15 juges, issus de pays diff\u00e9rents, seront choisis par un comit\u00e9 de direction et install\u00e9s pour des mandats non renouvelables allant de trois \u00e0 neuf ans.<\/p>\n<p>Outre le projet de tribunal sp\u00e9cial, le Conseil de l&rsquo;Europe est \u00e0 l&rsquo;initiative d&rsquo;un registre des dommages caus\u00e9s par la guerre en Ukraine. Ce registre a re\u00e7u \u00ab\u00a0plus de 34.000 demandes d&rsquo;indemnisation \u00e0 ce jour\u00a0\u00bb, selon M. Berset.<\/p>\n","protected":false},"excerpt":{"rendered":"\u00ab\u00a0Tous les criminels de guerre doivent savoir que justice sera rendue, et cela inclut la Russie\u00a0\u00bb, a d\u00e9clar\u00e9&hellip;\n","protected":false},"author":2,"featured_media":204129,"comment_status":"","ping_status":"","sticky":false,"template":"","format":"standard","meta":{"footnotes":""},"categories":[1590],"tags":[11,10411,1777,674,12,220],"class_list":{"0":"post-204128","1":"post","2":"type-post","3":"status-publish","4":"format-standard","5":"has-post-thumbnail","7":"category-ukraine","8":"tag-actualites","9":"tag-conflits","10":"tag-eu","11":"tag-europe","12":"tag-news","13":"tag-ukraine"},"share_on_mastodon":{"url":"https:\/\/pubeurope.com\/@fr\/114746016666690584","error":""},"_links":{"self":[{"href":"https:\/\/www.europesays.com\/fr\/wp-json\/wp\/v2\/posts\/204128","targetHints":{"allow":["GET"]}}],"collection":[{"href":"https:\/\/www.europesays.com\/fr\/wp-json\/wp\/v2\/posts"}],"about":[{"href":"https:\/\/www.europesays.com\/fr\/wp-json\/wp\/v2\/types\/post"}],"author":[{"embeddable":true,"href":"https:\/\/www.europesays.com\/fr\/wp-json\/wp\/v2\/users\/2"}],"replies":[{"embeddable":true,"href":"https:\/\/www.europesays.com\/fr\/wp-json\/wp\/v2\/comments?post=204128"}],"version-history":[{"count":0,"href":"https:\/\/www.europesays.com\/fr\/wp-json\/wp\/v2\/posts\/204128\/revisions"}],"wp:featuredmedia":[{"embeddable":true,"href":"https:\/\/www.europesays.com\/fr\/wp-json\/wp\/v2\/media\/204129"}],"wp:attachment":[{"href":"https:\/\/www.europesays.com\/fr\/wp-json\/wp\/v2\/media?parent=204128"}],"wp:term":[{"taxonomy":"category","embeddable":true,"href":"https:\/\/www.europesays.com\/fr\/wp-json\/wp\/v2\/categories?post=204128"},{"taxonomy":"post_tag","embeddable":true,"href":"https:\/\/www.europesays.com\/fr\/wp-json\/wp\/v2\/tags?post=204128"}],"curies":[{"name":"wp","href":"https:\/\/api.w.org\/{rel}","templated":true}]}}