{"id":204134,"date":"2025-06-25T21:02:09","date_gmt":"2025-06-25T21:02:09","guid":{"rendered":"https:\/\/www.europesays.com\/fr\/204134\/"},"modified":"2025-06-25T21:02:09","modified_gmt":"2025-06-25T21:02:09","slug":"allemagne-france-espoirs-3-0-domines-par-les-allemands-les-bleuets-ne-disputeront-pas-la-finale-de-leuro","status":"publish","type":"post","link":"https:\/\/www.europesays.com\/fr\/204134\/","title":{"rendered":"Allemagne &#8211; France Espoirs (3-0): domin\u00e9s par les Allemands, les Bleuets ne disputeront pas la finale de l\u2019Euro"},"content":{"rendered":"<p class=\"paragraph text_align_left lp-f-body-02\">Les vainqueurs fran\u00e7ais (g\u00e9n\u00e9ration Cantona) en 1988 et les finalistes en 2002 de l\u2019Euro espoirs devront encore attendre pour conna\u00eetre leurs successeurs. \u00c0 la Kosick\u00e1 Futbalov\u00e1 Ar\u00e9na, les Bleuets, qui disputaient la 7e demi-finale de leur histoire dans cette comp\u00e9tition, ont subi la loi (3-0) de l\u2019Allemagne qui rencontrera samedi en finale, l\u2019Angleterre tombeur (2-1) des Pays-Bas.<\/p>\n<p class=\"paragraph text_align_left lp-f-body-02\">Les joueurs de<a href=\"https:\/\/www.leparisien.fr\/sports\/football\/equipe-de-france\/football-gerald-baticle-prolonge-a-la-tete-de-lequipe-de-france-espoirs-en-plein-euro-20-06-2025-5EXIZQXYNJCVZC33GXMGAY5XYE.php\" target=\"_self\" rel=\"nofollow noopener\"> G\u00e9rald Baticle<\/a> n\u2019ont jamais pu se remettre de leur d\u00e9but de match catastrophique. Apr\u00e8s quinze minutes, ils \u00e9taient d\u00e9j\u00e0 men\u00e9s (2-0 avec des buts \u00e0 la 8e et 14e), plomb\u00e9s par leurs errements d\u00e9fensifs \u00e0 l\u2019image de la t\u00eate rat\u00e9e de Castello Lukeba et la mauvaise intervention de Soungoutou Magassa sur le 2e but.<\/p>\n<p class=\"paragraph text_align_left lp-f-body-02\">Depuis le d\u00e9but de cet Euro slovaque, les Fran\u00e7ais avaient d\u00e9j\u00e0 connu de nombreuses alertes dans ce secteur. Mais cette fois,<a href=\"https:\/\/www.leparisien.fr\/sports\/football\/equipe-de-france\/france-allemagne-espoirs-mathys-tel-leader-naturel-des-bleus-aux-portes-dune-nouvelle-finale-25-06-2025-2RNE42Y4CZDBXDHOJDMG2RSP5U.php\" target=\"_self\" rel=\"nofollow noopener\"> leur gros potentiel offensif<\/a> n\u2019a pas r\u00e9ussi \u00e0 rattraper les erreurs d\u00e9fensives et individuelles. Le sc\u00e9nario des quarts de finale <a href=\"https:\/\/www.leparisien.fr\/sports\/football\/euro-espoirs-les-bleuets-qualifies-en-demi-finale-apres-avoir-renverse-le-danemark-en-deux-minutes-22-06-2025-VTENUJL4INCE7NBDAEPCFM4WQM.php\" target=\"_self\" rel=\"nofollow noopener\">o\u00f9 la France avait renvers\u00e9 (3-2) le Danemark <\/a>apr\u00e8s avoir \u00e9t\u00e9 men\u00e9e 0-1 puis 1-2, ne s\u2019est donc pas reproduit.<\/p>\n<p class=\"paragraph text_align_left lp-f-body-02\">Si \u00e0 0-2, les Bleuets ont mieux fini la 1\u00e8re p\u00e9riode, les Allemands, qui sont rapidement pass\u00e9s en mode gestion, leur ont inflig\u00e9 une v\u00e9ritable le\u00e7on de r\u00e9alisme. Ils ont pu aussi compter sur leur gardien Noah Atubolu, imp\u00e9rial sur toutes les tentatives fran\u00e7aises et auteur d\u2019un arr\u00eat \u00e9norme sur une t\u00eate \u00e0 bout portant de Thierno Barry (69e).<\/p>\n<p class=\"paragraph text_align_left lp-f-body-02\">Mais l\u2019Allemagne a aussi manqu\u00e9 plusieurs balles de 3-0 comme sur ce sauvetage sur la ligne de Quentin Merlin (64e) ou cet arr\u00eat d\u00e9cisif de Guillaume Restes (76e). \u00c0 l\u2019image des premiers deux buteurs, Nelson Weiper (Mayence) et Nick Woltemade (VfB Stuttgart), les attaquants allemands ont fait tr\u00e8s mal \u00e0 l\u2019\u00e9quipe de France.<\/p>\n<p class=\"paragraph text_align_left lp-f-body-02\">M\u00eame s\u2019ils ont \u00e9t\u00e9 beaucoup mis en difficult\u00e9s, les Fran\u00e7ais ont aussi manqu\u00e9 de r\u00e9ussite comme sur la t\u00eate de Barry sur le poteau (90e) avant d\u2019\u00eatre crucifi\u00e9 par Gruda (3-0, 90e +3). <\/p>\n<p class=\"paragraph text_align_left lp-f-body-02\">La marche \u00e9tait trop haute pour cette \u00e9quipe de France trop limit\u00e9e d\u00e9fensivement mais qui a quand m\u00eame r\u00e9alis\u00e9 un beau parcours dans cet Euro espoir qui avait pr\u00e9c\u00e9d\u00e9 par les soucis du staff pour \u00e9tablir sa liste. <\/p>\n","protected":false},"excerpt":{"rendered":"Les vainqueurs fran\u00e7ais (g\u00e9n\u00e9ration Cantona) en 1988 et les finalistes en 2002 de l\u2019Euro espoirs devront encore attendre&hellip;\n","protected":false},"author":2,"featured_media":204135,"comment_status":"","ping_status":"","sticky":false,"template":"","format":"standard","meta":{"footnotes":""},"categories":[1587],"tags":[11,672,1804,1805,1803,1777,674,63,1801,12,1802,60],"class_list":{"0":"post-204134","1":"post","2":"type-post","3":"status-publish","4":"format-standard","5":"has-post-thumbnail","7":"category-allemagne","8":"tag-actualites","9":"tag-allemagne","10":"tag-bundesrepublik-deutschland","11":"tag-de","12":"tag-deutschland","13":"tag-eu","14":"tag-europe","15":"tag-football","16":"tag-germany","17":"tag-news","18":"tag-republique-federale-dallemagne","19":"tag-sports"},"share_on_mastodon":{"url":"https:\/\/pubeurope.com\/@fr\/114746028521617849","error":""},"_links":{"self":[{"href":"https:\/\/www.europesays.com\/fr\/wp-json\/wp\/v2\/posts\/204134","targetHints":{"allow":["GET"]}}],"collection":[{"href":"https:\/\/www.europesays.com\/fr\/wp-json\/wp\/v2\/posts"}],"about":[{"href":"https:\/\/www.europesays.com\/fr\/wp-json\/wp\/v2\/types\/post"}],"author":[{"embeddable":true,"href":"https:\/\/www.europesays.com\/fr\/wp-json\/wp\/v2\/users\/2"}],"replies":[{"embeddable":true,"href":"https:\/\/www.europesays.com\/fr\/wp-json\/wp\/v2\/comments?post=204134"}],"version-history":[{"count":0,"href":"https:\/\/www.europesays.com\/fr\/wp-json\/wp\/v2\/posts\/204134\/revisions"}],"wp:featuredmedia":[{"embeddable":true,"href":"https:\/\/www.europesays.com\/fr\/wp-json\/wp\/v2\/media\/204135"}],"wp:attachment":[{"href":"https:\/\/www.europesays.com\/fr\/wp-json\/wp\/v2\/media?parent=204134"}],"wp:term":[{"taxonomy":"category","embeddable":true,"href":"https:\/\/www.europesays.com\/fr\/wp-json\/wp\/v2\/categories?post=204134"},{"taxonomy":"post_tag","embeddable":true,"href":"https:\/\/www.europesays.com\/fr\/wp-json\/wp\/v2\/tags?post=204134"}],"curies":[{"name":"wp","href":"https:\/\/api.w.org\/{rel}","templated":true}]}}