{"id":204140,"date":"2025-06-25T21:05:11","date_gmt":"2025-06-25T21:05:11","guid":{"rendered":"https:\/\/www.europesays.com\/fr\/204140\/"},"modified":"2025-06-25T21:05:11","modified_gmt":"2025-06-25T21:05:11","slug":"nord-du-doubs-quatre-des-cinq-colruyt-vont-passer-sous-la-banniere-dintermarche","status":"publish","type":"post","link":"https:\/\/www.europesays.com\/fr\/204140\/","title":{"rendered":"Nord du Doubs. Quatre des cinq Colruyt vont passer sous la banni\u00e8re d\u2019Intermarch\u00e9"},"content":{"rendered":"<p>\u00c0 Arcey, Bavans, Mathay et <a href=\"https:\/\/www.estrepublicain.fr\/edition-belfort-hericourt-montbeliard\/saint-hippolyte\" target=\"_blank\" rel=\"noopener\">Saint-Hippolyte<\/a> , on ne devrait plus voir encore tr\u00e8s longtemps le nom Colruyt sur le fronton d\u2019une grande surface.\u00a0Le distributeur belge a en effet d\u00e9cid\u00e9 de se s\u00e9parer de ses 104 magasins fran\u00e7ais qui emploient autour de 2\u00a0300 personnes en tout.<\/p>\n<p>Fort de sept enseignes (Intermarch\u00e9, Netto, Bricomarch\u00e9, Brico Cash, Bricorama, Roady et Rapid Pare-Brise), le Fran\u00e7ais Groupement Mousquetaires, acteur majeur de la grande distribution en Europe, s\u2019est engag\u00e9 \u00e0 en reprendre 81. Sur les cinq Colruyt implant\u00e9s dans le nord du Doubs, seul celui d\u2019Audincourt n\u2019est pas concern\u00e9.<\/p>\n<p>  Super U ou E.Leclerc pour Audincourt\u00a0?<\/p>\n<p>Situ\u00e9 dans la communaut\u00e9 de communes du Pays de Ma\u00eeche, le magasin de Saint-Hippolyte (750 m\u00e8tres carr\u00e9s) a ouvert ses portes il y a une vingtaine d\u2019ann\u00e9es. Il a \u00e9t\u00e9 r\u00e9nov\u00e9 au milieu des ann\u00e9es 2010.<\/p>\n<p>Employant aujourd\u2019hui dix-sept personnes (en CDI ou CDD), dont quatre bouchers, il doit \u00eatre converti en Intermarch\u00e9.<\/p>\n<p>Contrairement \u00e0 beaucoup de Colruyt de l\u2019Hexagone, lui est rentable. Il voit son chiffre d\u2019affaires bondir l\u2019\u00e9t\u00e9 gr\u00e2ce aux touristes et au camping communal, situ\u00e9 \u00e0 quelques centaines de m\u00e8tres. Le reste de l\u2019ann\u00e9e, les clients viennent de Saint-Hippolyte et des communes alentour.<\/p>\n<p>  \u00ab\u00a0On ne sait pas ce qu\u2019il va se passer, on croise les doigts\u00a0\u00bb (la directrice adjointe du Colruyt d\u2019Audincourt)<\/p>\n<p>Le Colruyt d\u2019 <a href=\"https:\/\/www.estrepublicain.fr\/edition-belfort-hericourt-montbeliard\/audincourt\" target=\"_blank\" rel=\"noopener\">Audincourt<\/a> (1\u00a0000 m\u00e8tres carr\u00e9s, 13 salari\u00e9s) a appris la semaine derni\u00e8re qu\u2019il n\u2019int\u00e9ressait pas Les Mousquetaires. \u00ab\u00a0On en ignore la raison, on ne sait pas ce qu\u2019il va se passer, on croise les doigts\u00a0\u00bb, confie la directrice adjointe du magasin. \u00ab\u00a0D\u2019apr\u00e8s notre direction, deux enseignes auraient manifest\u00e9 un int\u00e9r\u00eat pour poursuivre l\u2019activit\u00e9\u00a0: Super U et E.Leclerc.\u00a0\u00bb<\/p>\n<p>  Des discussions jusqu\u2019au 25\u00a0novembre<\/p>\n<p>Les discussions entre Colruyt et le Groupement Mousquetaires vont se poursuivre jusqu\u2019au 25\u00a0novembre alors que le projet de reprise d\u2019un montant avoisinant les 215\u00a0millions d\u2019euros a \u00e9t\u00e9 pr\u00e9sent\u00e9 au Comit\u00e9 social et \u00e9conomique central (CSEC) de Colruyt lundi 23\u00a0juin. Il impliquerait le transfert automatique de 1\u00a0319 salari\u00e9s.<\/p>\n<p>Selon un communiqu\u00e9 du distributeur belge, la recherche de repreneurs se poursuit pour les 23 magasins boud\u00e9s par le distributeur fran\u00e7ais. Si elle ne d\u00e9bouche pas, 889 salari\u00e9s \u00ab\u00a0au maximum\u00a0\u00bb pourraient \u00eatre licenci\u00e9s pour motif \u00e9conomique.<\/p>\n","protected":false},"excerpt":{"rendered":"\u00c0 Arcey, Bavans, Mathay et Saint-Hippolyte , on ne devrait plus voir encore tr\u00e8s longtemps le nom Colruyt&hellip;\n","protected":false},"author":2,"featured_media":204141,"comment_status":"","ping_status":"","sticky":false,"template":"","format":"standard","meta":{"footnotes":""},"categories":[2],"tags":[11,34300,4406,8026,33,10332,14384,1011,27,8027,12,11058,25],"class_list":{"0":"post-204140","1":"post","2":"type-post","3":"status-publish","4":"format-standard","5":"has-post-thumbnail","7":"category-actualites","8":"tag-actualites","9":"tag-cc-du-grand-pontarlier-25a","10":"tag-commerce-et-services","11":"tag-doubs","12":"tag-economie","13":"tag-edition-belfort-hericourt-montbeliard","14":"tag-edition-pontarlier-haut-doubs","15":"tag-fr","16":"tag-france","17":"tag-montbeliard","18":"tag-news","19":"tag-region-franche-comte","20":"tag-republique-francaise"},"share_on_mastodon":{"url":"https:\/\/pubeurope.com\/@fr\/114746040280993420","error":""},"_links":{"self":[{"href":"https:\/\/www.europesays.com\/fr\/wp-json\/wp\/v2\/posts\/204140","targetHints":{"allow":["GET"]}}],"collection":[{"href":"https:\/\/www.europesays.com\/fr\/wp-json\/wp\/v2\/posts"}],"about":[{"href":"https:\/\/www.europesays.com\/fr\/wp-json\/wp\/v2\/types\/post"}],"author":[{"embeddable":true,"href":"https:\/\/www.europesays.com\/fr\/wp-json\/wp\/v2\/users\/2"}],"replies":[{"embeddable":true,"href":"https:\/\/www.europesays.com\/fr\/wp-json\/wp\/v2\/comments?post=204140"}],"version-history":[{"count":0,"href":"https:\/\/www.europesays.com\/fr\/wp-json\/wp\/v2\/posts\/204140\/revisions"}],"wp:featuredmedia":[{"embeddable":true,"href":"https:\/\/www.europesays.com\/fr\/wp-json\/wp\/v2\/media\/204141"}],"wp:attachment":[{"href":"https:\/\/www.europesays.com\/fr\/wp-json\/wp\/v2\/media?parent=204140"}],"wp:term":[{"taxonomy":"category","embeddable":true,"href":"https:\/\/www.europesays.com\/fr\/wp-json\/wp\/v2\/categories?post=204140"},{"taxonomy":"post_tag","embeddable":true,"href":"https:\/\/www.europesays.com\/fr\/wp-json\/wp\/v2\/tags?post=204140"}],"curies":[{"name":"wp","href":"https:\/\/api.w.org\/{rel}","templated":true}]}}