{"id":204148,"date":"2025-06-25T21:10:16","date_gmt":"2025-06-25T21:10:16","guid":{"rendered":"https:\/\/www.europesays.com\/fr\/204148\/"},"modified":"2025-06-25T21:10:16","modified_gmt":"2025-06-25T21:10:16","slug":"transfert-top-14-il-etait-convoite-il-a-decide-de-rester-maqala-choisit-bayonne-pour-un-contrat-en-beton","status":"publish","type":"post","link":"https:\/\/www.europesays.com\/fr\/204148\/","title":{"rendered":"TRANSFERT. TOP 14. Il \u00e9tait convoit\u00e9, il a d\u00e9cid\u00e9 de rester : Maqala choisit Bayonne pour un contrat en b\u00e9ton"},"content":{"rendered":"<p>Il est l\u2019un des magiciens du <a href=\"https:\/\/www.lerugbynistere.fr\/championnats\/top-14\" ui-sref=\"app.competition({competitionId: 1})\" alt=\"Top 14\" data-route=\"app.competition\" data-param=\"competitionId\" data-id=\"1\" rel=\"nofollow noopener\" target=\"_blank\">Top 14<\/a>. Cette saison, le centre fidjien de 25 ans l\u2019a prouv\u00e9 \u00e0 maintes reprises, en gratifiant les supporters de l\u2019Aviron Bayonnais et plus largement ceux du Top 14 de nombreux gestes de folie et d\u2019appuis d\u00e9routants.<\/p>\n<p>Comme pour r\u00e9compenser ses statistiques personnelles, il a aussi inscrit 11 <a href=\"https:\/\/www.lerugbynistere.fr\/videos\/essais.php\" ui-sref=\"app.tag\" alt=\"Essais\" data-route=\"app.tag\" data-param=\"slug\" data-id=\"essais\" rel=\"nofollow noopener\" target=\"_blank\">essais<\/a> en 20 matchs, faisant de lui le troisi\u00e8me meilleur marqueur du championnat, \u00e0 hauteur de <a href=\"https:\/\/www.lerugbynistere.fr\/fiches-joueurs\/baptiste-couilloud.php\" ui-sref=\"app.player({playerId: 2606})\" alt=\"Baptiste Couilloud\" data-route=\"app.player\" data-param=\"playerId\" data-id=\"2606\" rel=\"nofollow noopener\" target=\"_blank\">Baptiste Couilloud<\/a>, <a href=\"https:\/\/www.lerugbynistere.fr\/fiches-joueurs\/nolann-le-garrec.php\" ui-sref=\"app.player({playerId: 10567})\" alt=\"Nolann Le Garrec\" data-route=\"app.player\" data-param=\"playerId\" data-id=\"10567\" rel=\"nofollow noopener\" target=\"_blank\">Nolann Le Garrec<\/a> et \u00c9milien Gailleton.<\/p>\n<p>Autant vous dire que le champion olympique \u00e0 7 \u00e9tait tr\u00e8s courtis\u00e9 en Top 14. Mais le natif de Labasa \u00e9volue dans un club ambitieux et s\u2019est attach\u00e9 au Pays Basque, lui qui s\u2019est d\u2019ailleurs mari\u00e9 \u00e0 une locale.<\/p>\n<p><a class=\"inserer_lien_article\" href=\"https:\/\/www.lerugbynistere.fr\/news\/transfert-top-14-malin-et-muscle-le-recrutement-cible-de-castres-pour-dynamiser-son-jeu-2506251425.php\" data-id=\"45380\" data-route=\"app.article\" data-param=\"articleId\" ui-sref=\"app.article({articleId: 45380})\" alt=\"TRANSFERT. TOP 14. Malin et muscl\u00e9, le recrutement cibl\u00e9 de Castres pour dynamiser son jeu\" title=\"TRANSFERT. TOP 14. Malin et muscl\u00e9, le recrutement cibl\u00e9 de Castres pour dynamiser son jeu\" rel=\"nofollow noopener\" target=\"_blank\"><img decoding=\"async\" src=\"https:\/\/www.europesays.com\/fr\/wp-content\/uploads\/2025\/06\/le-co-officialise-un-mercato-ambitieux-avec-durand-karawalevu-vargas-et-larrivee-de-julien-tastet-da.jpeg\" alt=\"TRANSFERT. TOP 14. Malin et muscl\u00e9, le recrutement cibl\u00e9 de Castres pour dynamiser son jeu\"\/>TRANSFERT. TOP 14. Malin et muscl\u00e9, le recrutement cibl\u00e9 de Castres pour dynamiser son jeu<\/a>C\u2019est ainsi que <a href=\"https:\/\/www.lerugbynistere.fr\/fiches-joueurs\/sireli-maqala.php\" ui-sref=\"app.player({playerId: 13305})\" alt=\"Sireli Maqala\" data-route=\"app.player\" data-param=\"playerId\" data-id=\"13305\" rel=\"nofollow noopener\" target=\"_blank\">Sireli Maqala<\/a> a choisi de rester longtemps sur les bords de la Nive.<\/p>\n<p>Le petit mod\u00e8le (1m73 pour 85kg) a en effet prolong\u00e9 son contrat de cinq saisons suppl\u00e9mentaires avec l&rsquo;Aviron bayonnais, (soit le maximum l\u00e9gal pour un contrat de rugbyman professionnel en <a href=\"https:\/\/www.lerugbynistere.fr\/equipes-nationales\/xv-de-france.php\" ui-sref=\"app.team({teamId: 65})\" alt=\"France\" data-route=\"app.team\" data-param=\"teamId\" data-id=\"65\" rel=\"nofollow noopener\" target=\"_blank\">France<\/a>), comme annonc\u00e9 par le club.<\/p>\n<p>Celui qui forme une redoutable paire de centres avec <a href=\"https:\/\/www.lerugbynistere.fr\/fiches-joueurs\/manu-tuilagi.php\" ui-sref=\"app.player({playerId: 98})\" alt=\"Manu Tuilagi\" data-route=\"app.player\" data-param=\"playerId\" data-id=\"98\" rel=\"nofollow noopener\" target=\"_blank\">Manu Tuilagi<\/a> est donc d\u00e9sormais li\u00e9 avec l\u2019entit\u00e9 basque jusqu&rsquo;en 2030.<\/p>\n<p>Qui va voir arriver Laurent Travers comme directeur du rugby et donc continuer de vouloir grandir, apr\u00e8s une demi-finale de Top 14 cette ann\u00e9e.<\/p>\n","protected":false},"excerpt":{"rendered":"Il est l\u2019un des magiciens du Top 14. Cette saison, le centre fidjien de 25 ans l\u2019a prouv\u00e9&hellip;\n","protected":false},"author":2,"featured_media":204149,"comment_status":"","ping_status":"","sticky":false,"template":"","format":"standard","meta":{"footnotes":""},"categories":[1416],"tags":[1011,27,479,1468,60],"class_list":{"0":"post-204148","1":"post","2":"type-post","3":"status-publish","4":"format-standard","5":"has-post-thumbnail","7":"category-rugby","8":"tag-fr","9":"tag-france","10":"tag-rugby","11":"tag-rugby-football","12":"tag-sports"},"share_on_mastodon":{"url":"https:\/\/pubeurope.com\/@fr\/114746059915614280","error":""},"_links":{"self":[{"href":"https:\/\/www.europesays.com\/fr\/wp-json\/wp\/v2\/posts\/204148","targetHints":{"allow":["GET"]}}],"collection":[{"href":"https:\/\/www.europesays.com\/fr\/wp-json\/wp\/v2\/posts"}],"about":[{"href":"https:\/\/www.europesays.com\/fr\/wp-json\/wp\/v2\/types\/post"}],"author":[{"embeddable":true,"href":"https:\/\/www.europesays.com\/fr\/wp-json\/wp\/v2\/users\/2"}],"replies":[{"embeddable":true,"href":"https:\/\/www.europesays.com\/fr\/wp-json\/wp\/v2\/comments?post=204148"}],"version-history":[{"count":0,"href":"https:\/\/www.europesays.com\/fr\/wp-json\/wp\/v2\/posts\/204148\/revisions"}],"wp:featuredmedia":[{"embeddable":true,"href":"https:\/\/www.europesays.com\/fr\/wp-json\/wp\/v2\/media\/204149"}],"wp:attachment":[{"href":"https:\/\/www.europesays.com\/fr\/wp-json\/wp\/v2\/media?parent=204148"}],"wp:term":[{"taxonomy":"category","embeddable":true,"href":"https:\/\/www.europesays.com\/fr\/wp-json\/wp\/v2\/categories?post=204148"},{"taxonomy":"post_tag","embeddable":true,"href":"https:\/\/www.europesays.com\/fr\/wp-json\/wp\/v2\/tags?post=204148"}],"curies":[{"name":"wp","href":"https:\/\/api.w.org\/{rel}","templated":true}]}}