{"id":204161,"date":"2025-06-25T21:18:14","date_gmt":"2025-06-25T21:18:14","guid":{"rendered":"https:\/\/www.europesays.com\/fr\/204161\/"},"modified":"2025-06-25T21:18:14","modified_gmt":"2025-06-25T21:18:14","slug":"christelle-faure-nommee-a-besancon-apres-une-crise-interne","status":"publish","type":"post","link":"https:\/\/www.europesays.com\/fr\/204161\/","title":{"rendered":"Christelle Faure nomm\u00e9e \u00e0 Besan\u00e7on apr\u00e8s une crise interne"},"content":{"rendered":"<p><a href=\"https:\/\/www.lejournaldesarts.fr\/personnalite\/christelle-faure-178625\" title=\"Lire la notice biographique sur Christelle Faure\" rel=\"nofollow noopener\" target=\"_blank\">Christelle Faure<\/a> prendra, le 1er juillet, la direction des deux principaux mus\u00e9es de Besan\u00e7on\u00a0: le <a href=\"https:\/\/www.lejournaldesarts.fr\/lieu\/musee-des-beaux-arts-et-darcheologie-de-besancon-2104\" title=\"Lire la notice sur le Mus\u00e9e des beaux-arts et d&#039;arch\u00e9ologie de Besan\u00e7on\" rel=\"nofollow noopener\" target=\"_blank\">Mus\u00e9e des Beaux-Arts et d\u2019Arch\u00e9ologie<\/a> et le <a href=\"https:\/\/www.lejournaldesarts.fr\/lieu\/musee-du-temps-4243\" title=\"Lire la notice sur le Mus\u00e9e du Temps\" rel=\"nofollow noopener\" target=\"_blank\">Mus\u00e9e du Temps<\/a>. Cette nomination intervient apr\u00e8s le d\u00e9part houleux de <a href=\"https:\/\/www.lejournaldesarts.fr\/personnalite\/laurence-madeline-165134\" title=\"Lire la notice biographique sur Laurence Madeline\" rel=\"nofollow noopener\" target=\"_blank\">Laurence Madeline<\/a>, directrice controvers\u00e9e, dont le passage n\u2019aura dur\u00e9 qu\u2019un an.<\/p>\n<p>Form\u00e9e \u00e0 l\u2019\u00c9cole du Louvre et dipl\u00f4m\u00e9e en mus\u00e9ologie et histoire de l\u2019art appliqu\u00e9e aux collections, Christelle Faure (38\u00a0ans) s\u2019est d\u2019abord illustr\u00e9e au sein de plusieurs institutions de r\u00e9f\u00e9rence. Apr\u00e8s un passage au Mus\u00e9e du Louvre comme charg\u00e9e du r\u00e9colement des d\u00e9p\u00f4ts, elle a \u00e9t\u00e9 responsable des collections et expositions \u00e0 Belfort, avant de rejoindre le Mus\u00e9e d\u2019art moderne de Saint-\u00c9tienne M\u00e9tropole. Elle y pilote la valorisation des collections, avant d\u2019int\u00e9grer le Palais des Beaux-Arts de Lille en 2022, o\u00f9 elle met en \u0153uvre une politique de gestion durable des \u0153uvres. \u00c9l\u00e8ve conservatrice \u00e0 l\u2019Institut national du patrimoine en 2024-2025, elle rejoindra donc le 1er juillet Besan\u00e7on pour diriger deux mus\u00e9es sans directeur depuis 1\u00a0an.<\/p>\n<p>Sa nomination intervient apr\u00e8s le d\u00e9part de Laurence Madeline, <a href=\"https:\/\/www.lejournaldesarts.fr\/patrimoine\/laurence-madeline-ecartee-des-musees-de-besancon-175994\" title=\"Laurence Madeline \u00e9cart\u00e9e des mus\u00e9es de Besan\u00e7on\" rel=\"nofollow noopener\" target=\"_blank\">pouss\u00e9e \u00e0 quitter ses fonctions<\/a> en janvier dernier, mais suspendue \u00e0 l\u2019\u00e9t\u00e9 2024. Officiellement r\u00e9int\u00e9gr\u00e9e au minist\u00e8re de la Culture, sa mise \u00e0 l\u2019\u00e9cart fait suite \u00e0 une s\u00e9rie de <a href=\"https:\/\/www.lejournaldesarts.fr\/patrimoine\/climat-social-tendu-dans-des-musees-de-besancon-172078\" title=\"Climat social tendu dans des mus\u00e9es de Besan\u00e7on\" rel=\"nofollow noopener\" target=\"_blank\">conflits internes<\/a>\u00a0: plusieurs agents et syndicats avaient d\u00e9nonc\u00e9 des m\u00e9thodes de management brutales, suscitant une gr\u00e8ve in\u00e9dite au printemps 2024. Une tentative de m\u00e9diation engag\u00e9e par la ville avait \u00e9chou\u00e9. Une enqu\u00eate administrative est ensuite ouverte, confirmant l\u2019impasse manag\u00e9riale. Le contexte social s\u2019\u00e9tait encore alourdi par la volont\u00e9 de Laurence Madeline de fusionner les deux mus\u00e9es bisontins, projet jug\u00e9 brutal et mal con\u00e7u par les \u00e9quipes, encore investies dans la r\u00e9cente <a href=\"https:\/\/www.lejournaldesarts.fr\/patrimoine\/besancon-peaufine-son-musee-de-beaux-arts-et-darcheologie-137548\" title=\"Besan\u00e7on peaufine son mus\u00e9e des Beaux-Arts et d\u2019arch\u00e9ologie\" rel=\"nofollow noopener\" target=\"_blank\">r\u00e9novation du Mus\u00e9e des Beaux-Arts<\/a>, achev\u00e9e en 2018.<\/p>\n<p>Port\u00e9e par une vision qualifi\u00e9e d\u2019\u00ab\u00a0audacieuse\u00a0\u00bb par la municipalit\u00e9 et choisie parmi de tr\u00e8s nombreuses candidatures, la nouvelle directrice entend restaurer le dialogue avec les \u00e9quipes et ouvrir les mus\u00e9es \u00e0 de nouveaux publics, dans une logique d\u2019exp\u00e9rimentation et de transversalit\u00e9.<\/p>\n<p>Le Mus\u00e9e des Beaux-Arts et d\u2019Arch\u00e9ologie de Besan\u00e7on, fond\u00e9 en 1694, est l\u2019un des plus anciens mus\u00e9es de France. Il conserve plus de 6\u00a0000 \u0153uvres, parmi lesquelles des peintures de Cranach, Bellini, Goya, Courbet ou Bonnard, ainsi qu\u2019un important fonds d\u2019arch\u00e9ologie locale. Le Mus\u00e9e du Temps, inaugur\u00e9 en 2002 dans le palais Granvelle, pr\u00e9sente des collections d\u2019horlogerie, de chronom\u00e9trie et de sciences, issues notamment de l\u2019h\u00e9ritage industriel bisontin, aux c\u00f4t\u00e9s d\u2019objets d\u2019art et de documents retra\u00e7ant l\u2019histoire de la mesure du temps du XVIe si\u00e8cle \u00e0 nos jours.<\/p>\n","protected":false},"excerpt":{"rendered":"Christelle Faure prendra, le 1er juillet, la direction des deux principaux mus\u00e9es de Besan\u00e7on\u00a0: le Mus\u00e9e des Beaux-Arts&hellip;\n","protected":false},"author":2,"featured_media":204162,"comment_status":"","ping_status":"","sticky":false,"template":"","format":"standard","meta":{"footnotes":""},"categories":[1358],"tags":[1348,1384,1385,1386,58,59,1011,27],"class_list":{"0":"post-204161","1":"post","2":"type-post","3":"status-publish","4":"format-standard","5":"has-post-thumbnail","7":"category-arts-et-design","8":"tag-arts","9":"tag-arts-and-design","10":"tag-arts-et-design","11":"tag-design","12":"tag-divertissement","13":"tag-entertainment","14":"tag-fr","15":"tag-france"},"share_on_mastodon":{"url":"https:\/\/pubeurope.com\/@fr\/114746091330220851","error":""},"_links":{"self":[{"href":"https:\/\/www.europesays.com\/fr\/wp-json\/wp\/v2\/posts\/204161","targetHints":{"allow":["GET"]}}],"collection":[{"href":"https:\/\/www.europesays.com\/fr\/wp-json\/wp\/v2\/posts"}],"about":[{"href":"https:\/\/www.europesays.com\/fr\/wp-json\/wp\/v2\/types\/post"}],"author":[{"embeddable":true,"href":"https:\/\/www.europesays.com\/fr\/wp-json\/wp\/v2\/users\/2"}],"replies":[{"embeddable":true,"href":"https:\/\/www.europesays.com\/fr\/wp-json\/wp\/v2\/comments?post=204161"}],"version-history":[{"count":0,"href":"https:\/\/www.europesays.com\/fr\/wp-json\/wp\/v2\/posts\/204161\/revisions"}],"wp:featuredmedia":[{"embeddable":true,"href":"https:\/\/www.europesays.com\/fr\/wp-json\/wp\/v2\/media\/204162"}],"wp:attachment":[{"href":"https:\/\/www.europesays.com\/fr\/wp-json\/wp\/v2\/media?parent=204161"}],"wp:term":[{"taxonomy":"category","embeddable":true,"href":"https:\/\/www.europesays.com\/fr\/wp-json\/wp\/v2\/categories?post=204161"},{"taxonomy":"post_tag","embeddable":true,"href":"https:\/\/www.europesays.com\/fr\/wp-json\/wp\/v2\/tags?post=204161"}],"curies":[{"name":"wp","href":"https:\/\/api.w.org\/{rel}","templated":true}]}}