{"id":204171,"date":"2025-06-25T21:24:11","date_gmt":"2025-06-25T21:24:11","guid":{"rendered":"https:\/\/www.europesays.com\/fr\/204171\/"},"modified":"2025-06-25T21:24:11","modified_gmt":"2025-06-25T21:24:11","slug":"ils-sont-maire-commercant-enseignante-comment-ces-charentais-se-sont-construits-avec-leur-begaiement","status":"publish","type":"post","link":"https:\/\/www.europesays.com\/fr\/204171\/","title":{"rendered":"Ils sont maire, commer\u00e7ant, enseignante\u00a0: comment ces Charentais se sont construits avec leur b\u00e9gaiement"},"content":{"rendered":"<blockquote><p>\u00ab\u00a0Il y a rarement une seule cause au b\u00e9gaiement\u00a0\u00bb<\/p><\/blockquote>\n<p>En Charente, certains r\u00e9cits dessinent&#8230;<\/p>\n<blockquote><p>\u00ab\u00a0Il y a rarement une seule cause au b\u00e9gaiement\u00a0\u00bb<\/p><\/blockquote>\n<p>En Charente, certains r\u00e9cits dessinent des trajectoires forg\u00e9es \u00e0 l\u2019ombre d\u2019un trouble dont certains facteurs sont aujourd\u2019hui clairement identifi\u00e9s\u00a0: \u00ab\u00a0la g\u00e9n\u00e9tique, l\u2019environnement, l\u2019existence de soucis de sant\u00e9, l\u2019autisme\u00a0\u00bb, \u00e9nonce V\u00e9ronique Ehlers, membre active de l\u2019association Parole b\u00e9gaiement en Charente. \u00ab\u00a0\u00c7a fait partie des troubles du neuro d\u00e9veloppement\u00a0\u00bb, appuie Christine Tournier.<\/p>\n<p>        <img decoding=\"async\" id=\"24918560\" src=\"https:\/\/www.europesays.com\/fr\/wp-content\/uploads\/2025\/06\/r-joubert-250619-006.jpg\" alt=\"V\u00e9ronique Ehlers (\u00e0 g.) a v\u00e9cu une carri\u00e8re d\u2019enseignante en dissimulant le plus clair du temps son b\u00e9gaiement. Ici aux c\u00f4t\u00e9s de Christine Tournier, orthophoniste.\" itemprop=\"contentURL\"\/><\/p>\n<p>    V\u00e9ronique Ehlers (\u00e0 g.) a v\u00e9cu une carri\u00e8re d\u2019enseignante en dissimulant le plus clair du temps son b\u00e9gaiement. Ici aux c\u00f4t\u00e9s de Christine Tournier, orthophoniste.<\/p>\n<p>Renaud Joubert<\/p>\n<p>V\u00e9ronique Ehlers est venue sur le tard aux s\u00e9ances d\u2019orthophonie. \u00ab\u00a0J\u2019avais 48\u00a0ans. J\u2019\u00e9tais en burn-out, j\u2019avais d\u00e9velopp\u00e9 une phobie sociale. Mon b\u00e9gaiement me bouffait la vie\u00a0\u00bb, raconte celle qui a souvent \u00ab\u00a0mis un masque en public\u00a0\u00bb, d\u00e9ployant face \u00e0 ses \u00e9l\u00e8ves d\u2019\u00e9normes efforts pour atteindre la fluidit\u00e9. \u00ab\u00a0Quand je redevenais moi-m\u00eame, je b\u00e9gayais\u00a0\u00bb, sourit-elle derri\u00e8re ses grandes lunettes. Elle croise alors la route de Christine Tournier qui va l\u2019accompagner \u00ab\u00a0pendant un an\u00a0\u00bb. \u00ab\u00a0Et l\u00e0, au fil des s\u00e9ances, il y a eu un poids \u00e9norme en moins sur mes \u00e9paules. J\u2019ai commenc\u00e9 \u00e0 ne plus me sentir coupable\u00a0\u00bb, raconte la quinquag\u00e9naire. C\u2019est d\u2019ailleurs \u00ab\u00a0bien l\u00e0 l\u2019ambition des s\u00e9ances de travail\u00a0\u00bb, estime Christine Tournier. \u00ab\u00a0Faire en sorte de r\u00e9duire l\u2019impact qu\u2019a le b\u00e9gaiement dans la vie des patients\u00a0\u00bb, abonde l\u2019orthophoniste qui rappelle qu\u2019aujourd\u2019hui \u00ab\u00a0pour 80\u00a0% des enfants, le trouble finit par s\u2019estomper\u00a0\u00bb. Mais dans certains cas, il persiste.<\/p>\n<p>Un traumatisme dans l\u2019enfance\u00a0?<\/p>\n<p>\u00c0 Saint-Sornin, c\u2019est l\u2019histoire que livre le maire, Michael Canit, qui comme Fran\u00e7ois Bayrou, a fait carri\u00e8re dans la politique. \u00c0 50\u00a0ans, l\u2019\u00e9lu au D\u00e9partement et pr\u00e9sident de Charente Eaux a toujours \u00e9t\u00e9 taiseux sur le sujet. \u00ab\u00a0C\u2019est la premi\u00e8re fois que j\u2019en parle\u00a0\u00bb, pose-t-il dans son bureau peupl\u00e9 de coupures de presse, de dessins d\u2019enfants et autres cartes du territoire.<\/p>\n<p>D\u2019apr\u00e8s le r\u00e9cit parental, son b\u00e9gaiement serait d\u00fb \u00e0 un trauma. \u00c0 l\u2019\u00e2ge de \u00ab\u00a03 ou 4\u00a0ans\u00a0\u00bb, on suspecte une m\u00e9ningite. \u00ab\u00a0\u00c0 l\u2019h\u00f4pital, j\u2019ai subi une ponction lombaire. Mes parents m\u2019entendaient hurler \u00e0 l\u2019autre bout du couloir\u00a0\u00bb, retrace-t-il de ce qui aurait pu \u00eatre un point de bascule. \u00ab\u00a0Moi je n\u2019en ai aucun souvenir.\u00a0\u00bb Christine Tournier nuance l\u2019\u00e9vocation de ces \u00e9v\u00e9nements dat\u00e9s. \u00ab\u00a0Il y a rarement une seule cause au b\u00e9gaiement.\u00a0\u00bb<\/p>\n<p>\u00ab\u00a0Michael Kael\u00a0\u00bb<\/p>\n<p>Pour le reste, Micha\u00ebl Canit \u00e9voque \u00ab\u00a0des instituteurs bienveillants\u00a0\u00bb. Une ma\u00eetresse \u00ab\u00a0qui me faisait chanter en classe pour que je puisse aligner deux mots\u00a0\u00bb. Il y a aussi l\u2019orthophoniste, le th\u00e9\u00e2tre que \u00ab\u00a0l\u2019on m\u2019encourage \u00e0 pratiquer\u00a0\u00bb. Les moqueries aussi, un peu. Plus tard, au coll\u00e8ge, au lyc\u00e9e, il est \u00ab\u00a0Michael Kael\u00a0\u00bb, r\u00e9f\u00e9rence \u00e0 des Grolandais qu\u2019il v\u00e9n\u00e8re.<\/p>\n<p>\u00c0 Saint-Michel, Gaylord Parinet, commer\u00e7ant de 33\u00a0ans, revient sur \u00ab\u00a0un c\u00f4t\u00e9 bagarreur\u00a0\u00bb qu\u2019il d\u00e9veloppe \u00e0 l\u2019\u00e9cole. Sans doute l\u2019expression hasardeuse \u00ab\u00a0d\u2019une col\u00e8re, de choses \u00e0 prouver\u00a0\u00bb dont son b\u00e9gaiement a \u00e9t\u00e9 le terreau. Aujourd\u2019hui \u00e0 la t\u00eate de la brocante La Caverne du d\u00e9nicheur, le trentenaire ne fait pas d\u2019ang\u00e9lisme sur le sujet\u00a0: \u00ab\u00a0Bien s\u00fbr, \u00e7a a \u00e9t\u00e9 dur\u00a0\u00bb, confie celui qui a encha\u00een\u00e9 les s\u00e9ances d\u2019orthophonie, avec le psychologue et \u00ab\u00a0les stages collectifs\u00a0\u00bb. Lui qui aime le monde de la nuit, \u00ab\u00a0\u00e7a devient compliqu\u00e9 en soir\u00e9e quand tu te trouves face \u00e0 quelqu\u2019un qui ne te laisse pas de marbre.\u00a0\u00bb<\/p>\n<blockquote><p>\u00ab\u00a0Je pr\u00e9f\u00e8re souvent fermer ma gueule.\u00a0\u00bb<\/p><\/blockquote>\n<p>Michael Canit rappelle la concentration \u00e9norme et la pr\u00e9paration millim\u00e9tr\u00e9e n\u00e9cessaires \u00e0 la prise de parole en public. \u00ab\u00a0J\u2019ai tout le temps peur d\u2019ennuyer mon auditoire. Je pr\u00e9f\u00e8re\u00a0souvent fermer ma gueule\u00a0\u00bb. M\u00eame en conseil municipal, m\u00eame dans l\u2019h\u00e9micycle du D\u00e9partement.<\/p>\n<p>Dans le podcast en ligne de l\u2019association Parole b\u00e9gaiement, Houssedine, jeune Angoumoisin regrette, lui, l\u2019invisibilisation des personnes b\u00e8gues. \u00ab\u00a0J\u2019aurais aim\u00e9, plus jeune, en entendre \u00e0 la radio, en voir \u00e0 la t\u00e9l\u00e9\u00a0\u00bb. L\u00e0 o\u00f9 la soci\u00e9t\u00e9 n\u2019offre \u00e0 voir \u00ab\u00a0que des paroles parfaites et sans accroc\u00a0\u00bb. Outre des films sur le sujet, les r\u00e9seaux sociaux sont aussi devenus des caisses de r\u00e9sonance. \u00ab\u00a0L\u2019id\u00e9e dans tout \u00e7a, c\u2019est d\u2019en parler de fa\u00e7on positive et nuanc\u00e9e\u00a0\u00bb, analyse Christine Tournier. Rejetant ces discours simplistes du \u00ab\u00a0j\u2019ai parl\u00e9 devant 500\u00a0personnes et ma vie a chang\u00e9\u00a0\u00bb.<\/p>\n<p>Et puis, il y a la m\u00e9connaissance. \u00ab\u00a0Face \u00e0 une personne qui b\u00e9gaie, le mieux \u00e0 faire c\u2019est de l\u2019\u00e9couter\u00a0\u00bb, glisse l\u2019orthophoniste. \u00ab\u00a0Et non, \u00e7a ne sert \u00e0 rien de \u2018respirer un grand coup\u2019, ni \u2018d\u2019arr\u00eater de stresser\u2019\u00a0\u00bb, clarifie-t-elle.<\/p>\n<p>Sur son trouble, Micha\u00ebl Canit garde en m\u00e9moire un \u00e9pisode marquant. \u00ab\u00a0Je suis en 4e au coll\u00e8ge de Montbron. Nous sommes en 1989, on f\u00eate le bi centenaire de la R\u00e9volution. Je dois d\u00e9clamer le Serment du jeu de paume lors d\u2019une repr\u00e9sentation. Chez les profs, certains doutent de ma capacit\u00e9.\u00a0\u00bb Les yeux rougis, il marque un temps\u00a0: \u00ab\u00a0Et puis, ils ont finalement d\u00e9cid\u00e9 de me faire confiance.\u00a0\u00bb Le poids du regard sur leurs mots.<\/p>\n<p>    Des ressources pour changer le regard<br \/>\n\u00ab\u00a0Jusqu\u2019au d\u00e9but des ann\u00e9es 1990, le b\u00e9gaiement est abord\u00e9 en France de fa\u00e7on tr\u00e8s psychanalytique\u00a0\u00bb, explique Christine Tournier, orthophoniste. \u00ab\u00a0On partait syst\u00e9matiquement de l\u2019\u00e9tat \u00e9motionnel, de la sant\u00e9 mentale des gens, ce qui est d\u00e9sormais tout \u00e0 fait remis en cause\u00a0\u00bb. Aujourd\u2019hui, l\u2019association Parole b\u00e9gaiement milite pour la valorisation des personnes b\u00e8gues. Des podcasts fleurissent\u00a0: \u00ab<a href=\"https:\/\/www.instagram.com\/begues_in?utm_source=ig_web_button_share_sheet&amp;igsh=ZDNlZDc0MzIxNw%3D%3D\" target=\"_blank\" rel=\"nofollow noopener\">\u00a0b\u00e8gues in<\/a>\u00a0\u00bb de Louis Lawson, \u00ab<a href=\"https:\/\/ici.radio-canada.ca\/ohdio\/balados\/11673\/ca-prendra-ltemps-que-ca-prend-quete-dun-begue\" target=\"_blank\" rel=\"nofollow noopener\">\u00a0\u00c7a prendra le temps que \u00e7a prend<\/a>\u00a0\u00bb de Michel Montreuil (Radio Canada), \u00ab<a href=\"https:\/\/noiretbegue.fr\/\" target=\"_blank\" rel=\"nofollow noopener\">\u00a0Noir et b\u00e8gue\u00a0\u00bb<\/a> de Mike Muya ou encore \u00ab<a href=\"https:\/\/www.youtube.com\/channel\/UCVrvQ5TTdKXgyETaIwPBdJw\" target=\"_blank\" rel=\"nofollow noopener\">\u00a0je je je suis un podcast<\/a>\u00a0\u00bb.<br \/>\n    <script async src=\"\/\/www.instagram.com\/embed.js\"><\/script><\/p>\n","protected":false},"excerpt":{"rendered":"\u00ab\u00a0Il y a rarement une seule cause au b\u00e9gaiement\u00a0\u00bb En Charente, certains r\u00e9cits dessinent&#8230; \u00ab\u00a0Il y a rarement&hellip;\n","protected":false},"author":2,"featured_media":204172,"comment_status":"","ping_status":"","sticky":false,"template":"","format":"standard","meta":{"footnotes":""},"categories":[10],"tags":[1011,27,72,71],"class_list":{"0":"post-204171","1":"post","2":"type-post","3":"status-publish","4":"format-standard","5":"has-post-thumbnail","7":"category-sante","8":"tag-fr","9":"tag-france","10":"tag-health","11":"tag-sante"},"share_on_mastodon":{"url":"","error":""},"_links":{"self":[{"href":"https:\/\/www.europesays.com\/fr\/wp-json\/wp\/v2\/posts\/204171","targetHints":{"allow":["GET"]}}],"collection":[{"href":"https:\/\/www.europesays.com\/fr\/wp-json\/wp\/v2\/posts"}],"about":[{"href":"https:\/\/www.europesays.com\/fr\/wp-json\/wp\/v2\/types\/post"}],"author":[{"embeddable":true,"href":"https:\/\/www.europesays.com\/fr\/wp-json\/wp\/v2\/users\/2"}],"replies":[{"embeddable":true,"href":"https:\/\/www.europesays.com\/fr\/wp-json\/wp\/v2\/comments?post=204171"}],"version-history":[{"count":0,"href":"https:\/\/www.europesays.com\/fr\/wp-json\/wp\/v2\/posts\/204171\/revisions"}],"wp:featuredmedia":[{"embeddable":true,"href":"https:\/\/www.europesays.com\/fr\/wp-json\/wp\/v2\/media\/204172"}],"wp:attachment":[{"href":"https:\/\/www.europesays.com\/fr\/wp-json\/wp\/v2\/media?parent=204171"}],"wp:term":[{"taxonomy":"category","embeddable":true,"href":"https:\/\/www.europesays.com\/fr\/wp-json\/wp\/v2\/categories?post=204171"},{"taxonomy":"post_tag","embeddable":true,"href":"https:\/\/www.europesays.com\/fr\/wp-json\/wp\/v2\/tags?post=204171"}],"curies":[{"name":"wp","href":"https:\/\/api.w.org\/{rel}","templated":true}]}}