{"id":204178,"date":"2025-06-25T21:28:09","date_gmt":"2025-06-25T21:28:09","guid":{"rendered":"https:\/\/www.europesays.com\/fr\/204178\/"},"modified":"2025-06-25T21:28:09","modified_gmt":"2025-06-25T21:28:09","slug":"utilisation-le-dimanche-dematerialisation-les-nouvelles-regles-presentees","status":"publish","type":"post","link":"https:\/\/www.europesays.com\/fr\/204178\/","title":{"rendered":"utilisation le dimanche, d\u00e9mat\u00e9rialisation&#8230; les nouvelles r\u00e8gles pr\u00e9sent\u00e9es"},"content":{"rendered":"<p>\u00ab\u00a0Cette r\u00e9forme simplifie, s\u00e9curise et modernise le titre-restaurant, auquel tous les Fran\u00e7ais sont attach\u00e9s\u00a0\u00bb, a indiqu\u00e9 la ministre dans un entretien au <a href=\"https:\/\/www.leparisien.fr\/economie\/veronique-louwagie-sur-les-titres-restaurant-tous-les-salaries-pourront-les-utiliser-le-dimanche-25-06-2025-IPVBTY2MOZD6LFOAWWZT4QHM54.php\" target=\"_blank\" rel=\"noopener\">Parisien <\/a>mis en ligne mercredi.<\/p>\n<p>N\u00e9s \u00e0 la fin des ann\u00e9es 1960 en France, les <a href=\"https:\/\/www.laprovence.com\/article\/politique\/2367274549251215\/a-partir-de-janvier-les-titres-restaurant-ne-pourront-plus-etre-utilises-au-supermarche\" target=\"_blank\" rel=\"noopener\">titres-restaurant<\/a> sont utilis\u00e9s aujourd&rsquo;hui par plus de cinq\u00a0millions de salari\u00e9s pour r\u00e9gler des repas et des courses alimentaires chez quelque 244.000 commer\u00e7ants.<\/p>\n<p>La r\u00e9forme, en gestation depuis deux ans, mais retard\u00e9e par les changements de gouvernement, doit permettre de moderniser le syst\u00e8me tout en \u00ab\u00a0incitant davantage \u00e0 la consommation\u00a0\u00bb,\u00a0a indiqu\u00e9 le minist\u00e8re \u00e0 l&rsquo;AFP.<\/p>\n<p>La forme qu&rsquo;elle prendra (projet ou proposition de loi) n&rsquo;est pas encore arr\u00eat\u00e9e ni son calendrier, le minist\u00e8re souhaitant qu&rsquo;elle soit d\u00e9battue avant fin 2026.<\/p>\n<p>Le point le plus sensible \u00e9tait l&rsquo;utilisation des tickets pour r\u00e9gler toutes les courses alimentaires en supermarch\u00e9 (sauf l&rsquo;alcool, les confiseries, les produits infantiles et les aliments animaliers), un dispositif temporaire lanc\u00e9 en 2022 et prorog\u00e9 chaque ann\u00e9e depuis.\u00a0<\/p>\n<p>Il est actuellement en vigueur jusqu&rsquo;\u00e0 fin 2026 et son dernier renouvellement avait \u00e9t\u00e9 un peu chaotique, le calendrier parlementaire ayant \u00e9t\u00e9 bouscul\u00e9 par la censure du gouvernement.<\/p>\n<p>Critiqu\u00e9 par les restaurateurs qui y voient un manque \u00e0 gagner, chiffr\u00e9 \u00e0 plus d&rsquo;un milliard d&rsquo;euros sur deux ans par la principale organisation du secteur, l&rsquo;Umih, le dispositif est tr\u00e8s populaire aupr\u00e8s des salari\u00e9s.<\/p>\n<p>Pour le gouvernement, il s&rsquo;agit \u00ab\u00a0d&rsquo;encourager la consommation et de r\u00e9pondre aux nouveaux usages\u00a0\u00bb, avec 6 Fran\u00e7ais sur 10 qui apportent leur repas fait maison sur leur lieu de travail. Sans parler de la g\u00e9n\u00e9ralisation du t\u00e9l\u00e9travail.<\/p>\n<p>Pour inciter \u00e0 la consommation, il ne sera plus possible de prolonger la validit\u00e9 des titres au-del\u00e0 d&rsquo;un an.<\/p>\n<p>Le plafond quotidien, fix\u00e9 \u00e0 25 euros, reste inchang\u00e9, mais l&rsquo;utilisation sera possible tous les jours de la semaine, y compris le dimanche, sauf les <a href=\"https:\/\/www.laprovence.com\/article\/societe\/1381333367358414\/lundi-de-pentecote-sagit-il-aussi-dun-jour-ferie-pour-les-enfants-ou-doivent-ils-aller-a-lecole\" target=\"_blank\" rel=\"noopener\">jours f\u00e9ri\u00e9s<\/a>, et dans toute la France (aujourd&rsquo;hui elle est limit\u00e9e aux d\u00e9partements limitrophes du lieu de travail).<\/p>\n<p>La d\u00e9mat\u00e9rialisation, pr\u00e9vue pour 2027, doit permettre de simplifier les d\u00e9marches des commer\u00e7ants et de faire baisser les frais qu&rsquo;ils payent aux \u00e9metteurs tandis que les employ\u00e9s pourront r\u00e9gler au centime pr\u00e8s.<\/p>\n<p><img alt=\"\" loading=\"lazy\" width=\"18\" height=\"18\" decoding=\"async\" data-nimg=\"1\" class=\"mx-[8px]\" style=\"color:transparent\" src=\"https:\/\/www.laprovence.com\/_next\/static\/media\/comment.b95dda91.svg\"\/>D\u00e9marrez la conversation<\/p>\n<p class=\"text-[1.8rem] mt-[32px]\">Votre opinion compte pour nous. Rejoignez la communaut\u00e9 laprovence.com en r\u00e9agissant sur l&rsquo;article Titres-restaurant : utilisation le dimanche, d\u00e9mat\u00e9rialisation&#8230; la r\u00e9forme pr\u00e9sent\u00e9e, voici ce qui change.<\/p>\n","protected":false},"excerpt":{"rendered":"\u00ab\u00a0Cette r\u00e9forme simplifie, s\u00e9curise et modernise le titre-restaurant, auquel tous les Fran\u00e7ais sont attach\u00e9s\u00a0\u00bb, a indiqu\u00e9 la ministre&hellip;\n","protected":false},"author":2,"featured_media":204179,"comment_status":"","ping_status":"","sticky":false,"template":"","format":"standard","meta":{"footnotes":""},"categories":[6],"tags":[17,35,34304,6664,33,34,1011,27,34104,4190,104,34302,34303,6013],"class_list":{"0":"post-204178","1":"post","2":"type-post","3":"status-publish","4":"format-standard","5":"has-post-thumbnail","7":"category-economie","8":"tag-17","9":"tag-business","10":"tag-dematerialisation","11":"tag-dimanche","12":"tag-economie","13":"tag-economy","14":"tag-fr","15":"tag-france","16":"tag-presentee","17":"tag-reforme","18":"tag-societe","19":"tag-titres-restaurant","20":"tag-utilisation","21":"tag-voici"},"share_on_mastodon":{"url":"https:\/\/pubeurope.com\/@fr\/114746130743893853","error":""},"_links":{"self":[{"href":"https:\/\/www.europesays.com\/fr\/wp-json\/wp\/v2\/posts\/204178","targetHints":{"allow":["GET"]}}],"collection":[{"href":"https:\/\/www.europesays.com\/fr\/wp-json\/wp\/v2\/posts"}],"about":[{"href":"https:\/\/www.europesays.com\/fr\/wp-json\/wp\/v2\/types\/post"}],"author":[{"embeddable":true,"href":"https:\/\/www.europesays.com\/fr\/wp-json\/wp\/v2\/users\/2"}],"replies":[{"embeddable":true,"href":"https:\/\/www.europesays.com\/fr\/wp-json\/wp\/v2\/comments?post=204178"}],"version-history":[{"count":0,"href":"https:\/\/www.europesays.com\/fr\/wp-json\/wp\/v2\/posts\/204178\/revisions"}],"wp:featuredmedia":[{"embeddable":true,"href":"https:\/\/www.europesays.com\/fr\/wp-json\/wp\/v2\/media\/204179"}],"wp:attachment":[{"href":"https:\/\/www.europesays.com\/fr\/wp-json\/wp\/v2\/media?parent=204178"}],"wp:term":[{"taxonomy":"category","embeddable":true,"href":"https:\/\/www.europesays.com\/fr\/wp-json\/wp\/v2\/categories?post=204178"},{"taxonomy":"post_tag","embeddable":true,"href":"https:\/\/www.europesays.com\/fr\/wp-json\/wp\/v2\/tags?post=204178"}],"curies":[{"name":"wp","href":"https:\/\/api.w.org\/{rel}","templated":true}]}}