{"id":204186,"date":"2025-06-25T21:32:09","date_gmt":"2025-06-25T21:32:09","guid":{"rendered":"https:\/\/www.europesays.com\/fr\/204186\/"},"modified":"2025-06-25T21:32:09","modified_gmt":"2025-06-25T21:32:09","slug":"un-ado-vol-la-voiture-quil-venait-de-reparer-a-saint-etienne","status":"publish","type":"post","link":"https:\/\/www.europesays.com\/fr\/204186\/","title":{"rendered":"UN ADO VOL LA VOITURE QU&rsquo;IL VENAIT DE R\u00c9PARER \u00c0 SAINT-\u00c9TIENNE"},"content":{"rendered":"<p>Son v\u00e9hicule refuse de d\u00e9marrer \u00e0 cause d\u2019une batterie d\u00e9faillante, situation classique mais particuli\u00e8rement ennuyeuse en pleine nuit. Face \u00e0 ce probl\u00e8me m\u00e9canique, le conducteur fait appel \u00e0 un groupe de jeunes pr\u00e9sents dans les environs. La solution trouv\u00e9e est simple : l\u2019un d\u2019eux prend place derri\u00e8re le volant pendant que le propri\u00e9taire pousse son automobile par l\u2019arri\u00e8re pour la faire red\u00e9marrer.<\/p>\n<p>La man\u0153uvre s\u2019av\u00e8re efficace et le moteur se remet en marche. Probl\u00e8me r\u00e9solu ? Pas exactement. Car l\u2019adolescent de 16 ans install\u00e9 aux commandes d\u00e9cide de prolonger l\u2019exp\u00e9rience et file avec le v\u00e9hicule, laissant le propri\u00e9taire sur le carreau.<\/p>\n<p>Interpellation pr\u00e8s du square Violette<\/p>\n<p>Les forces de l\u2019ordre parviennent rapidement \u00e0 localiser le jeune fugueur automobile dans les parages du square Violette. Son tr\u00e8s jeune \u00e2ge attire l\u2019attention des policiers qui proc\u00e8dent \u00e0 son interpellation sans difficult\u00e9.<\/p>\n<p>Plac\u00e9 en garde \u00e0 vue pour \u00eatre entendu sur les faits, le mineur devra r\u00e9pondre de conduite sans permis de conduire devant la justice. Une infraction qui pourrait lui co\u00fbter cher malgr\u00e9 son \u00e2ge.<\/p>\n<p>Pas de plainte du propri\u00e9taire<\/p>\n<p>Fait notable dans cette affaire : le conducteur victime de ce vol pour le moins original a choisi de ne pas d\u00e9poser plainte contre son \u00ab\u00a0d\u00e9panneur\u00a0\u00bb improvis\u00e9. Une mansu\u00e9tude qui n\u2019emp\u00eachera pas les poursuites judiciaires pour l\u2019infraction routi\u00e8re constat\u00e9e par les policiers.<\/p>\n<p>Cette m\u00e9saventure rappelle que m\u00eame les gestes d\u2019entraide peuvent parfois tourner \u00e0 l\u2019impr\u00e9vu, surtout quand on confie les cl\u00e9s de sa voiture \u00e0 un inconnu\u2026<\/p>\n","protected":false},"excerpt":{"rendered":"Son v\u00e9hicule refuse de d\u00e9marrer \u00e0 cause d\u2019une batterie d\u00e9faillante, situation classique mais particuli\u00e8rement ennuyeuse en pleine nuit.&hellip;\n","protected":false},"author":2,"featured_media":204187,"comment_status":"","ping_status":"","sticky":false,"template":"","format":"standard","meta":{"footnotes":""},"categories":[9653],"tags":[1111,11,2430,1777,674,118,1011,27,3367,12,25,4001],"class_list":{"0":"post-204186","1":"post","2":"type-post","3":"status-publish","4":"format-standard","5":"has-post-thumbnail","7":"category-saint-etienne","8":"tag-actu","9":"tag-actualites","10":"tag-auvergne-rhone-alpes","11":"tag-eu","12":"tag-europe","13":"tag-faits-divers","14":"tag-fr","15":"tag-france","16":"tag-loire","17":"tag-news","18":"tag-republique-francaise","19":"tag-saint-etienne"},"share_on_mastodon":{"url":"https:\/\/pubeurope.com\/@fr\/114746146501806565","error":""},"_links":{"self":[{"href":"https:\/\/www.europesays.com\/fr\/wp-json\/wp\/v2\/posts\/204186","targetHints":{"allow":["GET"]}}],"collection":[{"href":"https:\/\/www.europesays.com\/fr\/wp-json\/wp\/v2\/posts"}],"about":[{"href":"https:\/\/www.europesays.com\/fr\/wp-json\/wp\/v2\/types\/post"}],"author":[{"embeddable":true,"href":"https:\/\/www.europesays.com\/fr\/wp-json\/wp\/v2\/users\/2"}],"replies":[{"embeddable":true,"href":"https:\/\/www.europesays.com\/fr\/wp-json\/wp\/v2\/comments?post=204186"}],"version-history":[{"count":0,"href":"https:\/\/www.europesays.com\/fr\/wp-json\/wp\/v2\/posts\/204186\/revisions"}],"wp:featuredmedia":[{"embeddable":true,"href":"https:\/\/www.europesays.com\/fr\/wp-json\/wp\/v2\/media\/204187"}],"wp:attachment":[{"href":"https:\/\/www.europesays.com\/fr\/wp-json\/wp\/v2\/media?parent=204186"}],"wp:term":[{"taxonomy":"category","embeddable":true,"href":"https:\/\/www.europesays.com\/fr\/wp-json\/wp\/v2\/categories?post=204186"},{"taxonomy":"post_tag","embeddable":true,"href":"https:\/\/www.europesays.com\/fr\/wp-json\/wp\/v2\/tags?post=204186"}],"curies":[{"name":"wp","href":"https:\/\/api.w.org\/{rel}","templated":true}]}}