{"id":204190,"date":"2025-06-25T21:34:17","date_gmt":"2025-06-25T21:34:17","guid":{"rendered":"https:\/\/www.europesays.com\/fr\/204190\/"},"modified":"2025-06-25T21:34:17","modified_gmt":"2025-06-25T21:34:17","slug":"coups-de-chaud-dans-la-metropole","status":"publish","type":"post","link":"https:\/\/www.europesays.com\/fr\/204190\/","title":{"rendered":"coups de chaud dans la M\u00e9tropole"},"content":{"rendered":"<p>Depuis quelques jours, les forces de l\u2019ordre sont alert\u00e9es pour des violences conjugales dans le p\u00e9rim\u00e8tre de la M\u00e9tropole du Grand Nancy, notamment.<\/p>\n<p>Lundi, aux alentours de 23\u00a0h\u00a045, la brigade anticriminalit\u00e9 est intervenue rue Aristide-Briand, \u00e0 Vand\u0153uvre-l\u00e8s-Nancy, non loin du magasin Lidl. Alors que, dans une voiture, le ton monte haut au sein d\u2019un couple, un habitant du secteur intime \u00e0 l\u2019homme, \u00e2g\u00e9 de 19 ans, de se calmer.<\/p>\n<p>Celui-ci lui demande alors de venir\u2026 Et de s\u2019expliquer. Ce que le Vandop\u00e9rien fait, mais il n\u2019aura pas le temps d\u2019arriver au v\u00e9hicule\u2026 Le conducteur mettant les gaz et le percutant violemment.<\/p>\n<p>S\u00e9rieusement bless\u00e9e \u00e0 l\u2019\u00e9paule, la victime, \u00e2g\u00e9e de 25 ans, s\u2019est vue prescrire douze jours ITT. Interpell\u00e9 et plac\u00e9 en garde \u00e0 vue \u2013 inconnu des services de police -, le chauffard a minimis\u00e9 les faits, \u00e9voquant tout juste un accident b\u00e9nin\u2026 Involontaire.<\/p>\n<p>De son c\u00f4t\u00e9, la jeune femme a pris la d\u00e9fense de son cher et tendre, expliquant aux policiers que ce dernier n\u2019a pas \u00e9t\u00e9 violent. Quoi qu\u2019il en soit, il devra s\u2019expliquer devant le tribunal correctionnel de Nancy ce vendredi.<\/p>\n<p>Mardi, c\u2019est du c\u00f4t\u00e9 de la paisible commune de Dommartemont qu\u2019un \u00e9quipage de police secours a d\u00fb se rendre suite \u00e0 l\u2019alerte donn\u00e9e par un passant, \u00e0 13\u00a0h\u00a035. L\u2019homme a \u00e9t\u00e9 t\u00e9moin d\u2019une altercation entre deux concubines. Claques, \u00e9changes de coups de poing et d\u00e9but d\u2019\u00e9tranglement\u2026 La situation est tendue au point que les jeunes femmes \u2013 \u00e2g\u00e9es de 29 et 30 ans \u2013 sont plac\u00e9es en garde \u00e0 vue.<\/p>\n<p>De quoi faire redescendre la pression, les deux protagonistes pr\u00e9sentant des excuses r\u00e9ciproques\u2026 Avant d\u2019\u00eatre remises en libert\u00e9 munies d\u2019une convocation pour un stage de pr\u00e9vention et de lutte contre les violences.<\/p>\n","protected":false},"excerpt":{"rendered":"Depuis quelques jours, les forces de l\u2019ordre sont alert\u00e9es pour des violences conjugales dans le p\u00e9rim\u00e8tre de la&hellip;\n","protected":false},"author":2,"featured_media":204191,"comment_status":"","ping_status":"","sticky":false,"template":"","format":"standard","meta":{"footnotes":""},"categories":[9635],"tags":[1111,11,271,272,1704,1777,674,274,1011,27,775,3457,1702,1703,12,25],"class_list":{"0":"post-204190","1":"post","2":"type-post","3":"status-publish","4":"format-standard","5":"has-post-thumbnail","7":"category-nancy","8":"tag-actu","9":"tag-actualites","10":"tag-crime","11":"tag-delit-et-contravention","12":"tag-edition-nancy-et-agglomeration","13":"tag-eu","14":"tag-europe","15":"tag-faits-divers-justice","16":"tag-fr","17":"tag-france","18":"tag-grand-est","19":"tag-meurthe-et-moselle","20":"tag-nancy","21":"tag-nancy-ville-54b","22":"tag-news","23":"tag-republique-francaise"},"share_on_mastodon":{"url":"https:\/\/pubeurope.com\/@fr\/114746154253359317","error":""},"_links":{"self":[{"href":"https:\/\/www.europesays.com\/fr\/wp-json\/wp\/v2\/posts\/204190","targetHints":{"allow":["GET"]}}],"collection":[{"href":"https:\/\/www.europesays.com\/fr\/wp-json\/wp\/v2\/posts"}],"about":[{"href":"https:\/\/www.europesays.com\/fr\/wp-json\/wp\/v2\/types\/post"}],"author":[{"embeddable":true,"href":"https:\/\/www.europesays.com\/fr\/wp-json\/wp\/v2\/users\/2"}],"replies":[{"embeddable":true,"href":"https:\/\/www.europesays.com\/fr\/wp-json\/wp\/v2\/comments?post=204190"}],"version-history":[{"count":0,"href":"https:\/\/www.europesays.com\/fr\/wp-json\/wp\/v2\/posts\/204190\/revisions"}],"wp:featuredmedia":[{"embeddable":true,"href":"https:\/\/www.europesays.com\/fr\/wp-json\/wp\/v2\/media\/204191"}],"wp:attachment":[{"href":"https:\/\/www.europesays.com\/fr\/wp-json\/wp\/v2\/media?parent=204190"}],"wp:term":[{"taxonomy":"category","embeddable":true,"href":"https:\/\/www.europesays.com\/fr\/wp-json\/wp\/v2\/categories?post=204190"},{"taxonomy":"post_tag","embeddable":true,"href":"https:\/\/www.europesays.com\/fr\/wp-json\/wp\/v2\/tags?post=204190"}],"curies":[{"name":"wp","href":"https:\/\/api.w.org\/{rel}","templated":true}]}}