{"id":204192,"date":"2025-06-25T21:35:16","date_gmt":"2025-06-25T21:35:16","guid":{"rendered":"https:\/\/www.europesays.com\/fr\/204192\/"},"modified":"2025-06-25T21:35:16","modified_gmt":"2025-06-25T21:35:16","slug":"nancy-des-enseignes-disent-non-aux-soldes","status":"publish","type":"post","link":"https:\/\/www.europesays.com\/fr\/204192\/","title":{"rendered":"Nancy. Des enseignes disent \u00ab\u00a0non\u00a0\u00bb aux soldes"},"content":{"rendered":"<p>C\u2019est sous un soleil de plomb que les soldes d\u2019\u00e9t\u00e9 se sont ouverts ce 25\u00a0juin pour se poursuivre jusqu\u2019au 22\u00a0juillet. Dans de nombreuses boutiques les promotions fleurissent en vitrine. Cependant, certaines enseignes refusent de prendre part aux soldes, privil\u00e9giant d\u2019autres strat\u00e9gies.<\/p>\n<p>  \u00ab\u00a0Des prix justes\u00a0\u00bb<\/p>\n<p>Juba Hamnouche, vendeur chez Caba\u00efa, r\u00e9ceptionne une nouvelle commande. Mais dans le lot, aucun produit sold\u00e9. \u00ab\u00a0Nous ne participons pas aux soldes, mais nous proposons quelques r\u00e9ductions sur la seconde main, ainsi que des \u201cderni\u00e8res chances\u201d pour les fins de s\u00e9rie.\u00a0\u00bb Un choix assum\u00e9 par l\u2019enseigne qui affirme pratiquer des prix justes toute l\u2019ann\u00e9e, sans ressentir le besoin de \u00ab\u00a0brader les sacs\u00a0\u00bb. Dans les faits ils fonctionnent sur le principe de deux collections par an, et commandent en petite quantit\u00e9 au lancement pour \u00e9viter le surplus. N\u2019oublions pas qu\u2019\u00e0 l\u2019origine les soldes ont pour principal objectif d\u2019aider les commer\u00e7ants \u00e0 soulager leurs stocks d\u2019invendus. Juba Hamnouche constate alors que les clients n\u2019attendent pas une p\u00e9riode sp\u00e9cifique pour acheter leurs produits.<\/p>\n<p>Mais pour contrebalancer l\u2019absence de soldes, la boutique mise sur d\u2019autres leviers de fid\u00e9lisation. \u00ab\u00a0Une relation de confiance, des produits garantis \u00e0 vie, des codes promo pour les anniversaires.\u00a0\u00bb Et m\u00eame une \u00ab\u00a0roue du bonheur\u00a0\u00bb qui, \u00e0 chaque passage en caisse, peut offrir des cadeaux aux clients.<\/p>\n<p>  \u00ab\u00a0Un engagement \u00e9coresponsable\u00a0\u00bb<\/p>\n<p>La marque 1083, vendue au sein de la boutique coop\u00e9rative Vet Ethic, refuse \u00e9galement de participer aux soldes depuis leur lancement en 2013. L\u2019enseigne \u00ab\u00a0invite \u00e0 repenser la fa\u00e7on de consommer.\u00a0\u00bb Elle mise alors sur des produits de qualit\u00e9 con\u00e7us pour durer.<\/p>\n<p>Une philosophie partag\u00e9e par l\u2019\u00e9quipe de la boutique Dao. Celle qui vient de c\u00e9l\u00e9brer son 11 e anniversaire le week-end pass\u00e9, n\u2019a jamais particip\u00e9 aux soldes. Pas de r\u00e9duction en cours d\u2019ann\u00e9e non plus. M\u00eame cause, m\u00eame pr\u00e9occupation, \u00ab\u00a0vendre au bon prix, avec peu de marge.\u00a0\u00bb<\/p>\n<p>Leur atelier pr\u00e9sent \u00e0 Max\u00e9ville leur permet une meilleure gestion des stocks et de relancer la production si besoin. \u00ab\u00a0C\u2019est l\u2019avantage de fabriquer soi-m\u00eame\u00a0\u00bb, souligne Laura Saxe, responsable de la boutique. Leur moyen de fid\u00e9liser leurs clients\u00a0? \u00ab\u00a0Des produits de qualit\u00e9 et un engagement \u00e9coresponsable.\u00a0\u00bb<\/p>\n<p>Install\u00e9e \u00e0 la table de couture, Laura Saxe r\u00e9alise des ourlets. Et pas question de jeter les chutes, les tissus sont transform\u00e9s en chouchou, en porte-monnaie, par sa coll\u00e8gue Lylan Colson, conseill\u00e8re.<\/p>\n<p>De son c\u00f4t\u00e9, S\u00e9bastien Duchovicz, pr\u00e9sident des vitrines de Nancy et directeur de la boutique Father &amp; Sons, aurait tendance \u00e0 prendre le contrepied de ce discours\u00a0: \u00ab\u00a0Nous vivons dans une soci\u00e9t\u00e9 de consommation.\u00a0\u00bb Alors, selon lui, l\u2019objectif des soldes est aussi \u00ab\u00a0de cr\u00e9er une dynamique commerciale, en respectant les p\u00e9riodes de promotion.\u00a0\u00bb<\/p>\n<p>Et, il faut le dire, par ce temps, la climatisation reste une bonne raison de pousser la porte.<\/p>\n","protected":false},"excerpt":{"rendered":"C\u2019est sous un soleil de plomb que les soldes d\u2019\u00e9t\u00e9 se sont ouverts ce 25\u00a0juin pour se poursuivre&hellip;\n","protected":false},"author":2,"featured_media":204193,"comment_status":"","ping_status":"","sticky":false,"template":"","format":"standard","meta":{"footnotes":""},"categories":[9635],"tags":[1111,11,33,1704,1777,674,1011,27,775,1702,1703,12,25],"class_list":{"0":"post-204192","1":"post","2":"type-post","3":"status-publish","4":"format-standard","5":"has-post-thumbnail","7":"category-nancy","8":"tag-actu","9":"tag-actualites","10":"tag-economie","11":"tag-edition-nancy-et-agglomeration","12":"tag-eu","13":"tag-europe","14":"tag-fr","15":"tag-france","16":"tag-grand-est","17":"tag-nancy","18":"tag-nancy-ville-54b","19":"tag-news","20":"tag-republique-francaise"},"share_on_mastodon":{"url":"https:\/\/pubeurope.com\/@fr\/114746158172992888","error":""},"_links":{"self":[{"href":"https:\/\/www.europesays.com\/fr\/wp-json\/wp\/v2\/posts\/204192","targetHints":{"allow":["GET"]}}],"collection":[{"href":"https:\/\/www.europesays.com\/fr\/wp-json\/wp\/v2\/posts"}],"about":[{"href":"https:\/\/www.europesays.com\/fr\/wp-json\/wp\/v2\/types\/post"}],"author":[{"embeddable":true,"href":"https:\/\/www.europesays.com\/fr\/wp-json\/wp\/v2\/users\/2"}],"replies":[{"embeddable":true,"href":"https:\/\/www.europesays.com\/fr\/wp-json\/wp\/v2\/comments?post=204192"}],"version-history":[{"count":0,"href":"https:\/\/www.europesays.com\/fr\/wp-json\/wp\/v2\/posts\/204192\/revisions"}],"wp:featuredmedia":[{"embeddable":true,"href":"https:\/\/www.europesays.com\/fr\/wp-json\/wp\/v2\/media\/204193"}],"wp:attachment":[{"href":"https:\/\/www.europesays.com\/fr\/wp-json\/wp\/v2\/media?parent=204192"}],"wp:term":[{"taxonomy":"category","embeddable":true,"href":"https:\/\/www.europesays.com\/fr\/wp-json\/wp\/v2\/categories?post=204192"},{"taxonomy":"post_tag","embeddable":true,"href":"https:\/\/www.europesays.com\/fr\/wp-json\/wp\/v2\/tags?post=204192"}],"curies":[{"name":"wp","href":"https:\/\/api.w.org\/{rel}","templated":true}]}}