{"id":204194,"date":"2025-06-25T21:36:10","date_gmt":"2025-06-25T21:36:10","guid":{"rendered":"https:\/\/www.europesays.com\/fr\/204194\/"},"modified":"2025-06-25T21:36:10","modified_gmt":"2025-06-25T21:36:10","slug":"avec-35c-cest-lenfer-dans-les-classes-a-la-demande-des-parents-la-ville-installe-pres-de-300-ventilateurs-dans-les-ecoles-de-la-seyne","status":"publish","type":"post","link":"https:\/\/www.europesays.com\/fr\/204194\/","title":{"rendered":"\u00ab\u00a0Avec 35\u00b0C, c&rsquo;est l&rsquo;enfer dans les classes\u00a0\u00bb: \u00e0 la demande des parents, la Ville installe pr\u00e8s de 300 ventilateurs dans les \u00e9coles de La Seyne"},"content":{"rendered":"<p>Durant le week-end, les alertes de parents d\u2019\u00e9l\u00e8ves se sont multipli\u00e9es sur les r\u00e9seaux sociaux. Entre autres: \u00ab\u00a0<strong>Mes enfants sont \u00e0 Jules-Verne et il fait 35 degr\u00e9s dans les classes.<\/strong> Les enfants sont oblig\u00e9s de rester dans la cour plus longtemps car dans les classes, c\u2019est l\u2019enfer\u00a0\u00bb, assure une maman.<\/p>\n<p>Des situations comparables ont \u00e9t\u00e9 rapport\u00e9es dans les \u00e9coles <strong>Toussaint-Merle, Victor-Hugo, J.-B. Martini<\/strong>, ou encore \u00e0 la <strong>maternelle Jean-Jacques-Rousseau<\/strong> o\u00f9, en d\u00e9sespoir de cause, des parents d\u2019\u00e9l\u00e8ves ont pris l\u2019initiative de rassembler eux-m\u00eames des ventilateurs.<\/p>\n<p>Comme l\u2019explique <strong>Julie Bena\u00efm<\/strong>, pr\u00e9sidente des parents \u00e9lus de cette \u00e9cole: \u00ab\u00a0Face aux temp\u00e9ratures excessives depuis quelques jours, nous avons lanc\u00e9 un appel aux dons (ou pr\u00eats). En quelques heures, nous avons pu r\u00e9colter pr\u00e8s de 15 ventilateurs ou climatisations mobiles pour notre \u00e9cole.\u00a0\u00bb<\/p>\n<p>Une r\u00e9action rapide <\/p>\n<p>Attentif aux r\u00e9seaux sociaux, <strong>le maire Jo Minniti<\/strong> <strong>dit avoir vu ces messages durant le week-end et \u00ab\u00a0d\u00e9couvert ce probl\u00e8me\u00a0\u00bb dont il n\u2019avait <\/strong><strong>\u00ab\u00a0pas connaissance\u00a0\u00bb.<\/strong> <\/p>\n<p>\u00ab\u00a0Mais d\u00e8s lundi matin, explique-t-il, j\u2019ai demand\u00e9 qu\u2019on appelle tous les directeurs d\u2019\u00e9cole pour conna\u00eetre leurs besoins. Dans la foul\u00e9e, on est all\u00e9 acheter des ventilateurs dans une grande enseigne de bricolage. Il y avait 150 en stock. On a tout pris et on a demand\u00e9 \u00e0 en avoir d\u2019autres, qu\u2019on a r\u00e9cup\u00e9r\u00e9s hier. <strong>Au total, ce sont 280 ventilateurs qui ont \u00e9t\u00e9 acquis, pour un montant compris entre 7.000 et 8.000 euros. Et toutes les \u00e9coles devaient \u00eatre dot\u00e9es mardi soir.\u00a0\u00bb<\/strong><\/p>\n<p>Parmi les livraisons les plus importantes, indique la Ville: 32 ventilateurs ont \u00e9t\u00e9 fournis \u00e0 la maternelle Victor-Hugo et 22 pour l\u2019\u00e9l\u00e9mentaire, soit 54 appareils pour le groupe scolaire. Idem \u00e0 Jean-Jacques-Rousseau: 11 ventilateurs pour la maternelle et 43 pour l\u2019\u00e9l\u00e9mentaire. \u00c0 l\u2019\u00e9cole L\u00e9o-Lagrange, 27 appareils ont \u00e9t\u00e9 livr\u00e9s.<\/p>\n<p>                                Des parents satisfaits <\/p>\n<p>D\u00e8s hier, des parents d\u2019\u00e9l\u00e8ves ont r\u00e9agi \u00e0 cette d\u00e9cision. Une partie de ceux qui s\u2019expriment la salue: \u00ab\u00a0Bravo pour la r\u00e9activit\u00e9 de la mairie! Et bravo aux parents et enseignants qui se sont mobilis\u00e9s pour cette grande avanc\u00e9e.\u00a0\u00bb \u00ab\u00a0Certes, ajoute une m\u00e8re de famille, \u00e7a ne fera pas chuter les temp\u00e9ratures dans les classes, mais l&rsquo;air sera un peu plus supportable.\u00a0\u00bb<\/p>\n<p>\u00ab\u00a0C\u2019est merveilleux de se r\u00e9veiller \u00e0 la fin de l\u2019ann\u00e9e scolaire\u2026 Pourtant, dans le sud de la France, la chaleur c\u2019est tous les ans!\u00a0\u00bb, s\u2019agace un papa. \u00ab\u00a0Nos coups de gueule ont \u00e9t\u00e9 rapidement pris en compte alors que l&rsquo;ann\u00e9e derni\u00e8re, ils \u00e9taient rest\u00e9s vains\u00a0\u00bb, se r\u00e9jouit une maman. Au final, beaucoup s\u2019accordent sur le fait que, \u00ab\u00a0les ventilateurs, c\u2019est mieux que rien\u00a0\u00bb.<\/p>\n<p>Mais consid\u00e9rant que \u00ab\u00a0les temp\u00e9ratures seront de plus en plus \u00e9lev\u00e9es \u00e0 l\u2019avenir, et de plus en plus t\u00f4t dans l\u2019ann\u00e9e\u00a0\u00bb, certains demandent l\u2019installation de climatiseurs. Ainsi que la mise en place \u00ab\u00a0de brumisateurs dans la cour et, pour certaines \u00e9coles, des voiles d\u2019ombrage qui cr\u00e9ent des espaces rafra\u00eechissants\u00a0\u00bb.<\/p>\n<p>                                Gare aux chocs thermiques <\/p>\n<p>Interrog\u00e9 \u00e0 ce propos, le maire indique que<strong> la climatisation<\/strong>, \u00ab\u00a0ce n\u2019est pas si simple car, non seulement c\u2019est on\u00e9reux, mais en plus, certains ne la supportent pas. \u00c0 ma connaissance, ce n\u2019est pas l\u2019usage dans les \u00e9coles\u00a0\u00bb.<\/p>\n<p>Il est vrai que des <strong>m\u00e9decins estiment que climatiser peut provoquer des chocs thermiques<\/strong> \u00e0 cause de l\u2019\u00e9cart de temp\u00e9rature entre les salles d&rsquo;une m\u00eame \u00e9cole, ou de la diff\u00e9rence entre la temp\u00e9rature int\u00e9rieure et ext\u00e9rieure.<\/p>\n<p><strong>Les voiles d\u2019ombrage?<\/strong> \u00ab\u00a0Il faut voir, mais je pense qu\u2019avec le vent, ce n\u2019est pas possible partout\u00a0\u00bb, r\u00e9pond Jo Minniti.<\/p>\n<p>Quant aux <strong>brumisateurs dans les cours<\/strong>, \u00ab\u00a0cela peut \u00eatre une option \u00e0 \u00e9valuer avec les directeurs d\u2019\u00e9cole et le corps enseignant car <strong>cela peut provoquer du chahut et des attroupements devant les points d\u2019eau\u00a0\u00bb.<\/strong><\/p>\n<p>Au final, conclut le maire, \u00ab\u00a0l\u2019achat des ventilateurs (qui seront \u00e9galement utilis\u00e9s dans les centres a\u00e9r\u00e9s cet \u00e9t\u00e9), est une r\u00e9action dans l\u2019urgence, mais je suis conscient que ce n\u2019est ni suffisant ni d\u00e9finitif. Il faut donc poursuivre les am\u00e9nagements entam\u00e9s dans les \u00e9coles (voir ci-dessous) afin de parvenir \u00e0 les rafra\u00eechir de mani\u00e8re globale\u00a0\u00bb.<\/p>\n<p>Une \u00e9cole priv\u00e9e d\u2019eau <\/p>\n<p>Depuis lundi soir, <strong>l\u2019\u00e9cole C\u00e9dric-de-Pierrepont n\u2019a plus d\u2019eau potable, ni d\u2019eau pour les sanitaires et la cantine<\/strong>.<\/p>\n<p>Explication: une canalisation a rompu. \u00ab\u00a0On esp\u00e8re la remettre en fonctionnement en fin de semaine, une fois identifi\u00e9 l\u2019endroit o\u00f9 elle a cass\u00e9\u00a0\u00bb, indique-t-on en mairie. Cette derni\u00e8re fait aussi savoir que, \u00ab\u00a0dans l\u2019urgence, dix packs de six bouteilles d\u2019eau de 1,5 litre ont \u00e9t\u00e9 livr\u00e9s hier \u00e0 l\u2019\u00e9cole. Et on va r\u00e9approvisionner\u00a0\u00bb.<\/p>\n<p>En attendant la r\u00e9paration de la canalisation, un parent d\u2019\u00e9l\u00e8ve pr\u00e9cise que \u00ab\u00a0l\u2019\u00e9cole se d\u00e9brouille comme elle peut en demandant de l\u2019aide \u00e0 l\u2019\u00e9cole voisine, notamment pour l\u2019utilisation des toilettes pour les enfants\u00a0\u00bb.<\/p>\n<p>            Des am\u00e9nagements pour rafra\u00eechir<\/p>\n<p>La Ville indique qu\u2019elle a commenc\u00e9 \u00e0 poser des films anti-UV sur les vitres de certaines \u00e9coles: 50;000 euros ont ainsi \u00e9t\u00e9 d\u00e9pens\u00e9s cette ann\u00e9e \u00e0 Jean-Zay, L\u00e9o-Lagrange, Jean-Jacques-Rousseau, Jean-Jaur\u00e8s, Edouard-Vaillant et Victor-Hugo, identifi\u00e9es comme \u00ab\u00a0prioritaires\u00a0\u00bb.<\/p>\n<p>De plus, des brasseurs d\u2019air (plafonniers) ont \u00e9t\u00e9 install\u00e9s \u00e0 l\u2019\u00e9cole Victor-Hugo. Il est d\u2019ailleurs pr\u00e9vu d\u2019\u00e9quiper des salles dans toutes les \u00e9coles avec ce type de ventilateur au plafond.<\/p>\n<p>Par ailleurs, la Ville rappelle avoir engag\u00e9 des actions pour am\u00e9liorer l\u2019isolation des b\u00e2timents et changer les fen\u00eatres de certains \u00e9tablissements.<\/p>\n<p>Elle a aussi entam\u00e9 la d\u00e9simperm\u00e9abilisation des cours d\u2019\u00e9cole: en 2022 \u00e0 Toussaint-Merle, en 2023-24 \u00e0 L\u00e9o-Lagrange, en 2024-25 \u00e0 Victor-Hugo. Enfin, il est indiqu\u00e9 que des plantations d\u2019arbres ont \u00e9t\u00e9 effectu\u00e9es \u00e0 Martini, Saint-Exup\u00e9ry et Renan.<\/p>\n<p>L\u2019hiver prochain, une vingtaine d\u2019arbres seront aussi plant\u00e9s \u00e0 l\u2019\u00e9cole Toussaint-Merle et \u00e0 Jean-Jacques-Rousseau.<\/p>\n","protected":false},"excerpt":{"rendered":"Durant le week-end, les alertes de parents d\u2019\u00e9l\u00e8ves se sont multipli\u00e9es sur les r\u00e9seaux sociaux. Entre autres: \u00ab\u00a0Mes&hellip;\n","protected":false},"author":2,"featured_media":204195,"comment_status":"","ping_status":"","sticky":false,"template":"","format":"standard","meta":{"footnotes":""},"categories":[9619],"tags":[1111,11,1777,674,1011,27,12,882,25,2310,3366],"class_list":{"0":"post-204194","1":"post","2":"type-post","3":"status-publish","4":"format-standard","5":"has-post-thumbnail","7":"category-toulon","8":"tag-actu","9":"tag-actualites","10":"tag-eu","11":"tag-europe","12":"tag-fr","13":"tag-france","14":"tag-news","15":"tag-provence-alpes-cote-dazur","16":"tag-republique-francaise","17":"tag-toulon","18":"tag-vie-locale"},"share_on_mastodon":{"url":"https:\/\/pubeurope.com\/@fr\/114746162140661629","error":""},"_links":{"self":[{"href":"https:\/\/www.europesays.com\/fr\/wp-json\/wp\/v2\/posts\/204194","targetHints":{"allow":["GET"]}}],"collection":[{"href":"https:\/\/www.europesays.com\/fr\/wp-json\/wp\/v2\/posts"}],"about":[{"href":"https:\/\/www.europesays.com\/fr\/wp-json\/wp\/v2\/types\/post"}],"author":[{"embeddable":true,"href":"https:\/\/www.europesays.com\/fr\/wp-json\/wp\/v2\/users\/2"}],"replies":[{"embeddable":true,"href":"https:\/\/www.europesays.com\/fr\/wp-json\/wp\/v2\/comments?post=204194"}],"version-history":[{"count":0,"href":"https:\/\/www.europesays.com\/fr\/wp-json\/wp\/v2\/posts\/204194\/revisions"}],"wp:featuredmedia":[{"embeddable":true,"href":"https:\/\/www.europesays.com\/fr\/wp-json\/wp\/v2\/media\/204195"}],"wp:attachment":[{"href":"https:\/\/www.europesays.com\/fr\/wp-json\/wp\/v2\/media?parent=204194"}],"wp:term":[{"taxonomy":"category","embeddable":true,"href":"https:\/\/www.europesays.com\/fr\/wp-json\/wp\/v2\/categories?post=204194"},{"taxonomy":"post_tag","embeddable":true,"href":"https:\/\/www.europesays.com\/fr\/wp-json\/wp\/v2\/tags?post=204194"}],"curies":[{"name":"wp","href":"https:\/\/api.w.org\/{rel}","templated":true}]}}