{"id":204204,"date":"2025-06-25T21:41:17","date_gmt":"2025-06-25T21:41:17","guid":{"rendered":"https:\/\/www.europesays.com\/fr\/204204\/"},"modified":"2025-06-25T21:41:17","modified_gmt":"2025-06-25T21:41:17","slug":"pres-de-rouen-cette-maman-nouvelle-heroine-locale-grace-a-son-combat-contre-le-handicap","status":"publish","type":"post","link":"https:\/\/www.europesays.com\/fr\/204204\/","title":{"rendered":"Pr\u00e8s de Rouen, cette maman nouvelle h\u00e9ro\u00efne locale gr\u00e2ce \u00e0 son combat contre le handicap"},"content":{"rendered":"<p>            Par<br \/>\n        <strong><br \/>\n            <a href=\"https:\/\/actu.fr\/auteur\/emilien-jacques\" title=\"Consulter tous les articles de Emilien Jacques\" rel=\"nofollow noopener\" target=\"_blank\">Emilien Jacques<\/a><br \/>\n        <\/strong><\/p>\n<p>        Publi\u00e9 le<\/p>\n<p>            25 juin 2025 \u00e0 16h30        <\/p>\n<p>Le 18\u00a0juin 2025, Fatimata Camara, habitante d\u2019<a href=\"https:\/\/actu.fr\/normandie\/elbeuf_76231\" rel=\"nofollow noopener\" target=\"_blank\">Elbeuf (Seine-Maritime)<\/a>, a remport\u00e9 le concours <b>Mon H\u00e9ros Local<\/b>, organis\u00e9 par le CIC Nord Ouest, pour son petit <b>livret <\/b>destin\u00e9 aux parents et leurs <b>enfants <\/b>souffrant de <b>troubles autistiques<\/b>.<\/p>\n<p class=\" wall-content\">D\u00e9j\u00e0, en 2024, elle devenait <a href=\"https:\/\/actu.fr\/normandie\/elbeuf_76231\/pres-de-rouen-un-prix-pour-la-maman-qui-cree-un-livret-de-suivi-medical-pour-les-enfants-autistes_62009684.html\" rel=\"nofollow noopener\" target=\"_blank\">laur\u00e9ate du concours Cr\u00e9actifs de la M\u00e9tropole Rouen Normandie<\/a>. Son travail est aujourd\u2019hui \u00e0 nouveau r\u00e9compens\u00e9.<\/p>\n<p>Le carnet Mon Petit Camara<\/p>\n<p class=\" wall-content\">Le combat de Fatimata Camara a d\u00e9but\u00e9 il y a environ deux ans lorsque les premiers signes de troubles autistiques sont apparus chez son <b>fils <\/b>Souleymane, 6\u00a0ans \u00e0 l\u2019\u00e9poque. Commence un \u00ab\u2009parcours du combattant\u2009\u00bb pour cette m\u00e8re de trois enfants qui utilise ce terme pour qualifier son quotidien et celui de tous les parents dans sa situation.<\/p>\n<p class=\" wall-content\">Face \u00e0 cette \u00e9preuve, elle d\u00e9cide de ne pas rester passive. B\u00e9n\u00e9ficiant du fonds de participation des habitants mis en place par la municipalit\u00e9 d\u2019Elbeuf, Fatimata Camara cr\u00e9\u00e9 <b>Mon Petit Camara<\/b>, un carnet de liaison destin\u00e9 aux familles et aux professionnels de sant\u00e9.<\/p>\n<blockquote class=\"ac-article-quote wall-content\">\n<p>Cet outil a pour but de r\u00e9pondre aux probl\u00e9matiques que l\u2019on rencontre lorsqu\u2019on est parent d\u2019un enfant en situation de handicap.<\/p>\n<p>Fatimata Camara, cr\u00e9atrice de Mon Petit Camara<\/p><\/blockquote>\n<p>Vid\u00e9os : en ce moment sur Actu<\/p>\n<p class=\" wall-content\">Regrouper les <b>informations <\/b>des professionnels de sant\u00e9, favoriser la <b>communication <\/b>entre les intervenants et les familles, optimiser la prise de rendez-vous, telles sont les fonctions de ce carnet qui \u00ab\u2009all\u00e8ge la charge mentale des parents\u2009\u00bb, r\u00e9sume l\u2019entrepreneuse.<\/p>\n<p>Une nouvelle h\u00e9ro\u00efne locale<\/p>\n<p class=\" wall-content\">Le 18\u00a0juin 2025, au Hangar 10, sur les quais de Rouen, Fatimata Camara a pr\u00e9sent\u00e9 son <b>projet <\/b>au jury du concours Mon H\u00e9ros Local, et face \u00e0 un public bien garni. \u00ab\u2009C\u2019\u00e9tait impressionnant, mais il fallait relever le d\u00e9fi, on le fait pour les enfants\u2009\u00bb. Plus d\u2019un millier d\u2019inscrits, huit finalistes \u00e0 Rouen, et seulement trois <b>laur\u00e9ats<\/b>, dont la cr\u00e9atrice de Mon Petit Camara.<\/p>\n<p class=\" wall-content\">Une victoire et une avanc\u00e9e de plus dans le <b>combat <\/b>qu\u2019elle m\u00e8ne pour apporter une aide aux familles isol\u00e9es et d\u00e9munies face au handicap de leur enfant. \u00ab\u2009C\u2019est un message <b>d\u2019espoir <\/b>aux parents qui n\u2019osent pas en parler\u2009\u00bb, d\u00e9clare Fatimata Camara.<\/p>\n<p class=\" wall-content\">\u00ab\u2009C\u2019est une fiert\u00e9, on fait des petits pas, dans l\u2019id\u00e9e de sensibiliser au maximum\u2009\u00bb.<\/p>\n<p>Le combat continu<\/p>\n<p class=\" wall-content\">La maman de Souleymane, \u00e2g\u00e9 de 8\u00a0ans et scolaris\u00e9 en CP \u00e0 l\u2019\u00e9cole Moli\u00e8re d\u2019Elbeuf, n\u2019est que trop bien plac\u00e9e pour conna\u00eetre les <b>difficult\u00e9s <\/b>et les lacunes en termes d\u2019encadrement des enfants atteint d\u2019autisme.<\/p>\n<blockquote class=\"ac-article-quote wall-content\">\n<p>On veut alerter les pouvoirs publics sur la formation des enseignants et le manque de place au sein des structures sp\u00e9cialis\u00e9es.<\/p>\n<p>Fatimata Camara, cr\u00e9atrice de Mon Petit Camara<\/p><\/blockquote>\n<p class=\" wall-content\">Continuer \u00e0 <b>am\u00e9liorer <\/b>l\u2019outil Mon Petit Camara est son objectif constant. Pour cela, elle ambitionne d\u2019agrandir sa <b>communaut\u00e9 <\/b>via les r\u00e9seaux sociaux, et <b>d\u00e9velopper <\/b>son activit\u00e9 avec l\u2019aide des D\u00e9termin\u00e9s (Rouen) et d\u2019Incubastreet (Elbeuf), deux organismes d\u2019accompagnement \u00e0 l\u2019entrepreneuriat.<\/p>\n<p class=\" wall-content\">Et bien s\u00fbr, elle pourra compter sur le soutien de son fils Souleymane, dont \u00ab\u2009la joie de vivre\u2009\u00bb et les progr\u00e8s au quotidien sont la source <b>d\u2019inspiration <\/b>premi\u00e8re de Fatimata Camara.<\/p>\n<p>Retrouver le carnet Mon Petit Camara sur www.monpetitcamara.fr\u00c9galement disponible dans la libraire l\u2019Armiti\u00e8re, \u00e0 Rouen.<\/p>\n<p class=\" wall-content\">Suivez toute l\u2019actualit\u00e9 de vos villes et m\u00e9dias favoris en vous inscrivant \u00e0 <a href=\"https:\/\/moncompte.actu.fr\" title=\"D\u00e9couvez Mon Actu\" rel=\"nofollow noopener\" data-trk=\"{&quot;cta&quot;:{&quot;action&quot;:&quot;https:\\\/\\\/moncompte.actu.fr&quot;,&quot;category&quot;:&quot;mon compte&quot;,&quot;from&quot;:&quot;article footer&quot;,&quot;name&quot;:&quot;Mon actu&quot;,&quot;type&quot;:&quot;cta&quot;}}\" target=\"_blank\">Mon Actu<\/a>.<\/p>\n","protected":false},"excerpt":{"rendered":"Par Emilien Jacques Publi\u00e9 le 25 juin 2025 \u00e0 16h30 Le 18\u00a0juin 2025, Fatimata Camara, habitante d\u2019Elbeuf (Seine-Maritime),&hellip;\n","protected":false},"author":2,"featured_media":204205,"comment_status":"","ping_status":"","sticky":false,"template":"","format":"standard","meta":{"footnotes":""},"categories":[9587],"tags":[1111,11,1777,674,1011,27,1943,12,5161,25,9590,71,104],"class_list":{"0":"post-204204","1":"post","2":"type-post","3":"status-publish","4":"format-standard","5":"has-post-thumbnail","7":"category-rouen","8":"tag-actu","9":"tag-actualites","10":"tag-eu","11":"tag-europe","12":"tag-fr","13":"tag-france","14":"tag-handicap","15":"tag-news","16":"tag-normandie","17":"tag-republique-francaise","18":"tag-rouen","19":"tag-sante","20":"tag-societe"},"share_on_mastodon":{"url":"https:\/\/pubeurope.com\/@fr\/114746181786217585","error":""},"_links":{"self":[{"href":"https:\/\/www.europesays.com\/fr\/wp-json\/wp\/v2\/posts\/204204","targetHints":{"allow":["GET"]}}],"collection":[{"href":"https:\/\/www.europesays.com\/fr\/wp-json\/wp\/v2\/posts"}],"about":[{"href":"https:\/\/www.europesays.com\/fr\/wp-json\/wp\/v2\/types\/post"}],"author":[{"embeddable":true,"href":"https:\/\/www.europesays.com\/fr\/wp-json\/wp\/v2\/users\/2"}],"replies":[{"embeddable":true,"href":"https:\/\/www.europesays.com\/fr\/wp-json\/wp\/v2\/comments?post=204204"}],"version-history":[{"count":0,"href":"https:\/\/www.europesays.com\/fr\/wp-json\/wp\/v2\/posts\/204204\/revisions"}],"wp:featuredmedia":[{"embeddable":true,"href":"https:\/\/www.europesays.com\/fr\/wp-json\/wp\/v2\/media\/204205"}],"wp:attachment":[{"href":"https:\/\/www.europesays.com\/fr\/wp-json\/wp\/v2\/media?parent=204204"}],"wp:term":[{"taxonomy":"category","embeddable":true,"href":"https:\/\/www.europesays.com\/fr\/wp-json\/wp\/v2\/categories?post=204204"},{"taxonomy":"post_tag","embeddable":true,"href":"https:\/\/www.europesays.com\/fr\/wp-json\/wp\/v2\/tags?post=204204"}],"curies":[{"name":"wp","href":"https:\/\/api.w.org\/{rel}","templated":true}]}}