{"id":204206,"date":"2025-06-25T21:42:26","date_gmt":"2025-06-25T21:42:26","guid":{"rendered":"https:\/\/www.europesays.com\/fr\/204206\/"},"modified":"2025-06-25T21:42:26","modified_gmt":"2025-06-25T21:42:26","slug":"grenoble-un-bal-sur-la-place-sainte-claire-le-vendredi-4-juillet","status":"publish","type":"post","link":"https:\/\/www.europesays.com\/fr\/204206\/","title":{"rendered":"Grenoble. Un bal sur la place Sainte-Claire le vendredi 4 juillet"},"content":{"rendered":"<p>Dans le cadre de l\u2019op\u00e9ration \u201c Vendredi est une f\u00eate\u201d , les commer\u00e7ants de Grenoble proposeront un grand bal dans le centre historique le vendredi 4\u00a0juillet. Place Sainte-Claire, rue Auguste-Gach\u00e9 et rue de la Paix, chacun est invit\u00e9 \u00e0 venir danser avec un accueil festif dans les commerces, mais \u00e9galement des animations sur les terrasses des bars et restaurants.<\/p>\n<p class=\"note\">Vendredi 4\u00a0juillet de 17 h \u00e0 21 h, place Sainte-Claire, rue Auguste-Gach\u00e9 et rue de la Paix. Gratuit.<\/p>\n","protected":false},"excerpt":{"rendered":"Dans le cadre de l\u2019op\u00e9ration \u201c Vendredi est une f\u00eate\u201d , les commer\u00e7ants de Grenoble proposeront un grand&hellip;\n","protected":false},"author":2,"featured_media":204207,"comment_status":"","ping_status":"","sticky":false,"template":"","format":"standard","meta":{"footnotes":""},"categories":[9566],"tags":[1111,11,2430,1687,112,1777,674,1011,27,2731,2732,108,12,25,3140],"class_list":{"0":"post-204206","1":"post","2":"type-post","3":"status-publish","4":"format-standard","5":"has-post-thumbnail","7":"category-grenoble","8":"tag-actu","9":"tag-actualites","10":"tag-auvergne-rhone-alpes","11":"tag-culture-loisirs","12":"tag-edition-grenoble-agglomeration","13":"tag-eu","14":"tag-europe","15":"tag-fr","16":"tag-france","17":"tag-grenoble","18":"tag-grenoble-bassin","19":"tag-isere","20":"tag-news","21":"tag-republique-francaise","22":"tag-spectacle"},"share_on_mastodon":{"url":"https:\/\/pubeurope.com\/@fr\/114746185689335140","error":""},"_links":{"self":[{"href":"https:\/\/www.europesays.com\/fr\/wp-json\/wp\/v2\/posts\/204206","targetHints":{"allow":["GET"]}}],"collection":[{"href":"https:\/\/www.europesays.com\/fr\/wp-json\/wp\/v2\/posts"}],"about":[{"href":"https:\/\/www.europesays.com\/fr\/wp-json\/wp\/v2\/types\/post"}],"author":[{"embeddable":true,"href":"https:\/\/www.europesays.com\/fr\/wp-json\/wp\/v2\/users\/2"}],"replies":[{"embeddable":true,"href":"https:\/\/www.europesays.com\/fr\/wp-json\/wp\/v2\/comments?post=204206"}],"version-history":[{"count":0,"href":"https:\/\/www.europesays.com\/fr\/wp-json\/wp\/v2\/posts\/204206\/revisions"}],"wp:featuredmedia":[{"embeddable":true,"href":"https:\/\/www.europesays.com\/fr\/wp-json\/wp\/v2\/media\/204207"}],"wp:attachment":[{"href":"https:\/\/www.europesays.com\/fr\/wp-json\/wp\/v2\/media?parent=204206"}],"wp:term":[{"taxonomy":"category","embeddable":true,"href":"https:\/\/www.europesays.com\/fr\/wp-json\/wp\/v2\/categories?post=204206"},{"taxonomy":"post_tag","embeddable":true,"href":"https:\/\/www.europesays.com\/fr\/wp-json\/wp\/v2\/tags?post=204206"}],"curies":[{"name":"wp","href":"https:\/\/api.w.org\/{rel}","templated":true}]}}