{"id":204208,"date":"2025-06-25T21:43:22","date_gmt":"2025-06-25T21:43:22","guid":{"rendered":"https:\/\/www.europesays.com\/fr\/204208\/"},"modified":"2025-06-25T21:43:22","modified_gmt":"2025-06-25T21:43:22","slug":"grenoble-le-spectacle-de-loic-roso-le-jeudi-3-juillet","status":"publish","type":"post","link":"https:\/\/www.europesays.com\/fr\/204208\/","title":{"rendered":"Grenoble. Le spectacle de Lo\u00efc Roso le jeudi 3\u00a0juillet"},"content":{"rendered":"<p>Se poser des questions, c\u2019est bien. En rire, c\u2019est mieux\u00a0! Sans limite est un spectacle d\u2019humour o\u00f9 se m\u00e9langent des instants de v\u00e9cu et des personnages illumin\u00e9s, qui rient de leur propre absurdit\u00e9. Dans ses sketches, Lo\u00efc Roso propose d\u2019explorer avec humour ces fronti\u00e8res floues, dans des domaines vari\u00e9s\u00a0: la justice, la sant\u00e9, les \u00e9cureuils, le travail, la politique\u2026 Un univers dystopique pour questionner ses propres limites \u00e0 d\u00e9couvrir le jeudi 3\u00a0juillet \u00e0 Grenoble.<\/p>\n<p class=\"note\">Jeudi 3\u00a0juillet \u00e0 20\u00a0h\u00a030, \u00e0 La Basse Cour. Tarifs\u00a0: de 10 \u00e0 12\u00a0\u20ac.<\/p>\n","protected":false},"excerpt":{"rendered":"Se poser des questions, c\u2019est bien. En rire, c\u2019est mieux\u00a0! Sans limite est un spectacle d\u2019humour o\u00f9 se&hellip;\n","protected":false},"author":2,"featured_media":204209,"comment_status":"","ping_status":"","sticky":false,"template":"","format":"standard","meta":{"footnotes":""},"categories":[9566],"tags":[1111,11,2430,1687,112,1777,674,1011,27,2731,2732,108,12,25,3140],"class_list":{"0":"post-204208","1":"post","2":"type-post","3":"status-publish","4":"format-standard","5":"has-post-thumbnail","7":"category-grenoble","8":"tag-actu","9":"tag-actualites","10":"tag-auvergne-rhone-alpes","11":"tag-culture-loisirs","12":"tag-edition-grenoble-agglomeration","13":"tag-eu","14":"tag-europe","15":"tag-fr","16":"tag-france","17":"tag-grenoble","18":"tag-grenoble-bassin","19":"tag-isere","20":"tag-news","21":"tag-republique-francaise","22":"tag-spectacle"},"share_on_mastodon":{"url":"https:\/\/pubeurope.com\/@fr\/114746189710196307","error":""},"_links":{"self":[{"href":"https:\/\/www.europesays.com\/fr\/wp-json\/wp\/v2\/posts\/204208","targetHints":{"allow":["GET"]}}],"collection":[{"href":"https:\/\/www.europesays.com\/fr\/wp-json\/wp\/v2\/posts"}],"about":[{"href":"https:\/\/www.europesays.com\/fr\/wp-json\/wp\/v2\/types\/post"}],"author":[{"embeddable":true,"href":"https:\/\/www.europesays.com\/fr\/wp-json\/wp\/v2\/users\/2"}],"replies":[{"embeddable":true,"href":"https:\/\/www.europesays.com\/fr\/wp-json\/wp\/v2\/comments?post=204208"}],"version-history":[{"count":0,"href":"https:\/\/www.europesays.com\/fr\/wp-json\/wp\/v2\/posts\/204208\/revisions"}],"wp:featuredmedia":[{"embeddable":true,"href":"https:\/\/www.europesays.com\/fr\/wp-json\/wp\/v2\/media\/204209"}],"wp:attachment":[{"href":"https:\/\/www.europesays.com\/fr\/wp-json\/wp\/v2\/media?parent=204208"}],"wp:term":[{"taxonomy":"category","embeddable":true,"href":"https:\/\/www.europesays.com\/fr\/wp-json\/wp\/v2\/categories?post=204208"},{"taxonomy":"post_tag","embeddable":true,"href":"https:\/\/www.europesays.com\/fr\/wp-json\/wp\/v2\/tags?post=204208"}],"curies":[{"name":"wp","href":"https:\/\/api.w.org\/{rel}","templated":true}]}}